{"id":55865,"date":"2020-04-20T23:37:56","date_gmt":"2020-04-21T02:37:56","guid":{"rendered":"https:\/\/screamyell.com.br\/site\/?p=55865"},"modified":"2020-06-27T22:28:44","modified_gmt":"2020-06-28T01:28:44","slug":"tres-perguntas-o-paraense-reiner-fala-sobre-saudade","status":"publish","type":"post","link":"https:\/\/screamyell.com.br\/site\/2020\/04\/20\/tres-perguntas-o-paraense-reiner-fala-sobre-saudade\/","title":{"rendered":"Tr\u00eas perguntas: o paraense Reiner fala sobre \u201cSaudade\u201d"},"content":{"rendered":"<h2 style=\"text-align: center;\"><strong>entrevista por <a href=\"https:\/\/www.facebook.com\/renan.machadoguerra\" target=\"_blank\" rel=\"noopener noreferrer\">Renan Guerra<\/a><\/strong><\/h2>\n<p style=\"text-align: justify;\">Reiner est\u00e1 sempre em movimento, em busca de novos cen\u00e1rios e novas possibilidades. Com 24 anos, ele j\u00e1 traz em sua bagagem um disco chamado \u201c<a href=\"https:\/\/open.spotify.com\/album\/3ledJPSTySk70hHu4YiHLF\" target=\"_blank\" rel=\"noopener noreferrer\">In The Sun<\/a>\u201d (2018), um EP e diferentes singles, inclusive ao lado de nomes como <a href=\"https:\/\/screamyell.com.br\/site\/2016\/10\/18\/entrevista-sammliz\/\" target=\"_blank\" rel=\"noopener noreferrer\">Sammliz<\/a> e <a href=\"https:\/\/screamyell.com.br\/site\/2017\/09\/14\/entrevista-arthur-nogueira\/\" target=\"_blank\" rel=\"noopener noreferrer\">Arthur Nogueira<\/a> &#8211; dois artistas fundamentais da cena contempor\u00e2nea paraense. Passeando entre o pop, o rap e a m\u00fasica eletr\u00f4nica, Reiner lan\u00e7ou recentemente \u201c<a href=\"https:\/\/open.spotify.com\/album\/5tNIeHBfODDeZIqYZt1A4V\" target=\"_blank\" rel=\"noopener noreferrer\">Saudade<\/a>\u201d, ao lado do rapper Daniel ADR e da cantora Emischramm.<\/p>\n<p style=\"text-align: justify;\">Desta vez, ele se aventurou na produ\u00e7\u00e3o do single, que busca beber no universo de rappers gringos, por\u00e9m a can\u00e7\u00e3o se fortalece no encontro dos tr\u00eas artistas: Daniel ADR tem 21 anos e nasceu na periferia de Bel\u00e9m, tendo participado de diferentes grupos de rap, mesmo em sua curta carreira; j\u00e1 Emischramm \u00e9 uma cearense de 24 anos, que possui um EP lan\u00e7ado em 2014 e v\u00e1rias parcerias com compositores como Arquelano e Pratagy. Os tr\u00eas nomes encontram em \u201cSaudade\u201d uma esp\u00e9cie de conex\u00e3o entre essa juventude do Norte e Nordeste, buscando outras pot\u00eancias.<\/p>\n<p style=\"text-align: justify;\">A faixa ganhou um clipe especial, assinado por Denys Cachalote e Emischramm, com roteiro de Daniel ADR, que conta com imagens de carnaval, conforme eles afirmam, \u201ctrazendo a melancolia de quando se podia trafegar nas ruas da cidade sem nos preocupar com a sa\u00fade\u201d. Reiner \u00e9 nome a se atentar l\u00e1 pelas bandas do Par\u00e1 e por isso mesmo vale a audi\u00e7\u00e3o atenta. Para ir mais al\u00e9m, o jovem m\u00fasico respondeu \u00e0s tr\u00eas perguntas do Scream &amp; Yell e voc\u00ea confere o papo abaixo:<\/p>\n<p><iframe loading=\"lazy\" title=\"Daniel ADR, Reiner &quot;Saudade&quot; ft. Emischramm [Official Music Video]\" width=\"747\" height=\"420\" src=\"https:\/\/www.youtube.com\/embed\/HPA7knu-q8c?feature=oembed\" frameborder=\"0\" allow=\"accelerometer; autoplay; encrypted-media; gyroscope; picture-in-picture\" allowfullscreen><\/iframe><\/p>\n<p style=\"text-align: justify;\"><strong>Apesar de voc\u00ea assinar seu trabalho de forma solo, a constru\u00e7\u00e3o coletiva \u00e9 muito importante para a sua cria\u00e7\u00e3o. Desde o ano passado, foram diferentes colabora\u00e7\u00f5es. Como essa troca funciona para voc\u00ea?<\/strong><br \/>\nAcho que o meu processo \u00e9 muito solit\u00e1rio e n\u00e3o reclamo, foi o que quis pro meu trabalho, mas eu tenho escolhido pessoas que admiro pra trabalhar comigo, acho isso muito importante. Tenho me desafiado a trazer essas pessoas e fazer um trabalho que sempre tente unir os mundos das colabora\u00e7\u00f5es ao meu. A troca entre os meus parceiros sempre \u00e9 baseado nas minhas limita\u00e7\u00f5es, acho que um bom compositor \u00e9 a pessoa que sabe muito bem das suas limita\u00e7\u00f5es e n\u00e3o tenta inventar nada novo. Se quer algo novo, \u00e9 com base em muito estudo e trocas com outros compositores. Ent\u00e3o acho que sempre tenho um pouco dos dois, estudo muito e realizo parcerias, \u00e9 uma forma de estender os meus limites de artista\/compositor. Tudo \u00e9 aprendizado n\u00e9?<\/p>\n<p style=\"text-align: justify;\"><strong>Voc\u00ea e o Danie ADR s\u00e3o do Par\u00e1, j\u00e1 a Emischramm \u00e9 do Cear\u00e1. Como se deu esse encontro e como foi a produ\u00e7\u00e3o desse single (que ali\u00e1s \u00e9 uma produ\u00e7\u00e3o sua)?<\/strong><br \/>\nA Emischramm veio tocar no (festival) Se Rasgum junto com a banda do Pratagy, nos conhecemos e acabei revelando pra ela que tava gravando uma m\u00fasica, mas n\u00e3o sabia muito bem o que ela ia ser, mostrei a m\u00fasica e 5 minutos depois ela mandou a parte dela com letra e tudo. Depois fomos conversando virtualmente &#8211; j\u00e1 que ela teve que voltar pra Fortaleza &#8211; e consegui deixar a m\u00fasica at\u00e9 melhor do que imaginava, a pot\u00eancia vocal da Emi \u00e9 incr\u00edvel. O Daniel \u00e9 um rapper aqui de Bel\u00e9m que admiro bastante, acho a l\u00edrica dele muito sens\u00edvel e j\u00e1 queria trabalhar com ele h\u00e1 algum tempo, ent\u00e3o resolvi cham\u00e1-lo pra gravar. A produ\u00e7\u00e3o foi bem tranquila, foi a primeira que dirigi MESMO. Meu grande desafio foi fazer a m\u00fasica soar da forma que queria. Me baseei muito em Tyler, the Creator e Baco Exu do Blues pra conseguir chegar na sonoridade que imaginava. O rap sempre moldou meu trabalho e essa foi uma oportunidade de mostrar isso de forma mais incisiva.<\/p>\n<p style=\"text-align: justify;\"><strong>Enquanto artista independente, como tem sido esse momento de quarentena? Como voc\u00ea percebe possibilidades e consequ\u00eancias desse momento que vivemos em nosso futuro?<\/strong><br \/>\nEu vejo que a quarentena veio num momento crucial pra mim, me prejudicando de uma forma assustadora. Os shows de lan\u00e7amento das coisas que tenho pra lan\u00e7ar, todos foram cancelados. \u00c9 assustador j\u00e1 que dependemos da m\u00fasica ao vivo pra fazer nosso som chegar em mais lugares e conseguir algum trocado pra fazer coisas legais. Apesar disso, vejo que existe um mundo gigante de performances remotas dentro das lives dispon\u00edveis nas redes sociais, acho que \u00e9 um momento pra trabalharmos com o que temos e explorar ao m\u00e1ximo essas ferramentas pra que ainda sim consigamos fazer com que nosso som chegue em mais lugares.<\/p>\n<p><iframe loading=\"lazy\" title=\"\ud83d\udd34 V\u00cdCIO - REINER FEAT SAMMLIZ\" width=\"747\" height=\"420\" src=\"https:\/\/www.youtube.com\/embed\/zYgY53uU5I0?feature=oembed\" frameborder=\"0\" allow=\"accelerometer; autoplay; clipboard-write; encrypted-media; gyroscope; picture-in-picture; web-share\" referrerpolicy=\"strict-origin-when-cross-origin\" allowfullscreen><\/iframe><\/p>\n<p><iframe loading=\"lazy\" title=\"\ud83d\udd34 POR ACASO SOB O SOL - REINER FEAT ARTHUR NOGUEIRA\" width=\"747\" height=\"420\" src=\"https:\/\/www.youtube.com\/embed\/r3Vquc4WPJ0?feature=oembed\" frameborder=\"0\" allow=\"accelerometer; autoplay; clipboard-write; encrypted-media; gyroscope; picture-in-picture; web-share\" referrerpolicy=\"strict-origin-when-cross-origin\" allowfullscreen><\/iframe><\/p>\n<p><iframe loading=\"lazy\" title=\"Pra Te Ver Passar - Reiner &amp; Raidol\" width=\"747\" height=\"420\" src=\"https:\/\/www.youtube.com\/embed\/cW4snk5PtA4?feature=oembed\" frameborder=\"0\" allow=\"accelerometer; autoplay; encrypted-media; gyroscope; picture-in-picture\" allowfullscreen><\/iframe><\/p>\n<p style=\"text-align: justify;\">\u2013\u00a0<a href=\"https:\/\/www.facebook.com\/renan.machadoguerra\" target=\"_blank\" rel=\"noopener noreferrer\">Renan Guerra<\/a>\u00a0\u00e9 jornalista e escreve para o Scream &amp; Yell desde 2014. Tamb\u00e9m colabora com o\u00a0<a href=\"https:\/\/monkeybuzz.com.br\/\" target=\"_blank\" rel=\"noopener noreferrer\">Monkeybuzz.<\/a><\/p>\n","protected":false},"excerpt":{"rendered":"Reiner est\u00e1 sempre em movimento, em busca de novos cen\u00e1rios e novas possibilidades. Com 24 anos, ele j\u00e1 traz em sua bagagem um disco chamado \u201cIn The Sun\u201d (2018), um EP e diferentes singles, inclusive ao lado de nomes como Sammliz e Arthur Nogueira, e agora um novo single ao lado do rapper Daniel ADR e da cantora Emischramm.\n<a class=\"moretag\" href=\"https:\/\/screamyell.com.br\/site\/2020\/04\/20\/tres-perguntas-o-paraense-reiner-fala-sobre-saudade\/\"> [...]<\/a>","protected":false},"author":3,"featured_media":55866,"comment_status":"open","ping_status":"open","sticky":false,"template":"","format":"standard","meta":[],"categories":[3],"tags":[4346],"_links":{"self":[{"href":"https:\/\/screamyell.com.br\/site\/wp-json\/wp\/v2\/posts\/55865"}],"collection":[{"href":"https:\/\/screamyell.com.br\/site\/wp-json\/wp\/v2\/posts"}],"about":[{"href":"https:\/\/screamyell.com.br\/site\/wp-json\/wp\/v2\/types\/post"}],"author":[{"embeddable":true,"href":"https:\/\/screamyell.com.br\/site\/wp-json\/wp\/v2\/users\/3"}],"replies":[{"embeddable":true,"href":"https:\/\/screamyell.com.br\/site\/wp-json\/wp\/v2\/comments?post=55865"}],"version-history":[{"count":1,"href":"https:\/\/screamyell.com.br\/site\/wp-json\/wp\/v2\/posts\/55865\/revisions"}],"predecessor-version":[{"id":55867,"href":"https:\/\/screamyell.com.br\/site\/wp-json\/wp\/v2\/posts\/55865\/revisions\/55867"}],"wp:featuredmedia":[{"embeddable":true,"href":"https:\/\/screamyell.com.br\/site\/wp-json\/wp\/v2\/media\/55866"}],"wp:attachment":[{"href":"https:\/\/screamyell.com.br\/site\/wp-json\/wp\/v2\/media?parent=55865"}],"wp:term":[{"taxonomy":"category","embeddable":true,"href":"https:\/\/screamyell.com.br\/site\/wp-json\/wp\/v2\/categories?post=55865"},{"taxonomy":"post_tag","embeddable":true,"href":"https:\/\/screamyell.com.br\/site\/wp-json\/wp\/v2\/tags?post=55865"}],"curies":[{"name":"wp","href":"https:\/\/api.w.org\/{rel}","templated":true}]}}