{"id":54783,"date":"2020-02-12T23:56:02","date_gmt":"2020-02-13T02:56:02","guid":{"rendered":"https:\/\/screamyell.com.br\/site\/?p=54783"},"modified":"2020-04-07T02:58:19","modified_gmt":"2020-04-07T05:58:19","slug":"gilberto-gil-margareth-menezes-luedji-luna-e-afrocidade-exaltam-negritude-em-salvador","status":"publish","type":"post","link":"https:\/\/screamyell.com.br\/site\/2020\/02\/12\/gilberto-gil-margareth-menezes-luedji-luna-e-afrocidade-exaltam-negritude-em-salvador\/","title":{"rendered":"Gilberto Gil, Margareth Menezes, Luedji Luna e Afrocidade exaltam  negritude em Salvador"},"content":{"rendered":"<h2 style=\"text-align: center;\"><strong>Texto e fotos por\u00a0<a href=\"https:\/\/www.facebook.com\/onelsonoliveira\" target=\"_blank\" rel=\"noopener noreferrer\">Nelson Oliveira<\/a><\/strong><\/h2>\n<p style=\"text-align: justify;\">O c\u00e2none, o popular e a novidade raramente encontram pontos de interse\u00e7\u00e3o na arte. Em Salvador isso \u00e9 poss\u00edvel, ou ao menos foi no \u00faltimo fim de semana, nos dias 7 e 8 de fevereiro. Gilberto Gil (o c\u00e2none), Margareth Menezes (o popular), Luedji Luna e Afrocidade (as novidades) exaltaram a pr\u00f3pria negritude, os blocos afro e as tradi\u00e7\u00f5es percussivas da Bahia em diferentes apresenta\u00e7\u00f5es na Concha Ac\u00fastica do Teatro Castro Alves.<\/p>\n<p style=\"text-align: justify;\">A abertura dos trabalhos ficou por conta de Gilberto Gil, que fez show solo na sexta-feira. O veterano da m\u00fasica popular brasileira levou \u00e0 capital baiana o espet\u00e1culo do \u00e1lbum \u201cOk Ok Ok\u201d, seu primeiro disco com can\u00e7\u00f5es in\u00e9ditas em oito anos. E o Gil que gravou em homenagem \u00e0 ajuda de seus familiares e dos m\u00e9dicos que cuidaram de problemas de sa\u00fade que lhe acometeram nos \u00faltimos estava revigorado.<\/p>\n<p><img decoding=\"async\" loading=\"lazy\" class=\"alignnone size-full wp-image-54785\" src=\"https:\/\/screamyell.com.br\/site\/wp-content\/uploads\/2020\/02\/gil1.jpg\" alt=\"\" width=\"750\" height=\"440\" srcset=\"https:\/\/screamyell.com.br\/site\/wp-content\/uploads\/2020\/02\/gil1.jpg 750w, https:\/\/screamyell.com.br\/site\/wp-content\/uploads\/2020\/02\/gil1-300x176.jpg 300w\" sizes=\"(max-width: 750px) 100vw, 750px\" \/><\/p>\n<p style=\"text-align: justify;\">En\u00e9rgico e confort\u00e1vel na Concha Ac\u00fastica, que fica a poucos metros de sua casa, o cantor dominava o palco como uma celebra\u00e7\u00e3o em fam\u00edlia. Afinal, seus filhos Nara (backing vocals), Bem (guitarra e voz) e Jos\u00e9 (bateria e percuss\u00e3o) fazem parte de sua banda e at\u00e9 mesmo o neto Dom chegou a deixar a coxia para se juntar \u00e0 farra, no fim do show. Tudo em sintonia com can\u00e7\u00f5es como as carinhosas \u201cSereno\u201d e \u201cKalil\u201d, a suingada \u201cNa Real\u201d e a pac\u00edfica \u201cAfogamento\u201d, gravada com Roberta S\u00e1.<\/p>\n<p style=\"text-align: justify;\">Al\u00e9m de faixas-chave de seu \u00faltimo \u00e1lbum, Gilberto Gil obviamente recorreu \u00e0 vastid\u00e3o de cl\u00e1ssicos em seu repert\u00f3rio e cantou \u201cMargin\u00e1lia II\u201d, \u201cExtra\u201d e \u201cMaracatu At\u00f4mico\u201d. Tamb\u00e9m houve espa\u00e7o para \u201cIl\u00ea Aiy\u00ea\u201d, de Paulinho Camafeu, no momento mais pol\u00edtico do show. O ex-ministro da Cultura fez um longo discurso sobre a import\u00e2ncia de pol\u00edticas afirmativas, como o sistema de cotas nas universidades p\u00fablicas, levantou questionamentos sobre o lugar dos negros na sociedade brasileira e exaltou os blocos afro. Gil tamb\u00e9m homenageou o Olodum com \u201cNossa Gente (Avisa L\u00e1)\u201d.<\/p>\n<p><img decoding=\"async\" loading=\"lazy\" class=\"alignnone size-full wp-image-54786\" src=\"https:\/\/screamyell.com.br\/site\/wp-content\/uploads\/2020\/02\/gil2.jpg\" alt=\"\" width=\"750\" height=\"440\" srcset=\"https:\/\/screamyell.com.br\/site\/wp-content\/uploads\/2020\/02\/gil2.jpg 750w, https:\/\/screamyell.com.br\/site\/wp-content\/uploads\/2020\/02\/gil2-300x176.jpg 300w\" sizes=\"(max-width: 750px) 100vw, 750px\" \/><\/p>\n<p style=\"text-align: justify;\">Os tambores e refr\u00f5es do Olodum tamb\u00e9m ecoaram no s\u00e1bado, no projeto Concha Negra. \u00c9 que o anfiteatro acolheu Margareth Menezes, cantora que popularizou \u201cFara\u00f3 (Divindade do Egito)\u201d, um dos maiores hinos do bloco. Maga era a anfitri\u00e3 do show \u201cAfropop\u201d, no qual recebeu Luedji Luna e Afrocidade como convidados. As tr\u00eas atra\u00e7\u00f5es (e os m\u00fasicos de Margareth e Afrocidade, que acompanhavam Luedji) se revezavam no palco, mas tamb\u00e9m se apresentavam juntas.<\/p>\n<p style=\"text-align: justify;\">A aproxima\u00e7\u00e3o de Margareth Menezes a artistas das safras mais recentes da Bahia foi uma decis\u00e3o acertada para o rumo de sua carreira. Algumas das mais recentes movimenta\u00e7\u00f5es da veterana da ax\u00e9 music e do samba reggae inclu\u00edram participa\u00e7\u00e3o em \u201cCapim Guin\u00e9\u201d, hit do BaianaSystem, a parceria com Larissa Luz na grava\u00e7\u00e3o de \u201cCapoeira Mundial\u201d (can\u00e7\u00e3o do \u00e1lbum \u201cAut\u00eantica\u201d, de 2019) e os convites a estes nomes para apresenta\u00e7\u00f5es no Mercado Ia\u00f4, espa\u00e7o cultural que a cantora mant\u00e9m no bairro da Ribeira.<\/p>\n<p><img decoding=\"async\" loading=\"lazy\" class=\"alignnone size-full wp-image-54788\" src=\"https:\/\/screamyell.com.br\/site\/wp-content\/uploads\/2020\/02\/margareth2.jpg\" alt=\"\" width=\"750\" height=\"440\" srcset=\"https:\/\/screamyell.com.br\/site\/wp-content\/uploads\/2020\/02\/margareth2.jpg 750w, https:\/\/screamyell.com.br\/site\/wp-content\/uploads\/2020\/02\/margareth2-300x176.jpg 300w\" sizes=\"(max-width: 750px) 100vw, 750px\" \/><\/p>\n<p style=\"text-align: justify;\">O show do fim de semana foi um dos momentos mais importantes para a consolida\u00e7\u00e3o de uma guinada na carreira de Margareth, seja pela renova\u00e7\u00e3o de seu repert\u00f3rio, seja pela emers\u00e3o de uma cantora ainda mais empoderada e consciente de sua posi\u00e7\u00e3o de mulher negra que \u2013 ainda hoje, mesmo diante de tudo o que j\u00e1 produziu \u2013 precisa batalhar com os tubar\u00f5es por seu espa\u00e7o na ind\u00fastria. Os posicionamentos pol\u00edticos de Maga est\u00e3o cada vez expl\u00edcitos e cantar ao lado de Afrocidade, que denuncia um certo \u201ccapit\u00e3o fascista\u201d, e Luedji Luna, que pergunta \u201cquem vai contar os corpos?\u201d, n\u00e3o \u00e9 mera ret\u00f3rica.<\/p>\n<p><img decoding=\"async\" loading=\"lazy\" class=\"alignnone size-full wp-image-54790\" src=\"https:\/\/screamyell.com.br\/site\/wp-content\/uploads\/2020\/02\/luedji2.jpg\" alt=\"\" width=\"750\" height=\"440\" srcset=\"https:\/\/screamyell.com.br\/site\/wp-content\/uploads\/2020\/02\/luedji2.jpg 750w, https:\/\/screamyell.com.br\/site\/wp-content\/uploads\/2020\/02\/luedji2-300x176.jpg 300w\" sizes=\"(max-width: 750px) 100vw, 750px\" \/><\/p>\n<p style=\"text-align: justify;\">Chamou bastante aten\u00e7\u00e3o o fato de Maga ter cantado \u201cCapim Guin\u00e9\u201d sozinha e ainda ter emendado \u201cAfricaniei\u201d, can\u00e7\u00e3o de Majur, que se destaca entre os jovens nomes da Bahia \u2013 Margareth Menezes e seu vozeir\u00e3o deram bastante peso a uma composi\u00e7\u00e3o que j\u00e1 tem for\u00e7a pr\u00f3pria. Em seu repert\u00f3rio, a cantora de 57 anos manteve seus maiores sucessos, como \u201cDandalunda\u201d e a j\u00e1 citada \u201cFara\u00f3\u201d, mas tamb\u00e9m resgatou p\u00e9rolas de Lazzo Matumbi, como \u201cAlegria da Cidade\u201d (j\u00e1 gravada por ela em \u201cElegib\u00f4\u201d, \u00e1lbum de 1990) e \u201cDo Jeito Que Seu Nego Gosta\u201d. Nesta \u00faltima, cantou juntamente a Luedji Luna e MCDO, do Afrocidade.<\/p>\n<p><img decoding=\"async\" loading=\"lazy\" class=\"alignnone size-full wp-image-54789\" src=\"https:\/\/screamyell.com.br\/site\/wp-content\/uploads\/2020\/02\/luedji1.jpg\" alt=\"\" width=\"750\" height=\"440\" srcset=\"https:\/\/screamyell.com.br\/site\/wp-content\/uploads\/2020\/02\/luedji1.jpg 750w, https:\/\/screamyell.com.br\/site\/wp-content\/uploads\/2020\/02\/luedji1-300x176.jpg 300w\" sizes=\"(max-width: 750px) 100vw, 750px\" \/><\/p>\n<p style=\"text-align: justify;\">A forma repaginada de Margareth Menezes se destacou no \u00faltimo s\u00e1bado, mas \u00e9 necess\u00e1rio frisar tamb\u00e9m como os duetos entre Afrocidade e Luedji Luna foram quase simbi\u00f3ticos. J\u00e1 se imaginava que a parceria funcionasse na quebradeira de \u201cT\u00f4 Te Querendo\u201d, um dos grandes hits do ver\u00e3o soteropolitano, mas a vers\u00e3o arrocha para \u201cBanho de Folhas\u201d surpreendeu e fez crer que uma eventual regrava\u00e7\u00e3o seria um sucesso. Quem sabe Margareth n\u00e3o aproveita o embalo e junta a turma novamente, dessa vez em est\u00fadio?<\/p>\n<p><img decoding=\"async\" loading=\"lazy\" class=\"alignnone size-full wp-image-54787\" src=\"https:\/\/screamyell.com.br\/site\/wp-content\/uploads\/2020\/02\/afrocidade.jpg\" alt=\"\" width=\"750\" height=\"440\" srcset=\"https:\/\/screamyell.com.br\/site\/wp-content\/uploads\/2020\/02\/afrocidade.jpg 750w, https:\/\/screamyell.com.br\/site\/wp-content\/uploads\/2020\/02\/afrocidade-300x176.jpg 300w\" sizes=\"(max-width: 750px) 100vw, 750px\" \/><\/p>\n<p style=\"text-align: justify;\"><em>\u2013\u00a0<a href=\"https:\/\/www.facebook.com\/onelsonoliveira\" target=\"_blank\" rel=\"noopener noreferrer\">Nelson Oliveira<\/a>\u00a0\u00e9 graduado pela Faculdade de Comunica\u00e7\u00e3o da Universidade Federal da Bahia, atua como jornalista e fot\u00f3grafo, sobretudo nas \u00e1reas de esporte, cultura e comportamento. \u00c9 diretor e editor-chefe da Calciop\u00e9dia, site especializado em futebol italiano. Foi correspondente de Esportes para o Terra em Salvador e j\u00e1 frilou para Trivela e VICE.\u00a0<\/em><\/p>\n\n\n<p><\/p>\n","protected":false},"excerpt":{"rendered":"En\u00e9rgico e confort\u00e1vel na Concha Ac\u00fastica, Gil promove uma celebra\u00e7\u00e3o em fam\u00edlia em Salvador; Margareth Menezes segue em sua festejada aproxima\u00e7\u00e3o com a nova gera\u00e7\u00e3o em show que contou com participa\u00e7\u00f5es de Luedji Luna e Afrocidade\n<a class=\"moretag\" href=\"https:\/\/screamyell.com.br\/site\/2020\/02\/12\/gilberto-gil-margareth-menezes-luedji-luna-e-afrocidade-exaltam-negritude-em-salvador\/\"> [...]<\/a>","protected":false},"author":79,"featured_media":54791,"comment_status":"open","ping_status":"open","sticky":false,"template":"","format":"standard","meta":[],"categories":[3],"tags":[4003,4249,1197,1597,2335],"_links":{"self":[{"href":"https:\/\/screamyell.com.br\/site\/wp-json\/wp\/v2\/posts\/54783"}],"collection":[{"href":"https:\/\/screamyell.com.br\/site\/wp-json\/wp\/v2\/posts"}],"about":[{"href":"https:\/\/screamyell.com.br\/site\/wp-json\/wp\/v2\/types\/post"}],"author":[{"embeddable":true,"href":"https:\/\/screamyell.com.br\/site\/wp-json\/wp\/v2\/users\/79"}],"replies":[{"embeddable":true,"href":"https:\/\/screamyell.com.br\/site\/wp-json\/wp\/v2\/comments?post=54783"}],"version-history":[{"count":4,"href":"https:\/\/screamyell.com.br\/site\/wp-json\/wp\/v2\/posts\/54783\/revisions"}],"predecessor-version":[{"id":54796,"href":"https:\/\/screamyell.com.br\/site\/wp-json\/wp\/v2\/posts\/54783\/revisions\/54796"}],"wp:featuredmedia":[{"embeddable":true,"href":"https:\/\/screamyell.com.br\/site\/wp-json\/wp\/v2\/media\/54791"}],"wp:attachment":[{"href":"https:\/\/screamyell.com.br\/site\/wp-json\/wp\/v2\/media?parent=54783"}],"wp:term":[{"taxonomy":"category","embeddable":true,"href":"https:\/\/screamyell.com.br\/site\/wp-json\/wp\/v2\/categories?post=54783"},{"taxonomy":"post_tag","embeddable":true,"href":"https:\/\/screamyell.com.br\/site\/wp-json\/wp\/v2\/tags?post=54783"}],"curies":[{"name":"wp","href":"https:\/\/api.w.org\/{rel}","templated":true}]}}