{"id":51859,"date":"2019-06-04T08:34:01","date_gmt":"2019-06-04T11:34:01","guid":{"rendered":"https:\/\/screamyell.com.br\/site\/?p=51859"},"modified":"2019-07-04T18:35:15","modified_gmt":"2019-07-04T21:35:15","slug":"ao-vivo-luedji-luna-e-dj-nyack-no-sesc-pompeia","status":"publish","type":"post","link":"https:\/\/screamyell.com.br\/site\/2019\/06\/04\/ao-vivo-luedji-luna-e-dj-nyack-no-sesc-pompeia\/","title":{"rendered":"Ao vivo: Luedji Luna e DJ Nyack, no Sesc Pompeia"},"content":{"rendered":"<h2 style=\"text-align: center;\"><strong>Texto por\u00a0<a href=\"https:\/\/www.facebook.com\/renan.machadoguerra\" target=\"_blank\" rel=\"noopener noreferrer\">Renan Guerra<\/a><br \/>\nFotos por\u00a0<a href=\"https:\/\/www.facebook.com\/pg\/fernandoyokotafotografia\" target=\"_blank\" rel=\"noopener noreferrer\">Fernando Yokota<\/a><\/strong><\/h2>\n<p style=\"text-align: justify;\">Luedji Luna vem construindo uma carreira e um p\u00fablico bastante s\u00f3lidos nos \u00faltimos anos. A cantora baiana, radicada em S\u00e3o Paulo, n\u00e3o se tornou o hype de uma esta\u00e7\u00e3o nem nada disso, ela foi galgando seus passos de forma calma e dando tempo ao tempo: em 2017 lan\u00e7ou seu disco de estreia \u201cUm Corpo no Mundo\u201d, produzido atrav\u00e9s de um financiamento coletivo. De l\u00e1 pra c\u00e1, ela conquistou um p\u00fablico amplo e um respeito de seus pares \u2013 Linn da Quebrada e Letrux, por exemplo, s\u00e3o assumidamente f\u00e3s. Al\u00e9m disso, Luedji tocou nos mais diversos palcos e tem colocado seu nome em alguns dos mais importantes festivais nacionais \u2013 est\u00e1 inclusive escalada para o Popload Festival de 2019, onde tocar\u00e1 ao lado do Il\u00ea Ayi\u00ea, e anunciou <a href=\"https:\/\/twitter.com\/screamyell\/status\/1135613132976664577\" target=\"_blank\" rel=\"noopener noreferrer\">sua primeira turn\u00ea internacional<\/a> com shows no Canad\u00e1, Holanda, Alemanha e Portugal.<\/p>\n<p><img decoding=\"async\" loading=\"lazy\" class=\"alignnone size-full wp-image-51865\" src=\"https:\/\/screamyell.com.br\/site\/wp-content\/uploads\/2019\/06\/2019-06-01-Luedji-Luna-2048-2048-P6010445.jpg\" alt=\"\" width=\"750\" height=\"527\" srcset=\"https:\/\/screamyell.com.br\/site\/wp-content\/uploads\/2019\/06\/2019-06-01-Luedji-Luna-2048-2048-P6010445.jpg 750w, https:\/\/screamyell.com.br\/site\/wp-content\/uploads\/2019\/06\/2019-06-01-Luedji-Luna-2048-2048-P6010445-300x211.jpg 300w, https:\/\/screamyell.com.br\/site\/wp-content\/uploads\/2019\/06\/2019-06-01-Luedji-Luna-2048-2048-P6010445-120x85.jpg 120w\" sizes=\"(max-width: 750px) 100vw, 750px\" \/><\/p>\n<p style=\"text-align: justify;\">Artista atrelada muito fortemente \u00e0 MPB e aos instrumentos ac\u00fasticos, Luedji come\u00e7ou a explorar os ritmos eletr\u00f4nicos no ano passado, ao lado de DJ Nyack, quando os dois lan\u00e7aram um remix de \u201cBanho de Folhas\u201d, acompanhados do rapper ga\u00facho Zudizilla. Essa parceria foi start para o que se tornaria o EP \u201cMundo\u201d, lan\u00e7ado recentemente nas plataformas digitais e que conta com participa\u00e7\u00f5es diversas de gente como T\u00e1ssia Reis, Djonga e Rincon Sapi\u00eancia. \u00c9 esse novo projeto que foi apresentado no palco da Comedoria do Sesc Pompeia, em dois shows esgotados no primeiro final de semana de junho.<\/p>\n<figure id=\"attachment_51861\" aria-describedby=\"caption-attachment-51861\" style=\"width: 750px\" class=\"wp-caption aligncenter\"><img decoding=\"async\" loading=\"lazy\" class=\"wp-image-51861 size-full\" src=\"https:\/\/screamyell.com.br\/site\/wp-content\/uploads\/2019\/06\/2019-06-01-Luedji-Luna-2048-2048-P6010061.jpg\" alt=\"\" width=\"750\" height=\"563\" srcset=\"https:\/\/screamyell.com.br\/site\/wp-content\/uploads\/2019\/06\/2019-06-01-Luedji-Luna-2048-2048-P6010061.jpg 750w, https:\/\/screamyell.com.br\/site\/wp-content\/uploads\/2019\/06\/2019-06-01-Luedji-Luna-2048-2048-P6010061-300x225.jpg 300w\" sizes=\"(max-width: 750px) 100vw, 750px\" \/><figcaption id=\"caption-attachment-51861\" class=\"wp-caption-text\"><em>DJ Nyack<\/em><\/figcaption><\/figure>\n<p style=\"text-align: justify;\">Na atividade desde 2003 e parceiro de primeira hora de Emicida, com quem trabalha junto desde 2008, DJ Nyack \u00e9 figura fundamental para o rap e para a m\u00fasica negra feita em S\u00e3o Paulo nos \u00faltimos muitos anos, por isso sua uni\u00e3o com Luedji a aproxima ainda mais do rap e traz contornos novos \u00e0 sonoridade de ambos: em \u201cMundo\u201d as can\u00e7\u00f5es de Luedji s\u00e3o refeitas sob uma \u00f3tica mais eletr\u00f4nica, que remete ao rap, mas que flerta com g\u00eaneros diversos como o neo soul, o trip hop e a IDM. No palco, os dois juntos fizeram um grande baile black no Sesc, com direito a participa\u00e7\u00e3o de T\u00e1ssia Reis, Rincon Sapi\u00eancia, Zudizilla, Stefanie e o norte-americano Moe Mocks.<\/p>\n<figure id=\"attachment_51863\" aria-describedby=\"caption-attachment-51863\" style=\"width: 750px\" class=\"wp-caption aligncenter\"><img decoding=\"async\" loading=\"lazy\" class=\"wp-image-51863 size-full\" src=\"https:\/\/screamyell.com.br\/site\/wp-content\/uploads\/2019\/06\/2019-06-01-Luedji-Luna-2048-2048-P6010421.jpg\" alt=\"\" width=\"750\" height=\"563\" srcset=\"https:\/\/screamyell.com.br\/site\/wp-content\/uploads\/2019\/06\/2019-06-01-Luedji-Luna-2048-2048-P6010421.jpg 750w, https:\/\/screamyell.com.br\/site\/wp-content\/uploads\/2019\/06\/2019-06-01-Luedji-Luna-2048-2048-P6010421-300x225.jpg 300w\" sizes=\"(max-width: 750px) 100vw, 750px\" \/><figcaption id=\"caption-attachment-51863\" class=\"wp-caption-text\"><em>Rincon Sapi\u00eancia<\/em><\/figcaption><\/figure>\n<p style=\"text-align: justify;\">Luedji passou pelas cinco faixas do EP, contando com a participa\u00e7\u00e3o ao vivo dos convidados, por\u00e9m tamb\u00e9m abriu espa\u00e7o para que cada um deles cantasse alguma de suas can\u00e7\u00f5es, em momentos em que a cantora ficava apenas curtindo no palco ou servindo de backing vocal. Simb\u00f3licos estes momentos em que ela chamava esses artistas ao palco e os apresentava com um carinho e uma admira\u00e7\u00e3o ineg\u00e1veis. \u00c9 extremamente inspirador ver que esse projeto de Luedji e Nyack conseguiu congregar tantos artistas em seu entorno e, mais que isso, os dois se preocuparam em criar um encontro raro, em que todos os artistas presentes se divertiam no palco juntos.<\/p>\n<figure id=\"attachment_51866\" aria-describedby=\"caption-attachment-51866\" style=\"width: 750px\" class=\"wp-caption aligncenter\"><img decoding=\"async\" loading=\"lazy\" class=\"size-full wp-image-51866\" src=\"https:\/\/screamyell.com.br\/site\/wp-content\/uploads\/2019\/06\/2019-06-01-Luedji-Luna-2048-2048-P6010105.jpg\" alt=\"\" width=\"750\" height=\"539\" srcset=\"https:\/\/screamyell.com.br\/site\/wp-content\/uploads\/2019\/06\/2019-06-01-Luedji-Luna-2048-2048-P6010105.jpg 750w, https:\/\/screamyell.com.br\/site\/wp-content\/uploads\/2019\/06\/2019-06-01-Luedji-Luna-2048-2048-P6010105-300x216.jpg 300w, https:\/\/screamyell.com.br\/site\/wp-content\/uploads\/2019\/06\/2019-06-01-Luedji-Luna-2048-2048-P6010105-120x85.jpg 120w\" sizes=\"(max-width: 750px) 100vw, 750px\" \/><figcaption id=\"caption-attachment-51866\" class=\"wp-caption-text\"><em>Stefanie<\/em><\/figcaption><\/figure>\n<p style=\"text-align: justify;\">A poesia de Luedji funciona de forma perfeita ao lado das batidas eletr\u00f4nicas, tanto que ganha contornos classudos em faixas com \u201cAcalanto\u201d ou \u201cDentro Ali\u201d, mas tamb\u00e9m conversam de forma singular com o rap nos versos fortes e dolorosos de \u201cCab\u00f4\u201d, por exemplo. Quando ela declama \u201cIodo + Now Fr\u00e1gil\u201d, o momento forte se torna \u00fanico: o texto violento e de resist\u00eancia se torna quase um mantra com a batida eletr\u00f4nica. Luedji e Nyack ainda apresentaram uma nova vers\u00e3o de \u201cDentro Ali\u201d, em parceria com Moe Mocks, produzida durante um encontro entre eles no SXSW, em Austin, nos EUA; essa nova vers\u00e3o \u00e9 o coroamento dessa nova fase de Luedji, flertando com a m\u00fasica eletr\u00f4nica da melhor forma.<\/p>\n<figure id=\"attachment_51862\" aria-describedby=\"caption-attachment-51862\" style=\"width: 750px\" class=\"wp-caption alignnone\"><img decoding=\"async\" loading=\"lazy\" class=\"wp-image-51862 size-full\" src=\"https:\/\/screamyell.com.br\/site\/wp-content\/uploads\/2019\/06\/2019-06-01-Luedji-Luna-2048-2048-P6010290.jpg\" alt=\"\" width=\"750\" height=\"563\" srcset=\"https:\/\/screamyell.com.br\/site\/wp-content\/uploads\/2019\/06\/2019-06-01-Luedji-Luna-2048-2048-P6010290.jpg 750w, https:\/\/screamyell.com.br\/site\/wp-content\/uploads\/2019\/06\/2019-06-01-Luedji-Luna-2048-2048-P6010290-300x225.jpg 300w\" sizes=\"(max-width: 750px) 100vw, 750px\" \/><figcaption id=\"caption-attachment-51862\" class=\"wp-caption-text\"><em>Luedji e T\u00e1ssia Reis<\/em><\/figcaption><\/figure>\n<p style=\"text-align: justify;\">No final do show, todos os convidados ficaram reunidos no palco, entoando versos diversos de suas can\u00e7\u00f5es enquanto Luedji e Nyack comandavam uma esp\u00e9cie de prega\u00e7\u00e3o laica, em que a m\u00fasica era o cerne. Nesse final, por exemplo, Luedji cantava o refr\u00e3o de \u201cReady or Not\u201d, do Fugees, enquanto os rappers soltavam suas rimas, num daqueles momentos especiais que mereciam ser registrados: sete artistas negros, de diferentes backgrounds, dominando um dos mais importantes palcos de S\u00e3o Paulo e apontando diferentes caminhos para o futuro da m\u00fasica e da cultura negra no pa\u00eds.<\/p>\n<figure id=\"attachment_51867\" aria-describedby=\"caption-attachment-51867\" style=\"width: 750px\" class=\"wp-caption alignnone\"><img decoding=\"async\" loading=\"lazy\" class=\"size-full wp-image-51867\" src=\"https:\/\/screamyell.com.br\/site\/wp-content\/uploads\/2019\/06\/2019-06-01-Luedji-Luna-2048-2048-P6010208.jpg\" alt=\"\" width=\"750\" height=\"527\" srcset=\"https:\/\/screamyell.com.br\/site\/wp-content\/uploads\/2019\/06\/2019-06-01-Luedji-Luna-2048-2048-P6010208.jpg 750w, https:\/\/screamyell.com.br\/site\/wp-content\/uploads\/2019\/06\/2019-06-01-Luedji-Luna-2048-2048-P6010208-300x211.jpg 300w, https:\/\/screamyell.com.br\/site\/wp-content\/uploads\/2019\/06\/2019-06-01-Luedji-Luna-2048-2048-P6010208-120x85.jpg 120w\" sizes=\"(max-width: 750px) 100vw, 750px\" \/><figcaption id=\"caption-attachment-51867\" class=\"wp-caption-text\"><em>Zudizilla<\/em><\/figcaption><\/figure>\n<p style=\"text-align: justify;\">O lan\u00e7amento ao vivo de \u201cMundo\u201d representa, claramente, o in\u00edcio de um novo momento na carreira de Luedji, em que ela parece aberta a explorar sua voz e seu canto em possibilidades novas. A MPB, o rap e a m\u00fasica eletr\u00f4nica aqui convergem para que o discurso e a poesia de Luedji se tornem mais amplos, mais diversos e a resposta do p\u00fablico que lotava o show foi a melhor poss\u00edvel, mostrando que a cantora est\u00e1 em fase \u00f3tima e que devemos ficar de ouvidos atentos ao que ele tem a nos mostrar.<\/p>\n<p><img decoding=\"async\" loading=\"lazy\" class=\"alignnone size-full wp-image-51860\" src=\"https:\/\/screamyell.com.br\/site\/wp-content\/uploads\/2019\/06\/2019-06-01-Luedji-Luna-2048-2048-P6010051.jpg\" alt=\"\" width=\"750\" height=\"440\" srcset=\"https:\/\/screamyell.com.br\/site\/wp-content\/uploads\/2019\/06\/2019-06-01-Luedji-Luna-2048-2048-P6010051.jpg 750w, https:\/\/screamyell.com.br\/site\/wp-content\/uploads\/2019\/06\/2019-06-01-Luedji-Luna-2048-2048-P6010051-300x176.jpg 300w\" sizes=\"(max-width: 750px) 100vw, 750px\" \/><\/p>\n<p style=\"text-align: justify;\">\u2013\u00a0<a href=\"https:\/\/www.facebook.com\/renan.machadoguerra\" target=\"_blank\" rel=\"noopener noreferrer\">Renan Guerra<\/a> \u00e9 jornalista e escreve para o Scream &amp; Yell desde 2014. Tamb\u00e9m colabora com o\u00a0<a href=\"https:\/\/monkeybuzz.com.br\/\" target=\"_blank\" rel=\"noopener noreferrer\">Monkeybuzz<\/a><br \/>\n\u2013\u00a0<a href=\"https:\/\/www.facebook.com\/fernandoyokotafotografia\/\" target=\"_blank\" rel=\"noopener noreferrer\">Fernando Yokota<\/a>\u00a0\u00e9 fot\u00f3grafo de shows e de rua. Conhe\u00e7a seu trabalho:\u00a0<a href=\"http:\/\/fernandoyokota.com.br\/\" target=\"_blank\" rel=\"noopener noreferrer\">http:\/\/fernandoyokota.com.br\/<\/a><\/p>\n","protected":false},"excerpt":{"rendered":"O lan\u00e7amento ao vivo do EP \u201cMundo\u201d representa, claramente, o in\u00edcio de um novo momento na carreira de Luedji, em que ela parece aberta a explorar sua voz e seu canto em possibilidades novas. Este show mostrou isso&#8230;\n<a class=\"moretag\" href=\"https:\/\/screamyell.com.br\/site\/2019\/06\/04\/ao-vivo-luedji-luna-e-dj-nyack-no-sesc-pompeia\/\"> [...]<\/a>","protected":false},"author":3,"featured_media":51864,"comment_status":"open","ping_status":"open","sticky":false,"template":"","format":"standard","meta":[],"categories":[3],"tags":[2951,1597,2017,3807,1362,1909],"_links":{"self":[{"href":"https:\/\/screamyell.com.br\/site\/wp-json\/wp\/v2\/posts\/51859"}],"collection":[{"href":"https:\/\/screamyell.com.br\/site\/wp-json\/wp\/v2\/posts"}],"about":[{"href":"https:\/\/screamyell.com.br\/site\/wp-json\/wp\/v2\/types\/post"}],"author":[{"embeddable":true,"href":"https:\/\/screamyell.com.br\/site\/wp-json\/wp\/v2\/users\/3"}],"replies":[{"embeddable":true,"href":"https:\/\/screamyell.com.br\/site\/wp-json\/wp\/v2\/comments?post=51859"}],"version-history":[{"count":2,"href":"https:\/\/screamyell.com.br\/site\/wp-json\/wp\/v2\/posts\/51859\/revisions"}],"predecessor-version":[{"id":51889,"href":"https:\/\/screamyell.com.br\/site\/wp-json\/wp\/v2\/posts\/51859\/revisions\/51889"}],"wp:featuredmedia":[{"embeddable":true,"href":"https:\/\/screamyell.com.br\/site\/wp-json\/wp\/v2\/media\/51864"}],"wp:attachment":[{"href":"https:\/\/screamyell.com.br\/site\/wp-json\/wp\/v2\/media?parent=51859"}],"wp:term":[{"taxonomy":"category","embeddable":true,"href":"https:\/\/screamyell.com.br\/site\/wp-json\/wp\/v2\/categories?post=51859"},{"taxonomy":"post_tag","embeddable":true,"href":"https:\/\/screamyell.com.br\/site\/wp-json\/wp\/v2\/tags?post=51859"}],"curies":[{"name":"wp","href":"https:\/\/api.w.org\/{rel}","templated":true}]}}