{"id":49488,"date":"2018-12-13T15:32:58","date_gmt":"2018-12-13T17:32:58","guid":{"rendered":"https:\/\/screamyell.com.br\/site\/?p=49488"},"modified":"2019-02-24T18:37:07","modified_gmt":"2019-02-24T21:37:07","slug":"tres-perguntas-dario-julio-os-franciscanos","status":"publish","type":"post","link":"https:\/\/screamyell.com.br\/site\/2018\/12\/13\/tres-perguntas-dario-julio-os-franciscanos\/","title":{"rendered":"Tr\u00eas perguntas: Dario Julio &#038; Os Franciscanos"},"content":{"rendered":"<h2 style=\"text-align: center;\"><strong>por\u00a0<a href=\"https:\/\/www.facebook.com\/marcelo.costa.5855\" target=\"_blank\" rel=\"noopener noreferrer\">Marcelo Costa<\/a><\/strong><\/h2>\n<p style=\"text-align: justify;\">Em 2017, o <a href=\"https:\/\/screamyell.com.br\/site\/category\/selo-scream-yell\/\">Selo Scream &amp; Yell<\/a> lan\u00e7ou \u201c<a href=\"https:\/\/screamyell.com.br\/site\/2017\/08\/09\/download-as-lembrancas-sao-escolhas\/\">As Lembran\u00e7as S\u00e3o Escolhas<\/a>\u201d, um \u00e1lbum bonito que perpassava 30 anos de carreira de Dary Jr., um corumbaense compositor de \u00f3timas letras po\u00e9ticas e pol\u00edticas que ganhou amplitude com o Terminal Guadalupe, banda curitibana respons\u00e1vel por um dos grandes discos nacionais do rock anos 00 (\u201c<a href=\"https:\/\/open.spotify.com\/album\/1gH6HLRW0g8humjqn0nX5Q\">A Marcha dos Invis\u00edveis<\/a>\u201d, de 2007, merece uma aprecia\u00e7\u00e3o nestes anos de golpe e fascismo escancarado), mas, que depois do fim da banda, em 2011, decidiu encarar a m\u00fasica de uma maneira mais leve e despreocupada.<\/p>\n<p style=\"text-align: justify;\">Vieram, ap\u00f3s o fim do Terminal Guadalupe, um \u00f3timo EP da Rosablanca, banda que n\u00e3o seguiu em frente, e o projeto Dario Julio &amp; Os Franciscanos, que estreou turbinando guitarradas a l\u00e1 Teenage Fanclub num cover do Belchior <a href=\"https:\/\/screamyell.com.br\/site\/2014\/03\/26\/download-ainda-somos-os-mesmos-belchior\/\">presente no tributo lan\u00e7ado pelo Scream &amp; Yell em 2014<\/a>. E \u00e9 como <a href=\"https:\/\/www.facebook.com\/dariojulio2014\/\" data-wplink-edit=\"true\">Dario Julio &amp; Os Franciscanos<\/a> que ele anuncia um novo \u00e1lbum para mar\u00e7o de 2019, antecipando como petisco \u201cTchau, Amor\u201d, em vers\u00e3o registrada no Sofar Brasilia (no fim do texto), e o single &#8220;<a href=\"https:\/\/open.spotify.com\/album\/7ENabW2yBYtVGXT6cUpNUy\">De Ningu\u00e9m<\/a>&#8220;, primeira m\u00fasica de trabalho do \u00e1lbum, que ser\u00e1 relan\u00e7ada em vers\u00e3o remixada em janeiro seguida de um novo single em fevereiro.<\/p>\n<p style=\"text-align: justify;\">Al\u00e9m do novo trabalho, Dary est\u00e1 divulgando &#8220;Leia Esta Can\u00e7\u00e3o&#8221; (2018), uma compila\u00e7\u00e3o de letras de can\u00e7\u00f5es que ele comp\u00f4s (registradas principalmente com o Terminal Guadalupe) lan\u00e7ada num formato de fanzine. O lan\u00e7amento em Curitiba marcou a reaproxima\u00e7\u00e3o de Dary com o ex-parceiro, Allan Yokohama, guitarrista e vocalista do TG, ap\u00f3s nove anos de sil\u00eancio (consta que material raro da banda pode vir \u00e0 tona). No bate papo abaixo, Dary fala sobre o fanzine &#8220;Leia Esta Can\u00e7\u00e3o&#8221;, sobre a colet\u00e2nea &#8220;As Lembran\u00e7as S\u00e3o Escolhas&#8221; e tamb\u00e9m sobre &#8220;O Menino Velho da Fronteira\u201d, o disco com que ele pretende circular em 2019. Confira!<\/p>\n<p><img decoding=\"async\" src=\"https:\/\/screamyell.com.br\/site\/wp-content\/uploads\/2018\/12\/daryleia.jpg\" \/><\/p>\n<p style=\"text-align: justify;\"><strong>Como surgiu a ideia do &#8220;Leia Esta Can\u00e7\u00e3o&#8221;?<\/strong><br \/>\nVoc\u00ea j\u00e1 se perguntou sobre quantas letras funcionam nuas? Isolados das harmonias, nem todos os textos guardam beleza. N\u00e3o que precisem. Uma can\u00e7\u00e3o \u00e9 s\u00f3 uma can\u00e7\u00e3o, mas pode ir al\u00e9m. Foi da\u00ed que nasceu o desejo do registro. Devo ter gravado umas 80 m\u00fasicas com diferentes bandas ao longo dos anos, 90% com letras minhas. Como n\u00e3o sou conhecido, seria interessante pescar alguma rea\u00e7\u00e3o ao que escrevi, especialmente de quem nunca me ouviu.<\/p>\n<p style=\"text-align: justify;\"><strong>Em 2017 lan\u00e7amos o \u00e1lbum &#8220;As Lembran\u00e7as S\u00e3o Escolhas&#8221;, no Scream &amp; Yell, com material seu de 30 anos de carreira. O que te emocionou nesse \u00e1lbum, o que te surpreendeu?<\/strong><br \/>\nEu me emocionei com o fato de artistas e bandas a quem n\u00e3o sou ligado, mas admiro, terem topado participar do projeto com vers\u00f5es \u00fanicas, ousadas e belas. J\u00e1 meus amigos reafirmaram escolhas est\u00e9ticas que nos aproximam at\u00e9 hoje. No fundo, \u00e9 isso: uma celebra\u00e7\u00e3o das amizades constru\u00eddas na estrada.<\/p>\n<p style=\"text-align: justify;\"><strong>Tem disco novo surgindo a\u00ed, certo? O que podemos esperar de &#8220;O Menino Velho da Fronteira&#8221;?<\/strong><br \/>\n\u00c9 um passeio por Corumb\u00e1, mas poderia ser Taubat\u00e9 ou Castanhal. O disco foi feito para a minha m\u00e3e, doente j\u00e1 h\u00e1 algum tempo. Falo dos valores que aprendemos na inf\u00e2ncia e nos orientam vida afora. O som vem embalado pela m\u00fasica radiof\u00f4nica do in\u00edcio dos anos 1970: Paul Simon, Cat Stevens, Pholhas, Belchior, Roberto Carlos, Odair Jos\u00e9, Benito Di Paula, Guilherme Arantes&#8230; Muito viol\u00e3o, muito piano, muita bateria e solo de guitarra em todas as m\u00fasicas. Vou relan\u00e7ar o single &#8220;De Ningu\u00e9m&#8221; remixado em janeiro e soltar outra can\u00e7\u00e3o em fevereiro. A\u00ed, em mar\u00e7o, depois do Carnaval, o disco inteiro. Espero circular novamente a partir de 2019.<\/p>\n<p><iframe loading=\"lazy\" width=\"747\" height=\"420\" src=\"https:\/\/www.youtube.com\/embed\/vEJioWUhNEQ?feature=oembed\" frameborder=\"0\" allow=\"accelerometer; autoplay; encrypted-media; gyroscope; picture-in-picture\" allowfullscreen><\/iframe><\/p>\n<p><iframe loading=\"lazy\" width=\"747\" height=\"420\" src=\"https:\/\/www.youtube.com\/embed\/Kg6qSuszXRg?feature=oembed\" frameborder=\"0\" allow=\"accelerometer; autoplay; encrypted-media; gyroscope; picture-in-picture\" allowfullscreen><\/iframe><\/p>\n<p><iframe loading=\"lazy\" width=\"747\" height=\"420\" src=\"https:\/\/www.youtube.com\/embed\/pmtAyJScurQ?feature=oembed\" frameborder=\"0\" allow=\"accelerometer; autoplay; encrypted-media; gyroscope; picture-in-picture\" allowfullscreen><\/iframe><\/p>\n<p>\u2013 Marcelo Costa (@screamyell) edita o Scream &amp; Yell e assina a\u00a0<a href=\"https:\/\/screamyell.com.br\/blog\/\" target=\"_blank\" rel=\"noopener noreferrer\">Calmantes com Champagne<\/a>.<\/p>\n","protected":false},"excerpt":{"rendered":"Dary fala sobre o fanzine &#8220;Leia Esta Can\u00e7\u00e3o&#8221;, sobre a colet\u00e2nea &#8220;As Lembran\u00e7as S\u00e3o Escolhas&#8221; e tamb\u00e9m sobre &#8220;O Menino Velho da Fronteira\u201d, o disco com que ele pretende circular em 2019. Confira!\n<a class=\"moretag\" href=\"https:\/\/screamyell.com.br\/site\/2018\/12\/13\/tres-perguntas-dario-julio-os-franciscanos\/\"> [...]<\/a>","protected":false},"author":2,"featured_media":49489,"comment_status":"open","ping_status":"open","sticky":false,"template":"","format":"standard","meta":[],"categories":[3],"tags":[890],"_links":{"self":[{"href":"https:\/\/screamyell.com.br\/site\/wp-json\/wp\/v2\/posts\/49488"}],"collection":[{"href":"https:\/\/screamyell.com.br\/site\/wp-json\/wp\/v2\/posts"}],"about":[{"href":"https:\/\/screamyell.com.br\/site\/wp-json\/wp\/v2\/types\/post"}],"author":[{"embeddable":true,"href":"https:\/\/screamyell.com.br\/site\/wp-json\/wp\/v2\/users\/2"}],"replies":[{"embeddable":true,"href":"https:\/\/screamyell.com.br\/site\/wp-json\/wp\/v2\/comments?post=49488"}],"version-history":[{"count":2,"href":"https:\/\/screamyell.com.br\/site\/wp-json\/wp\/v2\/posts\/49488\/revisions"}],"predecessor-version":[{"id":50548,"href":"https:\/\/screamyell.com.br\/site\/wp-json\/wp\/v2\/posts\/49488\/revisions\/50548"}],"wp:featuredmedia":[{"embeddable":true,"href":"https:\/\/screamyell.com.br\/site\/wp-json\/wp\/v2\/media\/49489"}],"wp:attachment":[{"href":"https:\/\/screamyell.com.br\/site\/wp-json\/wp\/v2\/media?parent=49488"}],"wp:term":[{"taxonomy":"category","embeddable":true,"href":"https:\/\/screamyell.com.br\/site\/wp-json\/wp\/v2\/categories?post=49488"},{"taxonomy":"post_tag","embeddable":true,"href":"https:\/\/screamyell.com.br\/site\/wp-json\/wp\/v2\/tags?post=49488"}],"curies":[{"name":"wp","href":"https:\/\/api.w.org\/{rel}","templated":true}]}}