{"id":49374,"date":"2018-12-04T04:02:03","date_gmt":"2018-12-04T06:02:03","guid":{"rendered":"https:\/\/screamyell.com.br\/site\/?p=49374"},"modified":"2023-04-04T05:30:33","modified_gmt":"2023-04-04T08:30:33","slug":"fito-paez-ao-vivo-em-sao-paulo","status":"publish","type":"post","link":"https:\/\/screamyell.com.br\/site\/2018\/12\/04\/fito-paez-ao-vivo-em-sao-paulo\/","title":{"rendered":"Fito Paez ao vivo em S\u00e3o Paulo"},"content":{"rendered":"<h2 style=\"text-align: center;\"><strong>Texto e fotos por\u00a0<a href=\"https:\/\/www.facebook.com\/marcelo.costa.5855\" target=\"_blank\" rel=\"noopener noreferrer\">Marcelo Costa<\/a><\/strong><\/h2>\n<p style=\"text-align: justify;\">Segunda-feira, 03 de dezembro, pouco mais da 21h em S\u00e3o Paulo: um desavisado que entrasse no luxuoso Teatro Bradesco, dentro do Shopping Bourbon, esperando por um show de rock poderia achar que se enganou e foi parar na arquibancada do Alianz Parque, no pr\u00e9dio vizinho, pois as cortinas do teatro ainda estavam fechadas, mas os 1400 ocupantes cantavam a pleno pulm\u00f5es o bord\u00e3o de torcida de futebol \u201col\u00ea, ol\u00ea, ol\u00ea, ol\u00ea, Fito, Fito\u201d. Fito, no caso, \u00e9 Rodolfo &#8220;Fito&#8221; P\u00e1ez, m\u00fasico rosarino de fama enorme na Am\u00e9rica hisp\u00e2nica, mas ainda agregando p\u00fablico nesta imensa \u00e1rea do continente sul-americano que n\u00e3o \u201chabla\u201d espanhol chamada Brasil.<\/p>\n<p style=\"text-align: justify;\">A m\u00e9dia de idade do p\u00fablico parece ser alta (o Instituto Scream &amp; Yell, na base do olh\u00f4metro, calculou algo entre os 35 e 40 anos), mesmo contando com um casal que levou os dois filhos pequenos &#8211; e demonstrou durante toda noite uma anima\u00e7\u00e3o contagiante e quase infantil perto do jeito blas\u00e9 dos dois garotinhos. Boa parte da audi\u00eancia tamb\u00e9m parece ser formada por hermanos e hermanas que t\u00eam a l\u00edngua espanhola como l\u00edngua p\u00e1tria, o que n\u00e3o evita que soe comovente ver um dos maiores nomes do rock argentino ser recebido com tamanho entusiasmo na cidade que j\u00e1 foi acusada de ser um territ\u00f3rio em que n\u00e3o existe amor.<\/p>\n<p style=\"text-align: justify;\">O homem respons\u00e1vel pelo disco mais vendido de todos os tempos no rock argentino (\u201cEl Amor Despu\u00e9s Del Amor\u201d, de 1992) e que j\u00e1 levou para casa seis Grammy Latino (ainda que, em entrevista ao Scream &amp; Yell, ele desdenhe tudo isso e reforce que o que realmente vale &#8220;<a href=\"https:\/\/screamyell.com.br\/site\/2013\/12\/10\/conexao-latina-fito-paez\/\" target=\"_blank\" rel=\"noopener noreferrer\">\u00e9 a rela\u00e7\u00e3o constru\u00edda com as pessoas<\/a>&#8220;) pousou em S\u00e3o Paulo para mostrar as can\u00e7\u00f5es de seu 29\u00ba \u00e1lbum, \u201cLa Ciudad Liberada\u201d, lan\u00e7ado em 2017 e elogiado entusiasmadamente pela cr\u00edtica local (&#8220;Trata-se de, talvez, o melhor registro de Fito em 20 anos&#8221;, tascou o jornalista Oscar Jalil na Rolling Stone Argentina enquanto no Clar\u00edn, com sinceridade inspiradora, Eduardo Slusarczuk descreveu: &#8220;Fito Paez fez um disca\u00e7o. S\u00f3 n\u00e3o dizemos que \u00e9 excelente porque alguns de n\u00f3s ainda est\u00e3o esperando um novo \u2018El Amor Despu\u00e9s del Amor\u2019. \u00c9 assim que somos&#8221;.<\/p>\n<p style=\"text-align: justify;\">Essa pequena turn\u00ea brasileira (Porto Alegre, S\u00e3o Paulo e Rio de Janeiro), por\u00e9m, n\u00e3o deixa de ser uma turn\u00ea \u201cgreatest hits\u201d com sonoridade e produ\u00e7\u00e3o impec\u00e1vel, e tudo no seu devido lugar, e ainda que n\u00e3o tenha tido o brinde da execu\u00e7\u00e3o na integra do disco \u201cHey\u201d (lan\u00e7ado originalmente em 1988, o aniversariante de 30 anos &#8211; de uma &#8220;Argentina que, na \u00e9poca, havia acordado de repente na &#8220;<a href=\"https:\/\/www.ciudad.com.ar\/espectaculos\/fito-paez-hizo-gala-gran-rex-pasado-ilustre-presente-perfecto_109952\" target=\"_blank\" rel=\"noopener noreferrer\">primavera democr\u00e1tica<\/a>&#8221; &#8211; foi incluso no meio do set dos dois \u00faltimos shows de Fito em Buenos Aires antes dele vir ao Brasil), trouxe boas surpresas, a come\u00e7ar pelo n\u00famero de inicio: assim que se abrem as cortinas do Teatro Bradesco, Fito surge cantando \u201cVaca Profana\u201d, de Caetano Veloso, feita especialmente para Gal, batizando seu \u00e1lbum de 1984, e que surge aqui numa vers\u00e3o imponente, grandiosa.<\/p>\n<p><img decoding=\"async\" loading=\"lazy\" class=\"alignnone size-full wp-image-49375 aligncenter\" src=\"https:\/\/screamyell.com.br\/site\/wp-content\/uploads\/2018\/12\/fitopaez1.jpg\" alt=\"\" width=\"750\" height=\"440\" srcset=\"https:\/\/screamyell.com.br\/site\/wp-content\/uploads\/2018\/12\/fitopaez1.jpg 750w, https:\/\/screamyell.com.br\/site\/wp-content\/uploads\/2018\/12\/fitopaez1-300x176.jpg 300w\" sizes=\"(max-width: 750px) 100vw, 750px\" \/><\/p>\n<p style=\"text-align: justify;\">Na primeira pausa, ele cumprimenta o p\u00fablico: \u201cOl\u00e1, S\u00e3o Paulo. Fazia um bom tempo que a gente n\u00e3o se via, hein\u201d. \u201cOtra Vez El Sol\u201d, do \u00faltimo disco, come\u00e7a, e ele continua: \u201cVesti a minha melhor roupa para vir aqui hoje\u201d. Na sequencia, \u201c11 y 6\u201d (do \u00e1lbum \u201cGiros\u201d, de 1985) \u00e9 a primeira can\u00e7\u00e3o a fazer o teatro ficar de p\u00e9 (e s\u00f3 estamos na terceira m\u00fasica do show). Na primeira parte da noite, o baixo do parceiro Diego Olivero ser\u00e1 o grande condutor, com Fito se alternando entre o piano e o microfone solo, e o guitarrista Juani Ag\u00fcero fazendo solos pontuais. Se algu\u00e9m havia permanecido sentado em \u201c11 y 6\u201d, provavelmente se rendeu a \u201cEl Amor Despu\u00e9s del Amor\u201d, a can\u00e7\u00e3o, com a plateia cantando um longo trecho a capella, bonito.<\/p>\n<p style=\"text-align: justify;\">Seguem-se ent\u00e3o um quarteto de can\u00e7\u00f5es novas que n\u00e3o deixam a peteca cair frente aos hits: \u201cAleluya Al Sol\u201d, a excelente faixa t\u00edtulo mais \u201cPlegaria\u201d e \u201cSe Termino\u201d fazem entender o elogio dos cr\u00edticos, mas a pr\u00f3xima, por\u00e9m, encaminha o show para o seu lado mais rock e dan\u00e7ante. Trata-se de \u201cCirco Beat\u201d, faixa t\u00edtulo de seu \u00e1lbum de 1994, em vers\u00e3o extensa, repleta de mudan\u00e7as, e com guitarra estridente e bem interessante (que ser\u00e1 marca daqui pra frente). Agora boa parte do p\u00fablico j\u00e1 desceu das cadeiras do fundo para a \u00e1rea frontal do palco, e pode cantar com mais vontade pr\u00f3ximo de seu \u00eddolo as cl\u00e1ssicas \u201cBrillante Sobre El Mic\u201d e a esporrenta \u201cCiudad de Pobres Corazones\u201d (com Fito na guitarra bancando o rockstar e chutando o pedestal com as letras para longe), que encerra o show.<\/p>\n<p style=\"text-align: justify;\">Para o bis, ap\u00f3s um extenso \u201col\u00ea, ol\u00ea, ol\u00ea, ol\u00ea, Fito, Fito\u201d, o artista volta e come\u00e7a a cantar a capella \u201cYo Vengo a Ofrecer Mi Coraz\u00f3n\u201d na beira do palco. O p\u00fablico come\u00e7a a cantar junto, mas ele para tudo e pede: \u201cDeixem essa comigo, por favor\u201d. E assim, com as luzes do teatro apagadas, sem microfone e com toda a casa\u00a0em sil\u00eancio, Fito Paez leva a can\u00e7\u00e3o do \u00e1lbum \u201cGiros\u201d sozinho, no gog\u00f3, em um dos momentos mais bonitos da noite, que se estende para um de seus grandes hits, a bela \u201cMariposa Technicolor\u201d, em vers\u00e3o empolgante e honesta. Para encerrar, \u201cY Dale Alegr\u00eda a Mi Coraz\u00f3n\u201d (do \u00e1lbum \u201cTercer Mundo\u201d, de 1990), termina com a banda na beira do palco, e todo o teatro cantando junto, num daqueles momentos estranhos em que parece que alguma poeira dentro do teatro \u201cincomoda\u201d os olhos e o faz lacrimarem.<\/p>\n<p style=\"text-align: justify;\">Segunda-feira, 03 de dezembro, quase 23h, e Fito relembra na despedida: \u201cSpinetta me dizia sempre: amanh\u00e3 ser\u00e1 melhor\u201d. Ele pode estar falando tanto para ele (e para seu pa\u00eds numa ca\u00f3tica situa\u00e7\u00e3o politica e social) quanto para n\u00f3s (um Brasil prestes a mergulhar no abismo). \u201cGosto muito de S\u00e3o Paulo, mas principalmente desta pequena S\u00e3o Paulo presente aqui\u201d, ele comenta, encerrando um dos grandes shows internacionais no Brasil em 2018, que merecia ainda mais p\u00fablico, mais badala\u00e7\u00e3o, mais holofote, algo complicado ap\u00f3s 30 anos de acirramento de diferen\u00e7as via futebol (toda vez que o Galv\u00e3o inflava nacionalismo contra os vizinhos ele nos afastava um pouco mais de nosso pr\u00f3prio continente), mas que se abre para um futuro poss\u00edvel onde, apesar de todos os pesares, Fito estar\u00e1 sempre nos esperando&#8230; com amor depois do amor. E com um grande show.<\/p>\n<blockquote class=\"instagram-media\" style=\"background: #FFF; border: 0; border-radius: 3px; box-shadow: 0 0 1px 0 rgba(0,0,0,0.5),0 1px 10px 0 rgba(0,0,0,0.15); margin: 1px; max-width: 750px; min-width: 453px; padding: 0; width: calc(100% - 2px);\" data-instgrm-permalink=\"https:\/\/www.instagram.com\/p\/Bq8m3utnBP7\/?utm_source=ig_embed&amp;utm_medium=loading\" data-instgrm-version=\"12\">\n<div style=\"padding: 16px;\">\n<p>&nbsp;<\/p>\n<div style=\"display: flex; flex-direction: row; align-items: center;\">\n<div style=\"background-color: #f4f4f4; border-radius: 50%; flex-grow: 0; height: 40px; margin-right: 14px; width: 40px;\"><\/div>\n<div style=\"display: flex; flex-direction: column; flex-grow: 1; justify-content: center;\">\n<div style=\"background-color: #f4f4f4; border-radius: 4px; flex-grow: 0; height: 14px; margin-bottom: 6px; width: 100px;\"><\/div>\n<div style=\"background-color: #f4f4f4; border-radius: 4px; flex-grow: 0; height: 14px; width: 60px;\"><\/div>\n<\/div>\n<\/div>\n<div style=\"padding: 19% 0;\"><\/div>\n<div style=\"display: block; height: 50px; margin: 0 auto 12px; width: 50px;\"><\/div>\n<div style=\"padding-top: 8px;\">\n<div style=\"color: #3897f0; font-family: Arial,sans-serif; font-size: 14px; font-style: normal; font-weight: 550; line-height: 18px;\">Visualizar esta foto no Instagram.<\/div>\n<\/div>\n<div style=\"padding: 12.5% 0;\"><\/div>\n<div style=\"display: flex; flex-direction: row; margin-bottom: 14px; align-items: center;\">\n<div>\n<div style=\"background-color: #f4f4f4; border-radius: 50%; height: 12.5px; width: 12.5px; transform: translateX(0px) translateY(7px);\"><\/div>\n<div style=\"background-color: #f4f4f4; height: 12.5px; transform: rotate(-45deg) translateX(3px) translateY(1px); width: 12.5px; flex-grow: 0; margin-right: 14px; margin-left: 2px;\"><\/div>\n<div style=\"background-color: #f4f4f4; border-radius: 50%; height: 12.5px; width: 12.5px; transform: translateX(9px) translateY(-18px);\"><\/div>\n<\/div>\n<div style=\"margin-left: 8px;\">\n<div style=\"background-color: #f4f4f4; border-radius: 50%; flex-grow: 0; height: 20px; width: 20px;\"><\/div>\n<div style=\"width: 0; height: 0; border-top: 2px solid transparent; border-left: 6px solid #f4f4f4; border-bottom: 2px solid transparent; transform: translateX(16px) translateY(-4px) rotate(30deg);\"><\/div>\n<\/div>\n<div style=\"margin-left: auto;\">\n<div style=\"width: 0px; border-top: 8px solid #F4F4F4; border-right: 8px solid transparent; transform: translateY(16px);\"><\/div>\n<div style=\"background-color: #f4f4f4; flex-grow: 0; height: 12px; width: 16px; transform: translateY(-4px);\"><\/div>\n<div style=\"width: 0; height: 0; border-top: 8px solid #F4F4F4; border-left: 8px solid transparent; transform: translateY(-4px) translateX(8px);\"><\/div>\n<\/div>\n<\/div>\n<div style=\"display: flex; flex-direction: column; flex-grow: 1; justify-content: center; margin-bottom: 24px;\">\n<div style=\"background-color: #f4f4f4; border-radius: 4px; flex-grow: 0; height: 14px; margin-bottom: 6px; width: 224px;\"><\/div>\n<div style=\"background-color: #f4f4f4; border-radius: 4px; flex-grow: 0; height: 14px; width: 144px;\"><\/div>\n<\/div>\n<p>&nbsp;<\/p>\n<p style=\"color: #c9c8cd; font-family: Arial,sans-serif; font-size: 14px; line-height: 17px; margin-bottom: 0; margin-top: 8px; overflow: hidden; padding: 8px 0 7px; text-align: center; text-overflow: ellipsis; white-space: nowrap;\"><a style=\"color: #c9c8cd; font-family: Arial,sans-serif; font-size: 14px; font-style: normal; font-weight: normal; line-height: 17px; text-decoration: none;\" href=\"https:\/\/www.instagram.com\/p\/Bq8m3utnBP7\/?utm_source=ig_embed&amp;utm_medium=loading\" target=\"_blank\" rel=\"noopener noreferrer\">Uma publica\u00e7\u00e3o compartilhada por Gutto Szuster (@guttoszuster)<\/a> em <time style=\"font-family: Arial,sans-serif; font-size: 14px; line-height: 17px;\" datetime=\"2018-12-04T01:29:04+00:00\">3 de Dez, 2018 \u00e0s 5:29 PST<\/time><\/p>\n<p>\u2013 Marcelo Costa (<a href=\"http:\/\/twitter.com\/#%21\/screamyell\" target=\"_blank\" rel=\"noopener noreferrer\">@screamyell<\/a>) edita o Scream &amp; Yell e assina a Calmantes com Champagne<\/p>\n<\/div>\n<\/blockquote>\n<p><script async src=\"\/\/www.instagram.com\/embed.js\"><\/script><\/p>\n","protected":false},"excerpt":{"rendered":"Um dos grandes shows internacionais no Brasil em 2018 merecia ainda mais p\u00fablico, mais badala\u00e7\u00e3o, mais holofote, algo complicado ap\u00f3s 30 anos de acirramento de diferen\u00e7as via futebol, mas que se abre para um futuro poss\u00edvel&#8230;\n<a class=\"moretag\" href=\"https:\/\/screamyell.com.br\/site\/2018\/12\/04\/fito-paez-ao-vivo-em-sao-paulo\/\"> [...]<\/a>","protected":false},"author":2,"featured_media":49376,"comment_status":"open","ping_status":"open","sticky":false,"template":"","format":"standard","meta":[],"categories":[3],"tags":[45,291],"_links":{"self":[{"href":"https:\/\/screamyell.com.br\/site\/wp-json\/wp\/v2\/posts\/49374"}],"collection":[{"href":"https:\/\/screamyell.com.br\/site\/wp-json\/wp\/v2\/posts"}],"about":[{"href":"https:\/\/screamyell.com.br\/site\/wp-json\/wp\/v2\/types\/post"}],"author":[{"embeddable":true,"href":"https:\/\/screamyell.com.br\/site\/wp-json\/wp\/v2\/users\/2"}],"replies":[{"embeddable":true,"href":"https:\/\/screamyell.com.br\/site\/wp-json\/wp\/v2\/comments?post=49374"}],"version-history":[{"count":10,"href":"https:\/\/screamyell.com.br\/site\/wp-json\/wp\/v2\/posts\/49374\/revisions"}],"predecessor-version":[{"id":50589,"href":"https:\/\/screamyell.com.br\/site\/wp-json\/wp\/v2\/posts\/49374\/revisions\/50589"}],"wp:featuredmedia":[{"embeddable":true,"href":"https:\/\/screamyell.com.br\/site\/wp-json\/wp\/v2\/media\/49376"}],"wp:attachment":[{"href":"https:\/\/screamyell.com.br\/site\/wp-json\/wp\/v2\/media?parent=49374"}],"wp:term":[{"taxonomy":"category","embeddable":true,"href":"https:\/\/screamyell.com.br\/site\/wp-json\/wp\/v2\/categories?post=49374"},{"taxonomy":"post_tag","embeddable":true,"href":"https:\/\/screamyell.com.br\/site\/wp-json\/wp\/v2\/tags?post=49374"}],"curies":[{"name":"wp","href":"https:\/\/api.w.org\/{rel}","templated":true}]}}