{"id":48923,"date":"2018-10-08T10:19:13","date_gmt":"2018-10-08T13:19:13","guid":{"rendered":"https:\/\/screamyell.com.br\/site\/?p=48923"},"modified":"2018-11-02T09:54:47","modified_gmt":"2018-11-02T12:54:47","slug":"roger-waters-esta-chegando-ao-brasil-desmascarando-fascistas","status":"publish","type":"post","link":"https:\/\/screamyell.com.br\/site\/2018\/10\/08\/roger-waters-esta-chegando-ao-brasil-desmascarando-fascistas\/","title":{"rendered":"Roger Waters no Brasil desmascarando fascistas"},"content":{"rendered":"<h2 style=\"text-align: center;\"><strong>por\u00a0<a href=\"https:\/\/www.facebook.com\/daniel.tavares.96343\" target=\"_blank\" rel=\"noopener\">Daniel Tavares<\/a><\/strong><\/h2>\n<p style=\"text-align: justify;\">&#8220;Quero dizer, eles n\u00e3o v\u00e3o te matar, ent\u00e3o se voc\u00ea der uma pancada forte e r\u00e1pida, eles n\u00e3o v\u00e3o fazer isso de novo. Entendeu? Quero dizer, ele cai de uma vez, porque eu teria lhe dado uma surra \u2013 mas s\u00f3 o acertei uma vez! Foi apenas uma diferen\u00e7a de opini\u00e3o, mas realmente&#8230; quero dizer que as boas maneiras n\u00e3o custam nada, hein?&#8221;, respondeu Roger &#8220;The Hat&#8221; Manifold, roadie do Pink Floyd ao ser questionado sobre a \u00faltima vez que batera em algu\u00e9m.<\/p>\n<p style=\"text-align: justify;\">Roger Waters, ent\u00e3o vocalista e baixista do Pink Floyd, tinha distribu\u00eddo aleatoriamente fichas com perguntas a diversas pessoas no est\u00fadio durante as grava\u00e7\u00f5es de &#8220;The Dark Side of The Moon&#8221; (1973), um dos \u00e1lbuns mais importantes do s\u00e9culo 20. A resposta apressada e cheia de adv\u00e9rbios (desnecess\u00e1rios do ponto de vista gramatical) mostra uma pessoa explicando, com contradi\u00e7\u00f5es, porque tinha agredido outra. Traduzindo melhor: &#8220;o sujeito tinha uma opini\u00e3o diferente da minha e resolvi acabar logo com a conversa dando-lhe uma porrada forte, r\u00e1pida e segura e encerrando o assunto&#8221;. E conclui: &#8220;Afinal, boas maneiras n\u00e3o custam nada a ningu\u00e9m&#8221;. (!)<\/p>\n<p style=\"text-align: justify;\">Na verdade, na mente do sujeito, uma amostra do sujeito comum, do cidad\u00e3o de bem, trabalhador, n\u00e3o culpado, n\u00e3o corrupto, que usa grande parte do seu dia para levar comida para casa (onde far\u00e1 pouco mais que dormir entre um e outro dia de trabalho duro), n\u00e3o h\u00e1 di\u00e1logo. N\u00e3o precisa haver. Somos &#8220;n\u00f3s&#8221; ou &#8220;eles&#8221;. N\u00e3o, &#8220;n\u00f3s e eles&#8221;. N\u00e3o h\u00e1 &#8220;e&#8221;. N\u00e3o \u00e9 necess\u00e1rio. Para que? \u00c9 um conflito de opini\u00e3o e funciona assim: &#8220;voc\u00ea concorda comigo. Se n\u00e3o concordar, eu resolvo isso muito apropriadamente com uma pancada forte, r\u00e1pida, segura. E aprenda a ter educa\u00e7\u00e3o&#8221;. No pr\u00f3prio nome da nova turn\u00ea de Roger Waters n\u00e3o h\u00e1 &#8220;e&#8221;, embora o s\u00edmbolo &#8220;+&#8221;, na teoria booleana tamb\u00e9m valha como a conjun\u00e7\u00e3o.<\/p>\n<p style=\"text-align: justify;\">\u00c9 a turn\u00ea &#8220;Us+Them&#8221; que passar\u00e1 por sete capitais brasileiras entre 09 e 30 de outubro (<a href=\"http:\/\/premier.ticketsforfun.com.br\/shows\/show.aspx?sh=ROGEWUB18\" target=\"_blank\" rel=\"noopener\">confira datas e locais<\/a>). O repert\u00f3rio dos shows inclui m\u00fasicas de \u00e1lbuns cl\u00e1ssicos do Pink Floyd como &#8220;The Dark Side Of The Moon&#8221; (1973), &#8220;Wish You Were Here&#8221; (1975), &#8220;Animals&#8221; (1977) e &#8220;The Wall&#8221; (1979) al\u00e9m de v\u00e1rias m\u00fasicas da sua bem sucedia carteira solo. Essa tour ser\u00e1 mais uma oportunidade para f\u00e3s floydmaniacos do Brasil inteiro de reencontrar um dos principais motores da banda, como tamb\u00e9m pode nos levar a algumas considera\u00e7\u00f5es. Afinal, o pensamento, perpetuado na cultura pop pelas palavras de Manifold, especialmente na alitera\u00e7\u00e3o &#8220;short, sharp shock&#8221;, est\u00e1 presente hoje tanto no mundo real quanto no virtual. E exemplos aparecem regularmente tanto em can\u00e7\u00f5es do pr\u00f3prio Pink Floyd quanto em outras manifesta\u00e7\u00f5es art\u00edsticas.<\/p>\n<p><iframe loading=\"lazy\" width=\"747\" height=\"420\" src=\"https:\/\/www.youtube.com\/embed\/xECuyKOEtJs?feature=oembed\" frameborder=\"0\" allow=\"autoplay; encrypted-media\" allowfullscreen><\/iframe><\/p>\n<p style=\"text-align: justify;\">Em &#8220;Smell The Roses&#8221;, can\u00e7\u00e3o presente no \u00faltimo \u00e1lbum de Roger Waters, &#8220;Is This The Life We Really Want?&#8221; (e tamb\u00e9m nos setlists dos shows que o ingl\u00eas far\u00e1 no Brasil), Waters, em mais um jogo de palavras, diz:<\/p>\n<p style=\"text-align: justify;\"><em>\u201cEsta \u00e9 a sala onde eles fazem os explosivos<\/em><br \/>\n<em>Onde eles colocam o seu nome na bomba<\/em><br \/>\n<em>Aqui \u00e9 onde eles enterram os &#8220;por\u00e9ns&#8221; e os &#8220;ses&#8221;<\/em><br \/>\n<em>e rabiscam palavras como &#8220;certo&#8221; e &#8220;errado&#8221;.<\/em><\/p>\n<p style=\"text-align: justify;\">A separa\u00e7\u00e3o entre &#8220;n\u00f3s&#8221; e &#8220;eles&#8221; tornando f\u00e1cil atacar o que chamamos de &#8220;eles&#8221; tamb\u00e9m est\u00e1 expl\u00edcita em &#8220;Engenharia Reversa&#8221;, da terceira temporada da s\u00e9rie de TV &#8220;Black Mirror&#8221;. No epis\u00f3dio, soldados tem implantado um chip (supostamente para melhorar a comunica\u00e7\u00e3o entre si e o comando) e, a partir da\u00ed, n\u00e3o veem problemas em atacar brutalmente grupos de refugiados por n\u00e3o enxergarem estes como humanos. No desenrolar dos acontecimentos, \u00e9 revelado que os inimigos, vistos pelos militares como zumbis infectados e chamados de &#8220;baratas&#8221;, nada mais eram que pessoas comuns. N\u00e3o vendo o inimigo como semelhante, cortando a possibilidade de empatia, fica f\u00e1cil atirar e acabar com suas vidas, inclusive de fam\u00edlias com crian\u00e7as.<\/p>\n<p style=\"text-align: justify;\">Roger Waters sempre se posicionou politicamente e em suas can\u00e7\u00f5es j\u00e1 atacou da primeira ministra brit\u00e2nica Margareth Thatcher ao l\u00edder sovi\u00e9tico Leonid Brejnev durante a Guerra das Malvinas. Hoje seu principal alvo \u00e9 o Presidente dos Estados Unidos, Donald Trump. Proje\u00e7\u00f5es a respeito de Trump caracterizando-o como um porco tem sido frequentes nos shows. Um dos maiores pontos de discord\u00e2ncia entre Waters e o Governo Trump \u00e9 o reconhecimento de Jerusal\u00e9m como capital de Israel, com consequente mudan\u00e7a da embaixada estadunidense no pa\u00eds de Tel Aviv para a cidade dividida, o que favoreceria israelenses e prejudicaria palestinos, acirrando o clima de desaven\u00e7a entre ambos os povos. Com uma disputa que tem se estendido por d\u00e9cadas e remonta a tempos b\u00edblicos, o ato de Trump foi visto por Waters como uma p\u00e9ssima decis\u00e3o.<\/p>\n<p><iframe loading=\"lazy\" width=\"747\" height=\"420\" src=\"https:\/\/www.youtube.com\/embed\/QWLBtMz5OuY?feature=oembed\" frameborder=\"0\" allow=\"autoplay; encrypted-media\" allowfullscreen><\/iframe><\/p>\n<p style=\"text-align: justify;\">O comando da mais poderosa na\u00e7\u00e3o do mundo, os Estados Unidos, por Donald Trump tamb\u00e9m pode ser encarada como respons\u00e1vel pela biparti\u00e7\u00e3o em que se dividiu o mundo. Suas posi\u00e7\u00f5es radicais chocariam o mundo inteiro h\u00e1 algum tempo atr\u00e1s, mas hoje at\u00e9 s\u00e3o vistas como necess\u00e1rias e com certa simpatia por alguns. Mesmo em tempos de Guerra Fria, seria inimagin\u00e1vel que pessoas comuns, tanto nos EUA como aqui mesmo no Brasil, pudessem ter certo grau de toler\u00e2ncia a, por exemplo, a separa\u00e7\u00e3o de crian\u00e7as imigrantes de seus pais. Mas \u00e9 o que est\u00e1 acontecendo.<\/p>\n<p style=\"text-align: justify;\">Waters ressente-se de ser, por vezes, chamado de antissemita e at\u00e9 de nazista. <a href=\"https:\/\/www.independent.co.uk\/news\/people\/roger-waters-pink-floyd-israel-boycott-ban-palestine-a6884971.html\" target=\"_blank\" rel=\"noopener\">Em entrevista ao jornal The Independent<\/a>, ele acrescenta que, embora muitos outros artistas concordem com suas posi\u00e7\u00f5es, especialmente nos Estados Unidos, eles temem fazer qualquer manifesta\u00e7\u00e3o a favor dos palestinos. &#8220;Se eles disserem algo em p\u00fablico, n\u00e3o ter\u00e3o mais uma carreira. Eles ser\u00e3o destru\u00eddos. Espero encorajar alguns deles a pararem de ter medo e se levantarem e serem contados, porque precisamos deles. Precisamos deles desesperadamente nessa conversa da mesma forma que precis\u00e1vamos de m\u00fasicos para participar de manifesta\u00e7\u00f5es contra a Guerra do Vietn\u00e3&#8221;, disse. Em outra entrevista, ao podcast WTF with Marc Maron, ainda antes da confirma\u00e7\u00e3o da elei\u00e7\u00e3o de Trump, Waters comparou o ent\u00e3o candidato a Hitler. &#8220;<a href=\"https:\/\/www.nme.com\/news\/1810028-1810028\" target=\"_blank\" rel=\"noopener\">Ele \u00e9 &#8216;t\u00e3o perigoso&#8217; quanto Adolf Hitler<\/a>. \u00c9 arrogante, mentiroso, racista, sexista. \u00c9 um passo curto para o fascismo total e um estado policial completo. \u00c9 sempre uma coisa trai\u00e7oeira se arrastando. Foi trai\u00e7oeiro na Alemanha nos anos 30. O &#8216;Trumpismo Nacional&#8217; parece um pouco menos insidioso, mas \u00e9 t\u00e3o perigoso quanto&#8221;.<\/p>\n<p style=\"text-align: justify;\">Entrando ainda mais na disputa, outro ataque de Waters a Trump \u00e9 sua colabora\u00e7\u00e3o em uma can\u00e7\u00e3o palestina. &#8220;Depois que as rel\u00edquias se foram, para onde, oh mestre branco, est\u00e1s levando o meu povo&#8230; e o seu?&#8221;, indaga Waters, nos versos de &#8220;Supremacy\u201d, can\u00e7\u00e3o em que colabora com os palestinos do Trio Joubran. Na colabora\u00e7\u00e3o com os irm\u00e3os nazarenos tocadores de ala\u00fade, a letra n\u00e3o \u00e9 de Waters, mas parte do poema &#8220;The Penultimate Speech of the \u2018Red Indian\u2019 to the White Man\u201d, do poeta palestino Mahmoud Darwish. No poema, Darwish incorpora o \u00edndio nativo da Am\u00e9rica do Norte em um suposto di\u00e1logo com o colonizador do Velho Mundo, mas nas entrelinhas da can\u00e7\u00e3o tamb\u00e9m \u00e9 poss\u00edvel ler e ver a rea\u00e7\u00e3o de Waters ao reconhecimento de Jerusal\u00e9m como capital do Estado de Israel por Trump.<\/p>\n<p><iframe loading=\"lazy\" width=\"747\" height=\"420\" src=\"https:\/\/www.youtube.com\/embed\/8i-TMG7k_QM?feature=oembed\" frameborder=\"0\" allow=\"autoplay; encrypted-media\" allowfullscreen><\/iframe><\/p>\n<p style=\"text-align: justify;\">Em Israel, o recado dado \u00e9 que esquerdistas e simpatizantes da causa palestina n\u00e3o s\u00e3o bem-vindos, o que \u00e9 at\u00e9 um tanto \u00f3bvio. Assim foi a repercuss\u00e3o da nega\u00e7\u00e3o do visto \u00e0 ativista judia norte-americana Julie Shayna Weinberg-Connors. O jornal israelense Haaretz, no entanto, parece concordar com Waters, colocando Trump (e tamb\u00e9m Netanyahu, primeiro ministro israelense), em um artigo de opini\u00e3o, como dois l\u00edderes que est\u00e3o montando a crescente onda do neofascismo. Ambos exploram o hiper-nacionalismo e a adula\u00e7\u00e3o de l\u00edderes fortes que levaram o mundo \u00e0 tristeza em um passado n\u00e3o muito distante, diz o editorial.<\/p>\n<p><img decoding=\"async\" loading=\"lazy\" class=\"alignnone size-full wp-image-48934 aligncenter\" src=\"https:\/\/screamyell.com.br\/site\/wp-content\/uploads\/2018\/10\/bolsonaro1.jpg\" alt=\"\" width=\"750\" height=\"440\" srcset=\"https:\/\/screamyell.com.br\/site\/wp-content\/uploads\/2018\/10\/bolsonaro1.jpg 750w, https:\/\/screamyell.com.br\/site\/wp-content\/uploads\/2018\/10\/bolsonaro1-300x176.jpg 300w\" sizes=\"(max-width: 750px) 100vw, 750px\" \/><\/p>\n<p style=\"text-align: justify;\">Na nova turn\u00ea, em &#8220;Another Brick In The Wall pt.2&#8221;, o coro de crian\u00e7as, outrora bradando contra o sistema escolar ingl\u00eas, agora tem outro alvo, atrav\u00e9s de seus uniformes. Com o laranja dos prisioneiros de Guant\u00e1namo, as crian\u00e7as declaram n\u00e3o precisar de &#8220;controle de pensamento&#8221;, nem &#8220;sarcasmo negro&#8221;. Em outros lugares do mundo, em determinado momento, viu-se nos tel\u00f5es nomes de alguns pol\u00edticos, elencados por Waters como os principais nomes do neofascismo.\u00a0 J\u00e1 no primeiro show do Brasil, em S\u00e3o Paulo, Waters atualizou a lista que come\u00e7a com Donald Trump (Estados Unidos) e segue com Viktor Orb\u00e1n (Hungria), Marine Le Pen (Fran\u00e7a), Sebastian Kurz (\u00c1ustria), Nigel Farage (Reino Unido), Jaros?aw Kaczy?ski (Pol\u00f4nia), Wladimir Putin (R\u00fassia) e, especialmente no Brasil, encerra com o nome de Jair Bolsonaro, que ainda foi &#8220;lembrado&#8221; carinhosamente no final do show com esta imagem abaixo (as duas cortesia de <a href=\"https:\/\/twitter.com\/ceosoares\" target=\"_blank\" rel=\"noopener\">@ceosoares<\/a>). #EleN\u00e3o.<\/p>\n<p><img decoding=\"async\" loading=\"lazy\" class=\"alignnone size-full wp-image-48936 aligncenter\" src=\"https:\/\/screamyell.com.br\/site\/wp-content\/uploads\/2018\/10\/elenao.jpg\" alt=\"\" width=\"750\" height=\"440\" srcset=\"https:\/\/screamyell.com.br\/site\/wp-content\/uploads\/2018\/10\/elenao.jpg 750w, https:\/\/screamyell.com.br\/site\/wp-content\/uploads\/2018\/10\/elenao-300x176.jpg 300w\" sizes=\"(max-width: 750px) 100vw, 750px\" \/><\/p>\n<p style=\"text-align: justify;\">Waters, entretanto, n\u00e3o \u00e9 o \u00fanico a caracterizar Trump como um porco. A capa da New York Magazine fez o mesmo em sua capa de 1 de abril. Outro que se posiciona abertamente contra Trump \u00e9 o m\u00fasico Juan Brujo, da banda norte-americana\/mexicana de grind core Brujeria: &#8220;Parece que as pessoas est\u00e3o voltando a odiar novamente. Quando eu nasci, as pessoas odiavam voc\u00ea. Se voc\u00ea \u00e9 negro voc\u00ea \u00e9 odiado. Se voc\u00ea \u00e9 mexicano, voc\u00ea odiado. Todo mundo odiava todo mundo. E isso passou. E agora o Donald Trump est\u00e1 tentando trazer isso de volta fazendo todo mundo odiar novamente. N\u00e3o sei se no Brasil isso \u00e9 baseado no dinheiro ou se \u00e9 baseado nas pessoas odiarem. Nos Estados Unidos \u00e9 baseado no \u00f3dio. \u00c9 a pior coisa que pode acontecer. Todo mundo contra todo mundo. Agora eu acho que os Estados Unidos t\u00eam o maior problema que qualquer um no mundo inteiro com esse cara chegando perto. Essa coisa do \u00f3dio \u00e9 errada. Ficar com essa coisa de odiar mexicanos, levantar um muro, come\u00e7ar guerras contra outros pa\u00edses \u00e9 loucura. Voc\u00ea n\u00e3o faz coisas como essa. O que eu sinto que ele est\u00e1 fazendo \u00e9 levar os Estados Unidos de volta 50 anos. Ele est\u00e1 indo para tr\u00e1s ao inv\u00e9s de para a frente&#8221;, <a href=\"https:\/\/whiplash.net\/materias\/entrevistas\/243112-brujeria.html\" target=\"_blank\" rel=\"noopener\">disse em entrevista ao site Whiplash<\/a>.<\/p>\n<p style=\"text-align: justify;\">Anthony Green, do Circa Survive, <a href=\"https:\/\/screamyell.com.br\/site\/2018\/09\/14\/entrevista-circa-survive\/\" target=\"_blank\" rel=\"noopener\">em entrevista ao Scream &amp; Yell<\/a>, faz coro: \u201cEu me sinto envergonhado de ser associado ao Trump de qualquer forma. Vivemos tempos dif\u00edceis, mas \u00e9 preciso transpar\u00eancia para com nossos filhos, afinal n\u00f3s cometemos erros no passado que n\u00e3o podem se repetir. Em tempos onde o \u00f3dio prevalece procuro ensinar a eles que devemos tratar bem uns aos outros\u201d. Riley Breckenridge, do Thrice, <a href=\"https:\/\/screamyell.com.br\/site\/2018\/07\/27\/entrevista-thrice\/\" target=\"_blank\" rel=\"noopener\">tamb\u00e9m em entrevista ao Scream &amp; Yell<\/a>, se junta ao grupo que critica Trump: \u201c\u00c9 constrangedor, nojento, tr\u00e1gico, enfurecedor e frustrante. Espero que possamos nos livrar dele em 2020 ou antes e sinceramente esperamos que todos possamos nos recuperar dos danos que ele est\u00e1 causando nos EUA e no mundo diariamente\u201d.<\/p>\n<p style=\"text-align: justify;\">Ao fim dos shows da turn\u00ea \u201cUs+Them\u201d h\u00e1 tamb\u00e9m o chamado a resistir a algo. Na Pol\u00f4nia, por exemplo, houve a conclama\u00e7\u00e3o a resistir \u00e0 pecaminosa alian\u00e7a entre igreja e estado, algo que assombra tamb\u00e9m por aqui com a ascens\u00e3o de candidatos ligados \u00e0s neopentecostais a cargos no legislativo e at\u00e9 no executivo de uma de nossas maiores cidades, mas que ainda n\u00e3o parece t\u00e3o perturbadora (n\u00e3o que n\u00e3o o seja, mas por enfrentar concorrentes abjetos de mais danoso potencial). Ao fim dos shows, particularmente em S\u00e3o Paulo, quando estivermos saindo do Allianz Parque, nos dirigindo \u00e0 Esta\u00e7\u00e3o Barra Funda do Metr\u00f4 e o solo de guitarra de &#8220;Confortably Numb&#8221; estiver dando reviravoltas em nossa cabe\u00e7a, qual ser\u00e1 a mensagem que teremos visto? &#8220;\u00c9 uma jornada pesada&#8221;, comentou a jornalista Fernanda Ezabela quando escreveu para o Scream &amp; Yell sobre o show &#8220;The Wall&#8221; <a href=\"https:\/\/screamyell.com.br\/site\/2010\/11\/30\/roger-waters-ao-vivo-em-los-angeles\/\" target=\"_blank\" rel=\"noopener\">que ela viu em Los Angeles, oito anos atr\u00e1s<\/a>. E continua sendo.<\/p>\n<p><iframe loading=\"lazy\" width=\"747\" height=\"420\" src=\"https:\/\/www.youtube.com\/embed\/vXAKwJuQksc?feature=oembed\" frameborder=\"0\" allow=\"autoplay; encrypted-media\" allowfullscreen><\/iframe><\/p>\n<p style=\"text-align: justify;\">Num pa\u00eds hoje dividido entre o &#8220;#eleN\u00e3o&#8221; e o &#8220;#eleSim&#8221;, tamb\u00e9m um reflexo do mundo atual, estamos entrando em um perigoso terreno que pode ter consequ\u00eancias catastr\u00f3ficas. Amizades feitas no mundo real s\u00e3o desfeitas tanto no mundo virtual quanto no pr\u00f3prio mundo real, com o clique de um bot\u00e3o. E muitas vezes &#8220;pelo pre\u00e7o de uma fatia de bolo e um ch\u00e1&#8221;. \u00c9 f\u00e1cil enfiar uma faca em um candidato por n\u00e3o concordar com suas ideias tanto quanto \u00e9 f\u00e1cil duvidar da honestidade de quem conviveu conosco por v\u00e1rios anos e, at\u00e9 ent\u00e3o, s\u00f3 nos tinha dado provas de idoneidade e merecimento de confian\u00e7a. Rotula-se &#8220;esquerda&#8221; e &#8220;direita&#8221; esbravejando contra o vizinho sem sequer saber o m\u00ednimo das teorias que est\u00e3o por tr\u00e1s de cada uma dessas &#8220;frentes&#8221;. N\u00e3o se trata mais apenas de economia, estado m\u00ednimo e liberalismo ou um estado super abrangente, com prote\u00e7\u00e3o aos menos favorecidos. Exageros acabam tornando-se comuns num cen\u00e1rio como esse, fazendo parecer como se seja preciso escolher exclusivamente entre o combate \u00e0 corrup\u00e7\u00e3o ou o cuidado com as pessoas. Acaba a humanidade, a empatia pelo pr\u00f3ximo, que, a exemplo do citado epis\u00f3dio de s\u00e9rie, deixa de ser visto como um ser humano. E quem acaso opta por posi\u00e7\u00f5es mais centristas acaba ficando no fogo cruzado entre os dois lados. Ora, afinal, para quem levanta a bandeira da extrema direita, quem est\u00e1 ao centro sempre estar\u00e1, naturalmente, \u00e0 esquerda. \u00c9 inimigo, portanto. O mesmo ocorre na outra extremidade do conflito.<\/p>\n<p style=\"text-align: justify;\">O pr\u00f3prio Roger Waters tamb\u00e9m j\u00e1 foi alvo em uma can\u00e7\u00e3o do Pink Floyd. Em &#8220;Lost for Words&#8221;, do \u00faltimo \u00e1lbum de est\u00fadio propriamente dito da banda, &#8220;The Division Bell&#8221; (1994), lan\u00e7ado anos depois que ele j\u00e1 havia deixado a banda. David Gilmour e sua esposa, Polly Samson, acusaram na letra Waters de responder com um &#8220;V\u00e1 se foder&#8221; a uma tentativa de reaproxima\u00e7\u00e3o com o grupo ap\u00f3s versos como:<\/p>\n<p style=\"text-align: justify;\"><em>\u201cEnquanto voc\u00ea perde tempo com seus inimigos<\/em><br \/>\n<em>Mergulhado em uma febre de rancor<\/em><br \/>\n<em>Al\u00e9m de sua estreita vis\u00e3o, a realidade desaparece<\/em><br \/>\n<em>Como sombras na noite\u201d<\/em><\/p>\n<p style=\"text-align: justify;\">Em tempo, a can\u00e7\u00e3o &#8220;Us and Them&#8221;, que conquistou o mundo em 1973, no ic\u00f4nico \u00e1lbum do prisma, seria parte da trilha sonora de &#8220;<a href=\"https:\/\/screamyell.com.br\/blog\/2011\/02\/27\/tres-filmes-a-revolucao-a-familia-e-os-culpados\/\" target=\"_blank\" rel=\"noopener\">Zabriskie Point<\/a>&#8221; (1970), mas foi rejeitada por Michellangelo Antonioni por ser &#8220;muito triste&#8221;. Seu nome, \u00e0 \u00e9poca, era &#8220;The Violent Sequence&#8221;. Sorte nossa. Ela apareceu muito mais amalgamada com suas &#8220;irm\u00e3s&#8221; anos depois, ajudando a descrever as nuances escuras da alma humana. E se todos n\u00f3s temos este ou aquele lado escuro em nossas almas, como chegamos ao ponto de vermos aqueles de quem discordamos como seres completamente obscuros?<\/p>\n<p><iframe loading=\"lazy\" width=\"747\" height=\"420\" src=\"https:\/\/www.youtube.com\/embed\/EaghSvzCUzY?feature=oembed\" frameborder=\"0\" allow=\"autoplay; encrypted-media\" allowfullscreen><\/iframe><\/p>\n<p><iframe loading=\"lazy\" width=\"747\" height=\"420\" src=\"https:\/\/www.youtube.com\/embed\/2KkaHY_MGXg?feature=oembed\" frameborder=\"0\" allow=\"autoplay; encrypted-media\" allowfullscreen><\/iframe><\/p>\n<p><iframe loading=\"lazy\" width=\"747\" height=\"420\" src=\"https:\/\/www.youtube.com\/embed\/a48U-reMnEU?feature=oembed\" frameborder=\"0\" allow=\"autoplay; encrypted-media\" allowfullscreen><\/iframe><\/p>\n<p>\u2013 Daniel Tavares (<a href=\"https:\/\/www.facebook.com\/daniel.tavares.96343\" target=\"_blank\" rel=\"noopener\">Facebook<\/a>) \u00e9 jornalista e mora em Fortaleza. Colabora com o Scream &amp; Yell desde 2014.<\/p>\n","protected":false},"excerpt":{"rendered":"Num pa\u00eds hoje dividido entre o &#8220;#eleN\u00e3o&#8221; e o &#8220;#eleSim&#8221;, tamb\u00e9m um reflexo do mundo atual, estamos entrando em um perigoso terreno que pode ter consequ\u00eancias catastr\u00f3ficas. Roger Waters chega para sonorizar essa dualidade neste m\u00eas confuso!\n<a class=\"moretag\" href=\"https:\/\/screamyell.com.br\/site\/2018\/10\/08\/roger-waters-esta-chegando-ao-brasil-desmascarando-fascistas\/\"> [...]<\/a>","protected":false},"author":10,"featured_media":48938,"comment_status":"open","ping_status":"open","sticky":false,"template":"","format":"standard","meta":[],"categories":[3],"tags":[1203,3274],"_links":{"self":[{"href":"https:\/\/screamyell.com.br\/site\/wp-json\/wp\/v2\/posts\/48923"}],"collection":[{"href":"https:\/\/screamyell.com.br\/site\/wp-json\/wp\/v2\/posts"}],"about":[{"href":"https:\/\/screamyell.com.br\/site\/wp-json\/wp\/v2\/types\/post"}],"author":[{"embeddable":true,"href":"https:\/\/screamyell.com.br\/site\/wp-json\/wp\/v2\/users\/10"}],"replies":[{"embeddable":true,"href":"https:\/\/screamyell.com.br\/site\/wp-json\/wp\/v2\/comments?post=48923"}],"version-history":[{"count":4,"href":"https:\/\/screamyell.com.br\/site\/wp-json\/wp\/v2\/posts\/48923\/revisions"}],"predecessor-version":[{"id":48939,"href":"https:\/\/screamyell.com.br\/site\/wp-json\/wp\/v2\/posts\/48923\/revisions\/48939"}],"wp:featuredmedia":[{"embeddable":true,"href":"https:\/\/screamyell.com.br\/site\/wp-json\/wp\/v2\/media\/48938"}],"wp:attachment":[{"href":"https:\/\/screamyell.com.br\/site\/wp-json\/wp\/v2\/media?parent=48923"}],"wp:term":[{"taxonomy":"category","embeddable":true,"href":"https:\/\/screamyell.com.br\/site\/wp-json\/wp\/v2\/categories?post=48923"},{"taxonomy":"post_tag","embeddable":true,"href":"https:\/\/screamyell.com.br\/site\/wp-json\/wp\/v2\/tags?post=48923"}],"curies":[{"name":"wp","href":"https:\/\/api.w.org\/{rel}","templated":true}]}}