{"id":48798,"date":"2018-09-25T16:41:47","date_gmt":"2018-09-25T19:41:47","guid":{"rendered":"https:\/\/screamyell.com.br\/site\/?p=48798"},"modified":"2018-11-18T13:03:02","modified_gmt":"2018-11-18T15:03:02","slug":"ao-vivo-otto-celebra-20-anos-de-samba-pra-burro","status":"publish","type":"post","link":"https:\/\/screamyell.com.br\/site\/2018\/09\/25\/ao-vivo-otto-celebra-20-anos-de-samba-pra-burro\/","title":{"rendered":"Ao Vivo: Otto celebra 20 anos de \u201cSamba pra Burro\u201d"},"content":{"rendered":"<h2 style=\"text-align: center;\"><strong>por\u00a0<a href=\"https:\/\/www.facebook.com\/renan.machadoguerra\" target=\"_blank\" rel=\"noopener noreferrer\">Renan Guerra<\/a><\/strong><\/h2>\n<p style=\"text-align: justify;\">Primeiro disco solo de Otto (ap\u00f3s sua sa\u00edda do Mundo Livre S\/A) e o primeiro disco lan\u00e7ado pela gravadora Trama, \u201cSamba pra Burro\u201d (1998) foi uma aposta de Carlos Eduardo Miranda, produtor lend\u00e1rio falecido recentemente. Misturando folclore, forr\u00f3 e rap com jungle, techno e drum\u2019n\u2019bass, a estreia do artista recifense foi saudada como \u201co som do novo mil\u00eanio\u201d que se aproximava.<\/p>\n<p style=\"text-align: justify;\">Sucesso nacional e internacional, \u201cSamba pra Burro\u201d foi escolhido o disco de 1998 pela APCA \u2013 Associa\u00e7\u00e3o Paulista de Cr\u00edticos de Arte, ganhou uma luxuosa edi\u00e7\u00e3o com remixes em 2000 e abriu as portas para a carreira de Otto. De l\u00e1 pra c\u00e1 se passaram 20 anos, agora Otto \u00e9 figura respeitada (entre adoradores e detratores) numa carreira com cinco discos autorais e um estilo muito particular de se expressar e de expor sua m\u00fasica. Celebrando os 20 anos do disco, \u201cSamba pra Burro\u201d surge finalmente reeditado em vinil (via Polysom) e, como festa de lan\u00e7amento, o cantor se apresentou em duas noites no Sesc Pinheiros \u2013 22 e 23 de setembro.<\/p>\n<p style=\"text-align: justify;\">Curiosa a escolha de se colocar um show que celebra o disco mais dan\u00e7ante de Otto no Teatro Paulo Autran, tanto que j\u00e1 na primeira m\u00fasica, \u201cBob\u201d, era poss\u00edvel notar aglomera\u00e7\u00f5es nos dois cantos da plat\u00e9ia, com pessoas que preferiam assistir de p\u00e9, dan\u00e7ando. E esse foi o clima da noite: uma plat\u00e9ia que parecia n\u00e3o se conter nas cadeiras do teatro e queria vibrar com aquelas can\u00e7\u00f5es. O show especial foi direto: \u201cBob\u201d, \u201cTV \u00e0 cabo\/O que d\u00e1 l\u00e1 \u00e9 lama\u201d, \u201cLow\u201d e \u201cRenault\/Peugeot\u201d foram tocadas numa sequ\u00eancia matadora. Em um momento mais calmo, ele chamou ao palco sua esposa Kenza Said, que timidamente o acompanhou na triste \u201cDistra\u00edda pra Morte\u201d, finalizada com uma homenagens \u00e0s mulheres brasileiras \u2013 dando eco ao movimento do #EleN\u00e3o e relembrando Marielle Franco e o f\u00f3ssil de Luzia.<\/p>\n<p style=\"text-align: justify;\">Na sequ\u00eancia, o hit \u201cCiranda de Maluco\u201d fechou o primeiro ato de celebra\u00e7\u00e3o. Dali pra frente misturou-se diferentes temas: desde can\u00e7\u00f5es do recente \u201cOttomatopeia\u201d, lan\u00e7ado em 2017, at\u00e9 can\u00e7\u00f5es de discos como \u201cThe Moon 1111\u201d (2012) e do excelente \u201cCerta Manh\u00e3 Acordei de Sonhos Intranq\u00fcilos\u201d (2009). Entre cada m\u00fasica, Otto seguia seu ritual tradicional, que sempre torna seus shows particulares: ele contava hist\u00f3rias, falava coisas ora indecifr\u00e1veis, ora engra\u00e7adas, posando como um guru um tanto quanto alucinado.<\/p>\n<p style=\"text-align: justify;\">O show todo, ali\u00e1s, \u00e9 marcado por atitudes que se espera de um show do Otto, naquilo que poder\u00edamos chamar de \u201cOtto-ismos\u201d: ele dan\u00e7a desengon\u00e7ado, tira a camisa, se joga \u00e1gua, joga-se no ch\u00e3o, corre pela plat\u00e9ia, salta do palco, faz estripulias com a banda e, claramente, se diverte enquanto canta. Al\u00e9m de sua figura apote\u00f3tica, sua banda \u00e9 um espet\u00e1culo a parte: Junior Boca (guitarra), Bact\u00e9ria (teclado), Carranca (bateria), Meno del Picchia (baixo), Mal\u00ea (percuss\u00e3o) e Buguinha (programa\u00e7\u00f5es eletr\u00f4nicas) conseguem dar o tom que cada momento pede, passando pelas eletronices do \u201cSamba pra Burro\u201d, pela for\u00e7a roqueira de algumas can\u00e7\u00f5es e dando pano inclusive para pontos de macumba entoados de forma intensa por Otto.<\/p>\n<p style=\"text-align: justify;\">A divers\u00e3o do cantor e o sentido de celebra\u00e7\u00e3o do show \u00e9 que deram o tom da noite, transformando o Teatro Paulo Autran, do Sesc Pinheiros, em um espa\u00e7o de festa \u2013 nas can\u00e7\u00f5es finais, inclusive, o p\u00fablico todo se levantou e aproximou-se do palco. No final das contas, a celebra\u00e7\u00e3o dos 20 anos de \u201cSamba pra Burro\u201d refor\u00e7am a for\u00e7a da figura de Otto, que segue el\u00e9trico em suas confabula\u00e7\u00f5es e composi\u00e7\u00f5es, mostrando que o disco precisa ser revisitado e (re)compreendido com o olhar de nosso tempo, inclusive por aqueles que desconhecem a obra. Quanto ao show, no palco Otto segue sendo uma festa para quem est\u00e1 aberto a ela, do tipo que se deve ir preparado para o papo e o rebolado do recifense.<\/p>\n<p><img decoding=\"async\" loading=\"lazy\" class=\"alignnone size-full wp-image-48800 aligncenter\" src=\"https:\/\/screamyell.com.br\/site\/wp-content\/uploads\/2018\/09\/otto2.jpg\" alt=\"\" width=\"750\" height=\"440\" srcset=\"https:\/\/screamyell.com.br\/site\/wp-content\/uploads\/2018\/09\/otto2.jpg 750w, https:\/\/screamyell.com.br\/site\/wp-content\/uploads\/2018\/09\/otto2-300x176.jpg 300w\" sizes=\"(max-width: 750px) 100vw, 750px\" \/><\/p>\n<p style=\"text-align: justify;\">\u2013\u00a0<a href=\"https:\/\/www.facebook.com\/renan.machadoguerra\" target=\"_blank\" rel=\"noopener noreferrer\">Renan Guerra<\/a>\u00a0\u00e9 jornalista e colabora com o sites\u00a0<a href=\"http:\/\/www.aescotilha.com.br\/\" target=\"_blank\" rel=\"noopener noreferrer\">A Escotilha<\/a>. Escreve para o Scream &amp; Yell desde 2014. As duas fotos usadas no texto foram cedidas por <a href=\"https:\/\/www.facebook.com\/jamermello\" target=\"_blank\" rel=\"noopener\">Jamer Guterres de Mello<\/a>!<\/p>\n<p><strong>Leia tamb\u00e9m:<\/strong><br \/>\n\u2013 Ao vivo no Sesc Pinheiros: a linha fina em que Otto caminha, por Mac (<a href=\"https:\/\/screamyell.com.br\/site\/2010\/04\/11\/a-linha-fina-em-que-otto-caminha\/\">aqui<\/a>)<br \/>\n\u2013 Otto, alegria e reden\u00e7\u00e3o no Ibirapuera, por Marco Tomazzoni (<a href=\"https:\/\/screamyell.com.br\/site\/2010\/03\/14\/otto-alegria-e-redencao-no-ibirapuera\/\">aqui<\/a>)<br \/>\n\u2013 \u201cCerta Manh\u00e3 Acordei de Sonhos Intranquilos\u201d, de Otto, por Marcelo Costa (<a href=\"https:\/\/screamyell.com.br\/site\/2010\/04\/11\/2009\/12\/02\/otto-lanca-um-dos-discos-do-ano\/\" target=\"_blank\" rel=\"noopener\">aqui<\/a>)<br \/>\n\u2013 Entrevista com Otto em 2005, por Marcelo Costa (<a href=\"http:\/\/www.screamyell.com.br\/musicadois\/otto_DVD.htm\">aqui<\/a>)<\/p>\n","protected":false},"excerpt":{"rendered":"O show especial foi direto: \u201cBob\u201d, \u201cTV \u00e0 cabo\/O que d\u00e1 l\u00e1 \u00e9 lama\u201d, \u201cLow\u201d e \u201cRenault\/Peugeot\u201d foram tocadas numa sequ\u00eancia matadora. Em um momento mais calmo, ele chamou ao palco sua esposa Kenza Said&#8230;\n<a class=\"moretag\" href=\"https:\/\/screamyell.com.br\/site\/2018\/09\/25\/ao-vivo-otto-celebra-20-anos-de-samba-pra-burro\/\"> [...]<\/a>","protected":false},"author":3,"featured_media":48799,"comment_status":"open","ping_status":"open","sticky":false,"template":"","format":"standard","meta":[],"categories":[3],"tags":[2313],"_links":{"self":[{"href":"https:\/\/screamyell.com.br\/site\/wp-json\/wp\/v2\/posts\/48798"}],"collection":[{"href":"https:\/\/screamyell.com.br\/site\/wp-json\/wp\/v2\/posts"}],"about":[{"href":"https:\/\/screamyell.com.br\/site\/wp-json\/wp\/v2\/types\/post"}],"author":[{"embeddable":true,"href":"https:\/\/screamyell.com.br\/site\/wp-json\/wp\/v2\/users\/3"}],"replies":[{"embeddable":true,"href":"https:\/\/screamyell.com.br\/site\/wp-json\/wp\/v2\/comments?post=48798"}],"version-history":[{"count":3,"href":"https:\/\/screamyell.com.br\/site\/wp-json\/wp\/v2\/posts\/48798\/revisions"}],"predecessor-version":[{"id":48806,"href":"https:\/\/screamyell.com.br\/site\/wp-json\/wp\/v2\/posts\/48798\/revisions\/48806"}],"wp:featuredmedia":[{"embeddable":true,"href":"https:\/\/screamyell.com.br\/site\/wp-json\/wp\/v2\/media\/48799"}],"wp:attachment":[{"href":"https:\/\/screamyell.com.br\/site\/wp-json\/wp\/v2\/media?parent=48798"}],"wp:term":[{"taxonomy":"category","embeddable":true,"href":"https:\/\/screamyell.com.br\/site\/wp-json\/wp\/v2\/categories?post=48798"},{"taxonomy":"post_tag","embeddable":true,"href":"https:\/\/screamyell.com.br\/site\/wp-json\/wp\/v2\/tags?post=48798"}],"curies":[{"name":"wp","href":"https:\/\/api.w.org\/{rel}","templated":true}]}}