{"id":47277,"date":"2018-04-27T09:22:27","date_gmt":"2018-04-27T12:22:27","guid":{"rendered":"https:\/\/screamyell.com.br\/site\/?p=47277"},"modified":"2018-06-13T10:39:57","modified_gmt":"2018-06-13T13:39:57","slug":"entrevista-daparte","status":"publish","type":"post","link":"https:\/\/screamyell.com.br\/site\/2018\/04\/27\/entrevista-daparte\/","title":{"rendered":"Entrevista: Daparte"},"content":{"rendered":"<h2 style=\"text-align: center;\"><strong>entrevista por\u00a0<\/strong><a href=\"https:\/\/www.facebook.com\/marcos.paulino.313?\" target=\"_blank\" rel=\"noopener noreferrer\"><strong>Marcos Paulino<\/strong><\/a><\/h2>\n<p style=\"text-align: justify;\">S\u00e3o bem comuns os textos sobre a Daparte que, logo ap\u00f3s o nome do quinteto, colocam v\u00edrgula e informam: \u201cbanda do filho de Samuel Rosa, do Skank\u201d. O filho em quest\u00e3o \u00e9 Juliano Alvarenga, de 19 anos, primog\u00eanito do vocalista e guitarrista Samuel, l\u00edder de uma banda que, \u00f3bvio, dispensa apresenta\u00e7\u00f5es. Cientes de que o parente famoso abre portas, a galera da Daparte n\u00e3o se importa que o v\u00ednculo seja lembrado a cada reportagem.<\/p>\n<p style=\"text-align: justify;\">Mais que isso, os mineiros t\u00eam aproveitado essa proximidade com o Skank pra ganhar uma exposi\u00e7\u00e3o extra, como o vocalista e guitarrista Jo\u00e3o Ferreira admite nesta entrevista. Inclusive, foi ao abrir um show de Samuel Rosa e companhia que a garotada resolveu levar esse lance de m\u00fasica mais a s\u00e9rio. Partindo de influ\u00eancias comuns aos cinco \u2013 al\u00e9m de Juliano e Jo\u00e3o, a banda conta com Bernardo Cipriano (voz e teclado), T\u00falio Lima (voz e baixo) e Daniel Crase (bateria) \u2013, a\u00ed inclu\u00eddos do mineir\u00edssimo Clube da Esquina ao rock ingl\u00eas dos anos 90, a Daparte mistura sem cerim\u00f4nia guitarras distorcidas, teclados nervosos e grooves.<\/p>\n<p style=\"text-align: justify;\">Formada em 2015, em Belo Horizonte, a banda trabalhou nos \u00faltimos tr\u00eas anos nas 10 faixas de seu disco de estreia, \u201cCharles\u201d. O \u00e1lbum, rec\u00e9m-lan\u00e7ado, tem produ\u00e7\u00e3o de Renato Cipriano, engenheiro de som vencedor de um Grammy, que \u00e9 pai de Bernardo. Ou seja: tome mais gen\u00e9tica da boa no sangue da Daparte!<\/p>\n<p><iframe loading=\"lazy\" width=\"747\" height=\"420\" src=\"https:\/\/www.youtube.com\/embed\/6Z4oji3OdhY?feature=oembed\" frameborder=\"0\" allow=\"autoplay; encrypted-media\" allowfullscreen><\/iframe><\/p>\n<p style=\"text-align: justify;\"><strong>\u00c9 verdade que a Daparte nasceu quase por acaso, para se apresentar durante um St. Patrick\u2019s Day?<\/strong><br \/>\nSim. A banda que o Ju e o B\u00ea tinham foi convidada, mas n\u00e3o poderia tocar, ent\u00e3o os dois chamaram o Daniel e o T\u00falio pra fazer o show com eles. Fiquei sabendo e pedi pra entrar na festa tamb\u00e9m.<\/p>\n<p style=\"text-align: justify;\"><strong>E de onde veio o nome da banda?<\/strong><br \/>\nEst\u00e1vamos num show do L\u00f4 Borges e do Samuel Rosa e l\u00e1 estava sendo vendido um livro de casos do Clube da Esquina. O T\u00falio e o Daniel leram sobre o apelido que o L\u00f4 e seu irm\u00e3o M\u00e1rcio Borges se davam e nos sugeriu que o us\u00e1ssemos de nome. O apelido \u00e9 &#8220;Daparte&#8221;. Como somos apreciadores do Clube e gostamos da sonoridade, resolvemos usar esse nome.<\/p>\n<p style=\"text-align: justify;\"><strong>A banda cita influ\u00eancias como Clube da Esquina e Oasis. O que mais entra nesse caldeir\u00e3o que mistura pop, groove e rock?<\/strong><br \/>\nUltimamente, temos escutado muito Supergrass, Vulfpeck, O Terno, Tim Bernardes, Boogarins e Devise.<\/p>\n<p style=\"text-align: justify;\"><strong>A banda surgiu em 2015 e o primeiro disco est\u00e1 saindo tr\u00eas anos depois. Como foi esse per\u00edodo de matura\u00e7\u00e3o at\u00e9 voc\u00eas acharem que estavam prontos pra gravar?<\/strong><br \/>\nForam tr\u00eas anos de muita conviv\u00eancia. Tocamos em muitos bares e casas de show menores em BH e fomos convidados pra tocar em festivais grandes, como o Planeta Brasil e o Festival de Inverno, mas o ponto de virada mesmo foi a abertura que fizemos pro Skank, em 2016. A partir dali, come\u00e7amos a dar mais aten\u00e7\u00e3o \u00e0 banda, ensaiar mais e nos dedicar \u00e0s composi\u00e7\u00f5es. Todo esse investimento emocional nos foi crucial pro crescimento pessoal, art\u00edstico e profissional.<\/p>\n<p style=\"text-align: justify;\"><strong>Como \u00e9 o processo de composi\u00e7\u00e3o da banda?<\/strong><br \/>\nEm alguns casos, algu\u00e9m chega com uma composi\u00e7\u00e3o de voz e viol\u00e3o j\u00e1 quase pronta e n\u00f3s adicionamos a cara da banda; em outros, a gente senta junto e trabalha as ideias nos ensaios. Compomos muito por WhatsApp tamb\u00e9m. [Risos]<\/p>\n<p style=\"text-align: justify;\"><strong>Contar com quatro integrantes que cantam \u00e9 um diferencial que d\u00e1 mais versatilidade \u00e0 Daparte?<\/strong><br \/>\nTer quatro timbres e quatro formas de interpretar uma can\u00e7\u00e3o \u00e9 uma baita caixa de ferramentas! Al\u00e9m do mais, sempre h\u00e1 espa\u00e7o pra uma harmoniza\u00e7\u00e3o vocal aqui ou l\u00e1.<\/p>\n<p style=\"text-align: justify;\"><strong>Voc\u00eas tiveram a oportunidade de fazer abertura pro Skank at\u00e9 pelo parentesco que une as duas bandas. Essa proximidade \u00e9 boa para trazer mais exposi\u00e7\u00e3o?<\/strong><br \/>\nCom certeza. A procura por nossa banda acontece pela influ\u00eancia indireta do Skank muitas vezes. As pessoas tomam conhecimento da gente atrav\u00e9s da exposi\u00e7\u00e3o que o Skank, que j\u00e1 \u00e9 consagrad\u00edssimo, tem e acaba nos procurando tamb\u00e9m. E \u00e0s vezes h\u00e1 tamb\u00e9m uma influ\u00eancia direta na nossa exposi\u00e7\u00e3o. Como o \u00fanico show que abrimos pra eles, em 2016, e as postagens eventuais que os integrantes fazem carinhosamente nas redes sociais deles.<\/p>\n<p style=\"text-align: justify;\"><strong>Por outro lado, ter um integrante filho de um m\u00fasico consagrado aumenta a cobran\u00e7a sobre a banda?<\/strong><br \/>\nVemos isso como uma oportunidade para crescermos. Tentamos sempre superar as expectativas que s\u00e3o criadas em torno de n\u00f3s. Procuramos inovar em arranjos ou em composi\u00e7\u00f5es e sempre estamos nos empenhando para melhorar mais o que j\u00e1 temos. Ensaiamos tr\u00eas ou quatro vezes por semana em certas ocasi\u00f5es, com ensaios que acabam de madrugada. Essa expectativa que se cria em torno de n\u00f3s nos motiva a trabalhar at\u00e9 o nosso limite f\u00edsico e mental.<\/p>\n<p style=\"text-align: justify;\"><strong>O primeiro single de trabalho, \u201cGuarda-Chuva\u201d, ganhou clipe e vai acumulando visualiza\u00e7\u00f5es. Outras faixas tamb\u00e9m ter\u00e3o v\u00eddeos?<\/strong><br \/>\nSim! \u201cAldeia\u201d j\u00e1 tem clipe gravado e ser\u00e1 nosso pr\u00f3ximo lan\u00e7amento. O resto \u00e9 surpresa por enquanto.<\/p>\n<p style=\"text-align: justify;\"><strong>Voc\u00eas v\u00e3o sair em turn\u00ea para divulgar o disco? Por onde pretendem passar?<\/strong><br \/>\nVamos demais! Inicialmente, estamos planejando tocar em cidades do interior de Minas e capitais de outros Estados, como SP, RJ, ES, RS&#8230; Mas sempre estamos abertos a convites para tocar em qualquer cidade. As datas ser\u00e3o divulgadas nas nossas redes sociais.<\/p>\n<p><iframe loading=\"lazy\" width=\"747\" height=\"420\" src=\"https:\/\/www.youtube.com\/embed\/kjdVI2xJZJQ?feature=oembed\" frameborder=\"0\" allow=\"autoplay; encrypted-media\" allowfullscreen><\/iframe><\/p>\n<p><iframe loading=\"lazy\" width=\"747\" height=\"420\" src=\"https:\/\/www.youtube.com\/embed\/1omWNrb7FYM?feature=oembed\" frameborder=\"0\" allow=\"autoplay; encrypted-media\" allowfullscreen><\/iframe><\/p>\n<p>\u2013\u00a0<a href=\"https:\/\/www.facebook.com\/marcos.paulino.313?\" target=\"_blank\" rel=\"noopener noreferrer\">Marcos Paulino<\/a>\u00a0\u00e9 jornalista editor do site Mundo Plug (<a href=\"http:\/\/www.mundoplug.com\/\" target=\"_blank\" rel=\"noopener\">www.mundoplug.com<\/a>)<\/p>\n","protected":false},"excerpt":{"rendered":"Formada em 2015 em Belo Horizonte, a Daparte trabalhou nos \u00faltimos tr\u00eas anos nas 10 faixas de seu disco de estreia, \u201cCharles\u201d. O \u00e1lbum tem produ\u00e7\u00e3o de Renato Cipriano, engenheiro de som vencedor de um Grammy\n<a class=\"moretag\" href=\"https:\/\/screamyell.com.br\/site\/2018\/04\/27\/entrevista-daparte\/\"> [...]<\/a>","protected":false},"author":5,"featured_media":47278,"comment_status":"open","ping_status":"open","sticky":false,"template":"","format":"standard","meta":[],"categories":[3],"tags":[2753],"_links":{"self":[{"href":"https:\/\/screamyell.com.br\/site\/wp-json\/wp\/v2\/posts\/47277"}],"collection":[{"href":"https:\/\/screamyell.com.br\/site\/wp-json\/wp\/v2\/posts"}],"about":[{"href":"https:\/\/screamyell.com.br\/site\/wp-json\/wp\/v2\/types\/post"}],"author":[{"embeddable":true,"href":"https:\/\/screamyell.com.br\/site\/wp-json\/wp\/v2\/users\/5"}],"replies":[{"embeddable":true,"href":"https:\/\/screamyell.com.br\/site\/wp-json\/wp\/v2\/comments?post=47277"}],"version-history":[{"count":1,"href":"https:\/\/screamyell.com.br\/site\/wp-json\/wp\/v2\/posts\/47277\/revisions"}],"predecessor-version":[{"id":47279,"href":"https:\/\/screamyell.com.br\/site\/wp-json\/wp\/v2\/posts\/47277\/revisions\/47279"}],"wp:featuredmedia":[{"embeddable":true,"href":"https:\/\/screamyell.com.br\/site\/wp-json\/wp\/v2\/media\/47278"}],"wp:attachment":[{"href":"https:\/\/screamyell.com.br\/site\/wp-json\/wp\/v2\/media?parent=47277"}],"wp:term":[{"taxonomy":"category","embeddable":true,"href":"https:\/\/screamyell.com.br\/site\/wp-json\/wp\/v2\/categories?post=47277"},{"taxonomy":"post_tag","embeddable":true,"href":"https:\/\/screamyell.com.br\/site\/wp-json\/wp\/v2\/tags?post=47277"}],"curies":[{"name":"wp","href":"https:\/\/api.w.org\/{rel}","templated":true}]}}