{"id":47052,"date":"2018-04-03T16:17:17","date_gmt":"2018-04-03T19:17:17","guid":{"rendered":"https:\/\/screamyell.com.br\/site\/?p=47052"},"modified":"2018-06-04T16:33:32","modified_gmt":"2018-06-04T19:33:32","slug":"colera-lanca-acorde-acorde-acorde","status":"publish","type":"post","link":"https:\/\/screamyell.com.br\/site\/2018\/04\/03\/colera-lanca-acorde-acorde-acorde\/","title":{"rendered":"C\u00f3lera lan\u00e7a &#8220;Acorde! Acorde! Acorde!&#8221;"},"content":{"rendered":"<h2 style=\"text-align: center;\"><strong>por Marcelo Costa<\/strong><\/h2>\n<p style=\"text-align: justify;\">\u00c0s v\u00e9speras de completar 40 anos de hist\u00f3ria punk rock n\u2019 roll (o C\u00f3lera foi formado em 1979!), um dos grupos mais importantes do movimento punk brasileiro coloca nas ruas &#8220;Acorde! Acorde! Acorde!&#8221; (<a href=\"https:\/\/c-o-l-e-r-a.bandcamp.com\/album\/acorde-acorde-acorde\" target=\"_blank\" rel=\"noopener\">ou\u00e7a e baixe no Bandcamp<\/a>), seu primeiro \u00e1lbum de in\u00e9ditas em 14 anos e tamb\u00e9m o primeiro disco sem Redson, que faleceu em setembro de 2011, quando o grupo se preparava para iniciar a produ\u00e7\u00e3o do novo material, deixando para os companheiros de banda n\u00e3o s\u00f3 os rascunhos de letras e can\u00e7\u00f5es in\u00e9ditas, mas principalmente a miss\u00e3o de levar em frente a mensagem e o nome da banda.<\/p>\n<p style=\"text-align: justify;\">\u201cFicamos muito tempo sem lan\u00e7ar nada por estarmos preocupados em fazer sons novos\u201d, revela o baterista Pierre, irm\u00e3o de Redson e \u00fanico integrante da forma\u00e7\u00e3o que se juntou em 1979. O baixista Val entrou no ano seguinte, 1980, e \u00e9 com Val, Pierre e Redson que o C\u00f3lera se tornaria conhecido por punks de todo o mundo atrav\u00e9s de discos, shows e turn\u00eas. \u201cGeralmente os \u00e1lbuns do C\u00f3lera demoram alguns anos para serem produzidos, mas, por motivos \u00f3bvios, o &#8216;Acorde! Acorde! Acorde!&#8217; demorou muito mais\u201d, explica Val, que aproveita a deixa para agradecer: \u201cNos sentimos muito honrados de termos Wendell Barros e Fabio Belluci fazendo parte da nossa hist\u00f3ria\u201d.<\/p>\n<p style=\"text-align: justify;\">Wendell era roadie do C\u00f3lera, e num registro simb\u00f3lico lan\u00e7ado em DVD, o show de 2011 &#8220;Punhos &amp; Vozes &#8211; Rasgando no Ar!&#8221;, canta, a pedido do pr\u00f3prio Redson, a \u00faltima m\u00fasica, \u201cHisteria\u201d. Wendell assumiu o vocal do C\u00f3lera em 2012 e os f\u00e3s o aprovaram de primeira. J\u00e1 o guitarrista F\u00e1bio teve uma fita demo de sua primeira banda produzida por Redson em 2004. \u201cA gente tinha 13 anos e \u00e9 surreal pensar que um cara de uma banda consagrada pudesse produzir a gente. E ele produziu\u201d, orgulha-se. F\u00e1bio assumiu a guitarra do C\u00f3lera em 2014 e desde ent\u00e3o os quatro v\u00eam trabalhando no novo disco e juntando as pe\u00e7as que formam o poderoso &#8216;Acorde! Acorde! Acorde!&#8217; \u201cTodo o processo de ensaios, composi\u00e7\u00e3o, grava\u00e7\u00e3o e mixagem durou tr\u00eas anos\u201d, conta Wendell. \u201cEstamos muito felizes com o resultado final\u201d.<\/p>\n<p><iframe loading=\"lazy\" width=\"747\" height=\"420\" src=\"https:\/\/www.youtube.com\/embed\/QNPYJZZNAac?feature=oembed\" frameborder=\"0\" allow=\"autoplay; encrypted-media\" allowfullscreen><\/iframe><\/p>\n<p style=\"text-align: justify;\">N\u00e3o \u00e9 para menos. &#8220;Acorde! Acorde! Acorde!&#8221; condensa em 16 can\u00e7\u00f5es (tr\u00eas delas vers\u00f5es demo com Redson em 2009 que surgem como faixas b\u00f4nus) toda a energia que o C\u00f3lera mostrou nas \u00faltimas quatro d\u00e9cadas. \u201cAbre a porta e aumenta o som \/ B\u00edpedes pensantes querem comunica\u00e7\u00e3o\u201d, intima a explosiva \u201cSomos Cromossomos\u201d, que abre o disco. \u201cCapacete Vermelho\u201d j\u00e1 vem sendo tocada ao vivo desde 2012, e ganha agora sua vers\u00e3o final. Segundo Wendell, \u201ctivemos que procurar as letras, algumas delas j\u00e1 escritas, outras em rascunho, montar o quebra cabe\u00e7a e compor em cima das que faltavam ser finalizadas\u201d. O desafio foi cumprido com honras.<\/p>\n<p style=\"text-align: justify;\">&#8220;Acorde! Acorde! Acorde!&#8221; traz faixas como \u201cTurbul\u00eancias\u201d, com a metaleira de Felippe Pipeta (trompete), Victor F\u00e3o (trombone) e Bio Bonato (sax) comendo solta no arranjo vigoroso; j\u00e1 \u201cD\u00e9cimo-Terceiro\u201d \u00e9 uma critica feroz a quem se rende ao capitalismo, \u201cOstentando o que n\u00e3o pode ter \/ Impulsivos gastando sem perceber\u201d. Na mesma linha, \u201cCreation\u201d cobra atitude de cada pessoa: \u201cSempre tem algu\u00e9m usando algu\u00e9m! Sempre tem algu\u00e9m sugando algu\u00e9m! Tente essa droga mudar\u201d.<\/p>\n<p style=\"text-align: justify;\">Um dos destaques do \u00e1lbum \u00e9 a \u00d3pera do Caos, conceito desenvolvido por Redson que agrupa 5 novas faixas na forma de uma \u00f3pera punk. \u201cMr. Gamble\u201d \u00e9 o primeiro ato e conta a hist\u00f3ria de um ditador, seus m\u00e9todos para ascender ao poder, e todos os artif\u00edcios de manipula\u00e7\u00e3o que utiliza para alcan\u00e7ar seus objetivos. No segundo ato, \u201cMezza Mezza\u201d, uma pessoa em busca de autoconhecimento descobre que a a\u00e7\u00e3o n\u00e3o se limita ao plano f\u00edsico. \u201cF\u00e1 D\u00f3 L\u00e1\u201d, o terceiro ato, defende que sabedoria e discernimento s\u00e3o como uma m\u00e1scara de g\u00e1s para sobreviver ao desespero imposto pelas bombas da m\u00eddia. \u201cCaos\u201d, o quarto ato, \u00e9 o apogeu da tirania, que flagra milh\u00f5es de pessoas ref\u00e9ns de um homem e um bot\u00e3o. \u201cHino\u201d, a apoteose da \u00d3pera do Caos, relembra como superamos anos dif\u00edceis de ditadura militar sem ceder \u00e0 censura e \u00e0s constantes abordagens policiais, contando apenas com uma arma muito poderosa que o sistema n\u00e3o conseguiu neutralizar: a m\u00fasica. \u201cN\u00e3o vamos calar\u201d, diz o refr\u00e3o.<\/p>\n<p style=\"text-align: justify;\">\u201cPor um tempo achei que estava tudo perdido\u201d, confidencia Pierre. \u201cMas o apoio da fam\u00edlia, amigos e seguidores, fez com que continu\u00e1ssemos\u201d, revela. \u201cSuperamos os obst\u00e1culos e ai est\u00e1 &#8216;Acorde! Acorde! Acorde!&#8217;, conclu\u00eddo, gravado, mixado e masterizado. \u00c9 um trabalho feito com a paix\u00e3o de quem acredita na nossa hist\u00f3ria\u201d, diz Val. \u201cEst\u00e1 sendo uma honra levar adiante o legado que o Redson nos deixou gravando e lan\u00e7ando o disco que ele tanto queria ter gravado\u201d, observa Wendell. \u201cDiscos como \u2018<a href=\"https:\/\/c-o-l-e-r-a.bandcamp.com\/album\/tente-mudar-o-amanh\" target=\"_blank\" rel=\"noopener\">Tente Mudar o Amanh\u00e3<\/a>\u2019, de 1984, e \u2018<a href=\"https:\/\/c-o-l-e-r-a.bandcamp.com\/album\/pela-paz-em-todo-mundo\" target=\"_blank\" rel=\"noopener\">Pela Paz<\/a>, de 1986, foram muito importantes para mim e espero que Acorde! Acorde! Acorde! represente o mesmo para a molecada de agora\u201d, deseja F\u00e1bio. \u201cN\u00f3s continuamos insistindo em nosso objetivo, que \u00e9 o t\u00edtulo do nosso primeiro \u00e1lbum: tente mudar o amanh\u00e3. E assim seguimos\u201d, encerra Val. Agora \u00e9 com voc\u00ea: &#8220;Acorde! Acorde! Acorde!&#8221;.<\/p>\n<p><img decoding=\"async\" loading=\"lazy\" class=\"alignnone size-full wp-image-47054\" src=\"https:\/\/screamyell.com.br\/site\/wp-content\/uploads\/2018\/04\/colera2.jpg\" alt=\"\" width=\"750\" height=\"750\" srcset=\"https:\/\/screamyell.com.br\/site\/wp-content\/uploads\/2018\/04\/colera2.jpg 750w, https:\/\/screamyell.com.br\/site\/wp-content\/uploads\/2018\/04\/colera2-150x150.jpg 150w, https:\/\/screamyell.com.br\/site\/wp-content\/uploads\/2018\/04\/colera2-300x300.jpg 300w\" sizes=\"(max-width: 750px) 100vw, 750px\" \/><\/p>\n<p>\u2013 Marcelo Costa (<a href=\"http:\/\/twitter.com\/#%21\/screamyell\" target=\"_blank\" rel=\"noopener\">@screamyell<\/a>) edita o Scream &amp; Yell e assina a Calmantes com Champagne<\/p>\n","protected":false},"excerpt":{"rendered":"Fruto de um crowdfunding de sucesso e lan\u00e7ado pelo selo EAEO, o primeiro disco de in\u00e9ditas do C\u00f3lera sem Redson traz can\u00e7\u00f5es que ele vinha compondo com Val e Pierre&#8230;\n<a class=\"moretag\" href=\"https:\/\/screamyell.com.br\/site\/2018\/04\/03\/colera-lanca-acorde-acorde-acorde\/\"> [...]<\/a>","protected":false},"author":2,"featured_media":47053,"comment_status":"open","ping_status":"open","sticky":false,"template":"","format":"standard","meta":[],"categories":[3],"tags":[2724],"_links":{"self":[{"href":"https:\/\/screamyell.com.br\/site\/wp-json\/wp\/v2\/posts\/47052"}],"collection":[{"href":"https:\/\/screamyell.com.br\/site\/wp-json\/wp\/v2\/posts"}],"about":[{"href":"https:\/\/screamyell.com.br\/site\/wp-json\/wp\/v2\/types\/post"}],"author":[{"embeddable":true,"href":"https:\/\/screamyell.com.br\/site\/wp-json\/wp\/v2\/users\/2"}],"replies":[{"embeddable":true,"href":"https:\/\/screamyell.com.br\/site\/wp-json\/wp\/v2\/comments?post=47052"}],"version-history":[{"count":1,"href":"https:\/\/screamyell.com.br\/site\/wp-json\/wp\/v2\/posts\/47052\/revisions"}],"predecessor-version":[{"id":47055,"href":"https:\/\/screamyell.com.br\/site\/wp-json\/wp\/v2\/posts\/47052\/revisions\/47055"}],"wp:featuredmedia":[{"embeddable":true,"href":"https:\/\/screamyell.com.br\/site\/wp-json\/wp\/v2\/media\/47053"}],"wp:attachment":[{"href":"https:\/\/screamyell.com.br\/site\/wp-json\/wp\/v2\/media?parent=47052"}],"wp:term":[{"taxonomy":"category","embeddable":true,"href":"https:\/\/screamyell.com.br\/site\/wp-json\/wp\/v2\/categories?post=47052"},{"taxonomy":"post_tag","embeddable":true,"href":"https:\/\/screamyell.com.br\/site\/wp-json\/wp\/v2\/tags?post=47052"}],"curies":[{"name":"wp","href":"https:\/\/api.w.org\/{rel}","templated":true}]}}