{"id":45066,"date":"2017-11-18T07:26:19","date_gmt":"2017-11-18T09:26:19","guid":{"rendered":"https:\/\/screamyell.com.br\/site\/?p=45066"},"modified":"2017-12-21T11:34:01","modified_gmt":"2017-12-21T13:34:01","slug":"laranja-oliva-busca-financiamento-coletivo-para-lancar-disco-limpo","status":"publish","type":"post","link":"https:\/\/screamyell.com.br\/site\/2017\/11\/18\/laranja-oliva-busca-financiamento-coletivo-para-lancar-disco-limpo\/","title":{"rendered":"Laranja Oliva busca financiamento coletivo para lan\u00e7ar disco \u201climpo\u201d"},"content":{"rendered":"<h2 style=\"text-align: center;\"><strong>entrevista por\u00a0<\/strong><a href=\"https:\/\/www.facebook.com\/marcos.paulino.313?\" target=\"_blank\" rel=\"noopener noreferrer\"><strong>Marcos Paulino<\/strong><\/a><\/h2>\n<p style=\"text-align: justify;\">A Carta da Terra \u00e9 uma declara\u00e7\u00e3o de princ\u00edpios \u00e9ticos emitida pela ONU em 2000, pregando uma sociedade global mais justa e sustent\u00e1vel. Esse documento serviu de inspira\u00e7\u00e3o para que a banda Laranja Oliva, de Limeira, interior de S\u00e3o Paulo, norteasse a produ\u00e7\u00e3o de seu segundo disco, que foi gravado entre agosto e setembro de 2017 e tem previs\u00e3o de lan\u00e7amento para janeiro de 2018. O \u00e1lbum ser\u00e1 viabilizado por meio de financiamento coletivo pelo site Catarse. O montante arrecadado \u2013 R$ 35 mil, espera a banda \u2013 ser\u00e1 destinado para pagar a produ\u00e7\u00e3o, grava\u00e7\u00e3o e distribui\u00e7\u00e3o de maneira sustent\u00e1vel do CD \u201cCarta da Terra\u201d.<\/p>\n<p style=\"text-align: justify;\">S\u00e9rgio Moreira Jr. (vocalista), Gui Escafandro (guitarrista), Thiago Val (tecladista), Bruno Bertoni (baixista) e Victor Bertoni (baterista), que formam a Laranja Oliva, dizem que ideia \u00e9 causar o menor impacto poss\u00edvel no meio ambiente com o processo de produ\u00e7\u00e3o e divulga\u00e7\u00e3o do disco. Os danos que n\u00e3o puderem ser evitados ser\u00e3o revertidos, com iniciativas como, por exemplo, o plantio de \u00e1rvores. \u201cA nossa concep\u00e7\u00e3o de meio ambiente foi livre e po\u00e9tica\u201d, conta S\u00e9rgio em entrevista ao <a href=\"http:\/\/www.mundoplug.com\/\" target=\"_blank\" rel=\"noopener\">Mundo Plug<\/a>, parceiro do Scream &amp; Yell.<\/p>\n<p style=\"text-align: justify;\">Formada em 2011, a Laranja Oliva estreou no mercado fonogr\u00e1fico com o \u00e1lbum &#8220;Arroz, Feij\u00e3o e Mistura&#8221;, de 2014, no qual j\u00e1 mostrava sua mistura de rock, funk, samba e jazz. No novo projeto, segundo S\u00e9rgio, o som ganhou um acento maior de rock, mas sem perder o ecletismo t\u00e3o caracter\u00edstico da banda. Na entrevista a seguir, o vocalista explica melhor o conceito por tr\u00e1s de \u201cCarta da Terra\u201d e avisa: \u201cA a\u00e7\u00e3o mais legal (do nosso financiamento coletivo) \u00e9 uma parceria com a Secretaria Municipal do Meio Ambiente, atrav\u00e9s da qual a gente vai reflorestar uma \u00e1rea bem legal aqui de Limeira\u201d. Saiba mais.<\/p>\n<p style=\"text-align: center;\"><a href=\"https:\/\/www.catarse.me\/laranjaoliva\" target=\"_blank\" rel=\"noopener\"><strong>https:\/\/www.catarse.me\/laranjaoliva<\/strong><\/a><\/p>\n<p><iframe loading=\"lazy\" width=\"747\" height=\"420\" src=\"https:\/\/www.youtube.com\/embed\/-dKXaQByYkU?feature=oembed\" frameborder=\"0\" gesture=\"media\" allowfullscreen><\/iframe><\/p>\n<p style=\"text-align: justify;\"><strong>Como bateu na consci\u00eancia a vontade de fazer um disco ambientalmente sustent\u00e1vel?<\/strong><br \/>\nA gente vem produzindo esse disco desde o final do ano passado, quando decidimos morar juntos e centralizar as atividades da Laranja na nossa casa\/escrit\u00f3rio\/est\u00fadio. A ideia da sustentabilidade vem como resposta natural ao cen\u00e1rio em que vivemos. A gente refletiu e pesquisou muito antes de enquadrar o disco nesse conceito. Vivemos numa sociedade de consumo extremo, associamos nossa felicidade e a ideia de sucesso diretamente com a posse de bens materiais que se descartam numa frequ\u00eancia assustadora. Esse perfil socioecon\u00f4mico est\u00e1 matando nossa casa e nossas rela\u00e7\u00f5es interpessoais. Como artistas, nos sentimos na obriga\u00e7\u00e3o de fazer algo a respeito. O nome \u201cCarta da Terra\u201d faz refer\u00eancia \u00e0 declara\u00e7\u00e3o de princ\u00edpios \u00e9ticos da ONU escrito por representantes de mais de 40 pa\u00edses, das mais diversas religi\u00f5es, cren\u00e7as, ra\u00e7as e idades. Mais de 100 mil pessoas foram ouvidas com o intuito de criar e manter uma sociedade global justa, pac\u00edfica e sustent\u00e1vel. Para n\u00f3s, o \u201cCarta da Terra\u201d foi tamb\u00e9m uma forma de rever muita coisa, a maneira como vivemos, pensamos e atuamos no mundo. A gente est\u00e1 se reinventando musicalmente e socialmente num processo que ainda n\u00e3o acabou, e esperamos que n\u00e3o acabe t\u00e3o cedo. Essa talvez seja a ideia principal, instigar uma reflex\u00e3o socioecon\u00f4mica e prezar pela harmonia entre todos os seres e o meio.<\/p>\n<p style=\"text-align: justify;\"><strong>Essa ideia pode soar marqueteira para algumas pessoas?<\/strong><br \/>\nPode sim, ainda mais com o tema em alta. N\u00e3o deixa de ser um marketing positivo, mas a gente tomou cuidado pra n\u00e3o cair no lance de marketing verde. Vimos empresas e projetos que abordam essa tem\u00e1tica e na verdade n\u00e3o fazem efetivamente a\u00e7\u00f5es para que o processo seja sustent\u00e1vel mesmo. Mas estamos tranquilos quanto a isso, pois estamos fazendo um trabalho com muito carinho e cautela.<\/p>\n<p style=\"text-align: justify;\"><strong>Quanto voc\u00eas esperam arrecadar para o lan\u00e7amento do disco?<\/strong><br \/>\nO nosso Catarse tem como meta R$ 35 mil. Gravamos num est\u00fadio muito massa em S\u00e3o Paulo, o Family Mob, e as recompensas, por serem pensadas pra agredir o m\u00ednimo poss\u00edvel o meio ambiente, s\u00e3o mais caras que as habituais. O encarte do disco, por exemplo, fica quatro vezes mais caro do que o convencional de pl\u00e1stico; a camiseta de algod\u00e3o org\u00e2nico \u00e9 mais cara que a de algod\u00e3o normal&#8230;<\/p>\n<p style=\"text-align: justify;\"><strong>Tratar especificamente sobre um tema, como o meio ambiente, por exemplo, limita a criatividade?<\/strong><br \/>\nN\u00e3o foi o caso! A nossa concep\u00e7\u00e3o de meio ambiente foi livre e po\u00e9tica, num sentido de harmonia de todos os seres. Sensa\u00e7\u00f5es, atitudes, que se refletem no modo de viver. A gente pegou como refer\u00eancia a Carta da Terra da ONU, por uma sociedade global justa, pac\u00edfica e sustent\u00e1vel. Isso nos deu a liberdade de tamb\u00e9m falar de amor de todas as formas, inclusive em relacionamentos pessoais.<\/p>\n<p style=\"text-align: justify;\"><strong>Este disco vai soar ecl\u00e9tico, musicalmente falando, como o primeiro?<\/strong><br \/>\nO rock est\u00e1 mais presente neste, mas talvez o \u201cCarta da Terra\u201d seja ainda mais ecl\u00e9tico que o outro. Por\u00e9m, desta vez, conseguimos criar uma identidade muito presente. Mesmo as faixas sendo bem diferentes umas das outras, existe uma conversa interessante entre elas.<\/p>\n<p style=\"text-align: justify;\"><strong>Como as pessoas poder\u00e3o participar da concretiza\u00e7\u00e3o do disco?<\/strong><br \/>\nParticipando do Catarse, adquirindo as recompensas.<\/p>\n<p style=\"text-align: justify;\"><strong>Quais contrapartidas a banda dar\u00e1 para quem investir?<\/strong><br \/>\nAs recompensas do Catarse est\u00e3o interessantes. Vai ter o CD \u201cCarta da Terra\u201d, com encarte de papel ecol\u00f3gico e papel semente, camiseta de algod\u00e3o org\u00e2nico com artes exclusivas dessa nova fase da banda, bon\u00e9, dichavador de fibra de coco, grupo exclusivo com making-ofs, v\u00eddeos e \u00e1udios in\u00e9ditos, al\u00e9m da audi\u00e7\u00e3o pr\u00e9via do disco e tatuagens do nosso amigo Guilherme de Carli com desenhos criados por ele. A gente tamb\u00e9m vai fazer uma luta na lama entre n\u00f3s, e o Val vai tatuar o nome do pessoal que comprar a recompensa &#8220;Tattoo Val&#8221;. A a\u00e7\u00e3o mais legal \u00e9 uma parceria com a Secretaria Municipal do Meio Ambiente, atrav\u00e9s da qual a gente vai reflorestar uma \u00e1rea bem legal aqui de Limeira. Para cada disco vendido, \u00e9 uma \u00e1rvore plantada. E vai ter tamb\u00e9m o plantio de muda separado da campanha, se quiser s\u00f3 ajudar plantando uma \u00e1rvore.<\/p>\n<p style=\"text-align: justify;\"><strong>O que voc\u00eas est\u00e3o programando para o lan\u00e7amento, em janeiro?<\/strong><br \/>\nO show de lan\u00e7amento ainda estamos arquitetando, mas com certeza haver\u00e1 as participa\u00e7\u00f5es dos artistas que est\u00e3o no disco e muitas outras. Vai ser uma baita festa linda.<\/p>\n<p style=\"text-align: justify;\"><strong>Onde est\u00e1 o p\u00fablico da banda hoje? Ultrapassou as fronteiras da regi\u00e3o?<\/strong><br \/>\nBom, a gente descobre atrav\u00e9s de plataformas tipo Spotify e YouTube quem ouve a banda e de onde vem essa galera. A maioria \u00e9 realmente da regi\u00e3o de Limeira e Campinas, al\u00e9m de S\u00e3o Paulo, S\u00e3o Carlos, Bauru. Mas temos views no Sul, Nordeste, Minas&#8230; E tem uma galera na Bol\u00edvia que nos ouve.<\/p>\n<p><iframe loading=\"lazy\" width=\"747\" height=\"420\" src=\"https:\/\/www.youtube.com\/embed\/X0R-HlLhPnw?feature=oembed\" frameborder=\"0\" gesture=\"media\" allowfullscreen><\/iframe><\/p>\n<p><iframe loading=\"lazy\" width=\"747\" height=\"420\" src=\"https:\/\/www.youtube.com\/embed\/4-WFTpM901Q?feature=oembed\" frameborder=\"0\" gesture=\"media\" allowfullscreen><\/iframe><\/p>\n<p><iframe loading=\"lazy\" width=\"747\" height=\"420\" src=\"https:\/\/www.youtube.com\/embed\/19YYsHJSL0o?feature=oembed\" frameborder=\"0\" gesture=\"media\" allowfullscreen><\/iframe><\/p>\n<p>\u2013\u00a0<a href=\"https:\/\/www.facebook.com\/marcos.paulino.313?\" target=\"_blank\" rel=\"noopener noreferrer\">Marcos Paulino<\/a>\u00a0\u00e9 editor do site Mundo Plug (<a href=\"http:\/\/www.mundoplug.com\/\" target=\"_blank\" rel=\"noopener\">www.mundoplug.com<\/a>)<\/p>\n","protected":false},"excerpt":{"rendered":"Banda de Limeira procura minimizar danos \u00e0 natureza com produ\u00e7\u00e3o e distribui\u00e7\u00e3o de seu novo \u00e1lbum, &#8220;Carta da Terra&#8221;\n<a class=\"moretag\" href=\"https:\/\/screamyell.com.br\/site\/2017\/11\/18\/laranja-oliva-busca-financiamento-coletivo-para-lancar-disco-limpo\/\"> [...]<\/a>","protected":false},"author":5,"featured_media":45067,"comment_status":"open","ping_status":"open","sticky":false,"template":"","format":"standard","meta":[],"categories":[3],"tags":[2442],"_links":{"self":[{"href":"https:\/\/screamyell.com.br\/site\/wp-json\/wp\/v2\/posts\/45066"}],"collection":[{"href":"https:\/\/screamyell.com.br\/site\/wp-json\/wp\/v2\/posts"}],"about":[{"href":"https:\/\/screamyell.com.br\/site\/wp-json\/wp\/v2\/types\/post"}],"author":[{"embeddable":true,"href":"https:\/\/screamyell.com.br\/site\/wp-json\/wp\/v2\/users\/5"}],"replies":[{"embeddable":true,"href":"https:\/\/screamyell.com.br\/site\/wp-json\/wp\/v2\/comments?post=45066"}],"version-history":[{"count":1,"href":"https:\/\/screamyell.com.br\/site\/wp-json\/wp\/v2\/posts\/45066\/revisions"}],"predecessor-version":[{"id":45068,"href":"https:\/\/screamyell.com.br\/site\/wp-json\/wp\/v2\/posts\/45066\/revisions\/45068"}],"wp:featuredmedia":[{"embeddable":true,"href":"https:\/\/screamyell.com.br\/site\/wp-json\/wp\/v2\/media\/45067"}],"wp:attachment":[{"href":"https:\/\/screamyell.com.br\/site\/wp-json\/wp\/v2\/media?parent=45066"}],"wp:term":[{"taxonomy":"category","embeddable":true,"href":"https:\/\/screamyell.com.br\/site\/wp-json\/wp\/v2\/categories?post=45066"},{"taxonomy":"post_tag","embeddable":true,"href":"https:\/\/screamyell.com.br\/site\/wp-json\/wp\/v2\/tags?post=45066"}],"curies":[{"name":"wp","href":"https:\/\/api.w.org\/{rel}","templated":true}]}}