{"id":44800,"date":"2017-10-24T00:11:24","date_gmt":"2017-10-24T02:11:24","guid":{"rendered":"https:\/\/screamyell.com.br\/site\/?p=44800"},"modified":"2017-11-26T16:27:41","modified_gmt":"2017-11-26T18:27:41","slug":"entrevista-the-bombers","status":"publish","type":"post","link":"https:\/\/screamyell.com.br\/site\/2017\/10\/24\/entrevista-the-bombers\/","title":{"rendered":"Entrevista: The Bombers"},"content":{"rendered":"<h2 style=\"text-align: center;\"><strong>entrevista por <\/strong><a href=\"https:\/\/www.facebook.com\/marcos.paulino.313?\" target=\"_blank\" rel=\"noopener noreferrer\"><strong>Marcos Paulino<\/strong><\/a><\/h2>\n<p style=\"text-align: justify;\">Formada por Matheus Krempel em Santos, h\u00e1 mais de 20 anos, a The Bombers nasceu durante o bom momento para a m\u00fasica independente que a cidade praiana viveu nos anos 90, e que teve como fruto mais vistoso o Charlie Brown Jr.. Apostando na mistura do punk rock com ska, reggae e hardcore, a banda gravou seu primeiro registro, a fita demo intitulada \u201c7 Songs\u201d, em 1998. Depois disso, a The Bombers lan\u00e7ou \u201cDemocracia Chinesa\u201d, em 2007, e \u201cAll About Love\u201d, em 2014. Este \u00faltimo saiu pela gravadora paulista Hearts Bleed Blue, assim como o rec\u00e9m-lan\u00e7ado \u201cEmbracing The Sun\u201d.<\/p>\n<p style=\"text-align: justify;\">Uma das novidades que trazem as 14 faixas do novo \u00e1lbum \u00e9 que o vocalista e guitarrista Matheus deixou de assinar todas as composi\u00e7\u00f5es. Neste trabalho, ele dividiu essa tarefa com seus companheiros de banda, Gustavo Trivela (guitarra), Daniel Bock (baixo) e Mick Six (bateria), e disse ter adorado a experi\u00eancia. Outra mudan\u00e7a foi a volta das can\u00e7\u00f5es em portugu\u00eas, num total de tr\u00eas, sendo que uma delas \u00e9 uma vers\u00e3o de \u201cMestre Jonas\u201d, cl\u00e1ssico do rock nacional composto pelo trio S\u00e1, Rodrix e Guarabyra em 1973.<\/p>\n<p style=\"text-align: justify;\">Ali\u00e1s, conforme Matheus conta nesta entrevista, o rock setentista e oitentista brasileiro tem sido uma grande influ\u00eancia pra The Bombers. Confira.<\/p>\n<p><iframe loading=\"lazy\" width=\"747\" height=\"420\" src=\"https:\/\/www.youtube.com\/embed\/r6UhuOpWH10?feature=oembed\" frameborder=\"0\" gesture=\"media\" allowfullscreen><\/iframe><\/p>\n<p style=\"text-align: justify;\"><strong>Por que resolveram incluir m\u00fasicas em portugu\u00eas em &#8220;Embracing The Sun&#8221;?<\/strong><br \/>\nPoderia apontar diversos motivos. Poderia at\u00e9 mesmo dizer que previsibilidade nunca teve nada a ver com a banda, mas isso n\u00e3o passaria de babaquice da minha parte. Na verdade, o que aconteceu foi que a minha cabe\u00e7a meio que deu uma travada no final da \u00e9poca de composi\u00e7\u00e3o do disco. Eu n\u00e3o conseguia mais pensar em ingl\u00eas na hora de compor. Pra ajudar, nos \u00faltimos anos, iniciei um processo de redescobrimento do rock nacional e comecei a ouvir muito Mutantes, Tutti Frutti, Secos e Molhados, Novos Baianos e algumas coisas dos anos 80. Era uma coisa que j\u00e1 vinha martelando na minha cabe\u00e7a, <a href=\"https:\/\/screamyell.com.br\/blog\/2016\/08\/02\/ouca-o-tributo-aos-titas\/\" target=\"_blank\" rel=\"noopener\">at\u00e9 que no ano passado participamos de um tributo ao Tit\u00e3s<\/a> regravando \u201cDesordem\u201d, e foi a\u00ed que todos na banda decidiram experimentar o portugu\u00eas mais uma vez.<\/p>\n<p style=\"text-align: justify;\"><strong>Como surgiu a ideia de colocar &#8220;Mestre Jonas&#8221; no disco?<\/strong><br \/>\nComo te disse, o rock nacional e as suas ra\u00edzes j\u00e1 estavam no nosso radar. Eu queria homenagear o Edvaldo Santana, que foi vocalista do Mat\u00e9ria Prima, uma baita banda de rock dos anos 70, regravando a faixa \u201cChoro de Outono\u201d, mas confesso que n\u00e3o conseguimos fazer uma boa vers\u00e3o dela. Foi nessa que o Trivela, nosso guitarrista, sugeriu \u201cMestre Jonas\u201d, do S\u00e1, Rodrix e Guarabyra. Levamos a m\u00fasica para o est\u00fadio e, quando terminamos de tocar ela pela primeira vez, rolou uma identifica\u00e7\u00e3o t\u00e3o forte com a letra, com a energia da m\u00fasica, que lan\u00e7ar essa vers\u00e3o se tornou uma obsess\u00e3o e, por mais complexo que tenha sido o processo de direitos autorais, no final valeu todo o esfor\u00e7o.<\/p>\n<p style=\"text-align: justify;\"><strong>Na p\u00e1gina da banda no Facebook, voc\u00eas dizem que detestam r\u00f3tulos, mas classificam o som da The Bombers como &#8220;punk jamaicano santista&#8221;. D\u00e1 pra explicar?<\/strong><br \/>\nA inten\u00e7\u00e3o dessa descri\u00e7\u00e3o t\u00e3o maravilhosamente explicativa \u00e9 justamente brincar com essa quest\u00e3o dos r\u00f3tulos e despertar a curiosidade para o nosso som. Como voc\u00ea descreveria uma banda brasileira, que mora em S\u00e3o Paulo, cantando rock em ingl\u00eas, portugu\u00eas, espanhol, com influ\u00eancias de ska, reggae, hip hop, punk, folk, hard rock, bai\u00e3o e pop descart\u00e1vel? Punk jamaicano santista?<\/p>\n<p style=\"text-align: justify;\"><strong>Voc\u00eas tamb\u00e9m se assumem como &#8220;uma das \u00faltimas bandas remanescentes da gera\u00e7\u00e3o Punk 95 Brasileiro&#8221;. Sendo assim, quem forma o p\u00fablico que acompanha a The Bombers hoje: os f\u00e3s das antigas, a galera mais nova ou tudo junto e misturado?<\/strong><br \/>\nDaquela gera\u00e7\u00e3o que surgiu na \u00e9poca do boom neopunk de 94, e que inclusive teve a parte \u201cbaixada santista\u201d dela retratada no document\u00e1rio \u201c<a href=\"https:\/\/screamyell.com.br\/site\/2017\/07\/31\/entrevista-wladimir-cruz-fala-do-doc-california-brasileira\/\" target=\"_blank\" rel=\"noopener\">Calif\u00f3rnia Brasileira<\/a>\u201d, n\u00e3o sobrou quase ningu\u00e9m. Hoje em dia, os f\u00e3s das antigas s\u00e3o, na sua grande maioria, os senhores da raz\u00e3o. Um bando de velhos chatos, que ainda acham que o Green Day deveria lan\u00e7ar o \u201cnovo Dookie\u201d e vibram com turn\u00eas comemorativas de 20 anos do \u00e1lbum X, Y e Z, que tanto marcaram a adolesc\u00eancia deles. Os que n\u00e3o ficaram chatos ainda aparecem nos shows, mas a grande maioria \u00e9 formada por gente no m\u00ednimo 15 anos mais nova do que eu.<\/p>\n<p style=\"text-align: justify;\"><strong>A banda j\u00e1 deu um tempo entre 2008 e 2011, j\u00e1 teve tr\u00eas guitarras, j\u00e1 mudou de integrantes&#8230; Enfim, foram v\u00e1rios momentos. E hoje, nesta nova fase, com disco novo, como voc\u00eas est\u00e3o se sentindo?<\/strong><br \/>\nFelizes e realizados pela oportunidade de nos mantermos ativos, por termos o apoio da Hearts Bleed Blue, lan\u00e7ando discos e viajando Brasil afora, mesmo com tantas adversidades que uma banda enfrenta naturalmente.<\/p>\n<p style=\"text-align: justify;\"><strong>Quando voc\u00eas pararam, uma das alega\u00e7\u00f5es era a descren\u00e7a na cena punk. Agora, voc\u00eas acreditam que vivemos tempos melhores para as bandas que est\u00e3o fora do mainstream?<\/strong><br \/>\nAs coisas n\u00e3o mudaram muito, n\u00f3s \u00e9 que ficamos menos ing\u00eanuos. Nossa exist\u00eancia em parte foi estimulada por essa descren\u00e7a, e se hoje estamos aqui, com certeza n\u00e3o \u00e9 para repetir os erros que presenciamos no passado. At\u00e9 por conta disso, fa\u00e7o o que posso para ajudar a divulgar a produ\u00e7\u00e3o independente daqui. <a href=\"http:\/\/www.mutanteradio.com\/\" target=\"_blank\" rel=\"noopener\">Apresento um programa de r\u00e1dio na Mutante Radio<\/a>, uma r\u00e1dio on-line, escrevo para o <a href=\"http:\/\/blogs.atribuna.com.br\/blognroll\/\" target=\"_blank\" rel=\"noopener\">Blog n\u2019 Roll<\/a> dando dicas musicais, tenho um est\u00fadio de grava\u00e7\u00f5es, o <a href=\"https:\/\/www.facebook.com\/ppmestudio\/\" target=\"_blank\" rel=\"noopener\">Porto Produ\u00e7\u00f5es Musicais<\/a>, produzo bandas e recentemente criei um selo microsc\u00f3pico, o <a href=\"https:\/\/www.facebook.com\/craicdealerrecords\/\" target=\"_blank\" rel=\"noopener\">Craic Dealer Records<\/a>, para lan\u00e7ar artistas de forma colaborativa. Ainda vejo muita merda nesse meio, muito clubinho, muita egolatria, mas no geral s\u00e3o s\u00f3 moscas varejeiras.<\/p>\n<p style=\"text-align: justify;\"><strong>De &#8220;7 Songs&#8221; a &#8220;Embracing The Sun&#8221;, como voc\u00ea analisa a evolu\u00e7\u00e3o do som da banda?<\/strong><br \/>\nNo \u201c7 Songs\u201d, eu tinha 16 anos, estava no col\u00e9gio sofrendo bullying por usar cal\u00e7a rasgada e t\u00eanis All Star. Est\u00e1vamos aprendendo a tocar, e aquilo foi o m\u00e1ximo que conseguimos fazer. Hoje temos quase 40 anos, continuamos aprendendo a tocar, mas n\u00e3o temos mais vergonha de experimentar e buscar nossa pr\u00f3pria identidade. Quando voc\u00ea se aceita, as coisas ficam muito mais divertidas, leves e acho que isso hoje se reflete no nosso som.<\/p>\n<p style=\"text-align: justify;\"><strong>Voc\u00ea contou que no novo disco n\u00e3o centralizou as composi\u00e7\u00f5es, e que todos participaram com letras, ideias e bases. Funcionou bem esse processo criativo coletivo?<\/strong><br \/>\nPra caralho. Quatro cabe\u00e7as pensando, mesclando, trazendo, levando e brigando junto. No final desse processo, veio o disco que quer\u00edamos fazer, com as m\u00fasicas que quer\u00edamos ouvir algu\u00e9m tocando.<\/p>\n<p style=\"text-align: justify;\"><strong>Entre a agenda de shows e novos projetos, o que os f\u00e3s da The Bombers podem esperar?<\/strong><br \/>\nJ\u00e1 come\u00e7amos a brincar com algumas ideias de som, gravar no celular e mandar um pro outro, discutimos algumas ideias sobre qual ser\u00e1 o pr\u00f3ximo passo, mas no momento ainda estamos focados em divulgar o disco novo o m\u00e1ximo que pudermos.<\/p>\n<p><iframe loading=\"lazy\" width=\"747\" height=\"420\" src=\"https:\/\/www.youtube.com\/embed\/yaDNlAeNaps?feature=oembed\" frameborder=\"0\" gesture=\"media\" allowfullscreen><\/iframe><\/p>\n<p><iframe loading=\"lazy\" width=\"747\" height=\"560\" src=\"https:\/\/www.youtube.com\/embed\/car2KjFLXHo?feature=oembed\" frameborder=\"0\" gesture=\"media\" allowfullscreen><\/iframe><\/p>\n<p>\u2013 <a href=\"https:\/\/www.facebook.com\/marcos.paulino.313?\" target=\"_blank\" rel=\"noopener noreferrer\">Marcos Paulino<\/a> \u00e9 editor do site Mundo Plug (<a href=\"http:\/\/www.mundoplug.com\" target=\"_blank\" rel=\"noopener\">www.mundoplug.com<\/a>)<\/p>\n","protected":false},"excerpt":{"rendered":"Em novo disco, The Bombers busca inspira\u00e7\u00e3o no rock brasileiro das antigas. Das 14 faixas de \u201cEmbracing The Sun\u201d, tr\u00eas s\u00e3o cantadas em portugu\u00eas\n<a class=\"moretag\" href=\"https:\/\/screamyell.com.br\/site\/2017\/10\/24\/entrevista-the-bombers\/\"> [...]<\/a>","protected":false},"author":5,"featured_media":44801,"comment_status":"open","ping_status":"open","sticky":false,"template":"","format":"standard","meta":[],"categories":[3],"tags":[2339],"_links":{"self":[{"href":"https:\/\/screamyell.com.br\/site\/wp-json\/wp\/v2\/posts\/44800"}],"collection":[{"href":"https:\/\/screamyell.com.br\/site\/wp-json\/wp\/v2\/posts"}],"about":[{"href":"https:\/\/screamyell.com.br\/site\/wp-json\/wp\/v2\/types\/post"}],"author":[{"embeddable":true,"href":"https:\/\/screamyell.com.br\/site\/wp-json\/wp\/v2\/users\/5"}],"replies":[{"embeddable":true,"href":"https:\/\/screamyell.com.br\/site\/wp-json\/wp\/v2\/comments?post=44800"}],"version-history":[{"count":1,"href":"https:\/\/screamyell.com.br\/site\/wp-json\/wp\/v2\/posts\/44800\/revisions"}],"predecessor-version":[{"id":44802,"href":"https:\/\/screamyell.com.br\/site\/wp-json\/wp\/v2\/posts\/44800\/revisions\/44802"}],"wp:featuredmedia":[{"embeddable":true,"href":"https:\/\/screamyell.com.br\/site\/wp-json\/wp\/v2\/media\/44801"}],"wp:attachment":[{"href":"https:\/\/screamyell.com.br\/site\/wp-json\/wp\/v2\/media?parent=44800"}],"wp:term":[{"taxonomy":"category","embeddable":true,"href":"https:\/\/screamyell.com.br\/site\/wp-json\/wp\/v2\/categories?post=44800"},{"taxonomy":"post_tag","embeddable":true,"href":"https:\/\/screamyell.com.br\/site\/wp-json\/wp\/v2\/tags?post=44800"}],"curies":[{"name":"wp","href":"https:\/\/api.w.org\/{rel}","templated":true}]}}