{"id":41592,"date":"2017-01-18T10:47:04","date_gmt":"2017-01-18T12:47:04","guid":{"rendered":"https:\/\/screamyell.com.br\/site\/?p=41592"},"modified":"2017-03-13T20:35:53","modified_gmt":"2017-03-13T23:35:53","slug":"tres-cds-latinos-leo-sosa-carolina-camacho-e-papina-de-palma","status":"publish","type":"post","link":"https:\/\/screamyell.com.br\/site\/2017\/01\/18\/tres-cds-latinos-leo-sosa-carolina-camacho-e-papina-de-palma\/","title":{"rendered":"Tr\u00eas CDs latinos: Leo Sosa, Carolina Camacho e Papina de Palma"},"content":{"rendered":"<h2 style=\"text-align: center;\"><strong>por <a href=\"https:\/\/twitter.com\/leovinhas\" target=\"_blank\">Leonardo Vinhas<\/a><\/strong><\/h2>\n<p style=\"text-align: justify;\"><strong><img decoding=\"async\" class=\"aligncenter\" src=\"https:\/\/screamyell.com.br\/site\/wp-content\/uploads\/2017\/01\/leososa.jpg\" \/><\/strong><\/p>\n<p style=\"text-align: justify;\"><strong>\u201cEs Ahora\u201d, Leo Sosa (Independente)<\/strong><br \/>\nMontevideano, o cantautor uruguaio Leo Sosa est\u00e1 acostumado a fazer pontes entre a m\u00fasica de seu pa\u00eds e a do nosso, j\u00e1 que passou muitos anos de sua vida vivendo em Artigas, cidade fronteiri\u00e7a \u00e0 brasileira Quara\u00ed e hoje reside em Porto Alegre (RS). Seu \u00e1lbum solo \u201cEs Ahora\u201d traz sete can\u00e7\u00f5es em que essa proximidade binacional se faz presente, seja na sonoridade ou na lista de convidados. \u201cRa\u00edces\u201d, por exemplo, traz o veterano ga\u00facho Richard Serrar\u00eda entregando um rap com a cara do Brasil noventista em meio a uma can\u00e7\u00e3o de inspira\u00e7\u00e3o afrouruguaia, enquanto \u201cQu\u00e9xtra\u00f1o\u201d \u00e9 uma milonga de voca\u00e7\u00e3o pop cantada a duo com a tamb\u00e9m ga\u00facha Lara Rossato. \u201cFaro\u201d une Fernando Cabrera e Zeca Baleiro na mesma fonte inspiradora, assim como se ouve ecos de Moska e de Mart\u00edn Buscaglia ao longo do disco. Nessa mescla onde as fronteiras musicais se tornam quase indistingu\u00edveis, Sosa imp\u00f5e sua marca, identificada por dois paradoxos: uma voz t\u00e3o grave quanto suave, e uma instrumenta\u00e7\u00e3o majoritariamente ac\u00fastica que n\u00e3o nega vigor \u00e0s can\u00e7\u00f5es (quase roqueiro em \u201cLluvia de Verano\u201d), Merece aten\u00e7\u00e3o tamb\u00e9m o trabalho percussivo, onde a\u00ed sim a tradi\u00e7\u00e3o de seu pa\u00eds natal sobrepuja a de sua resid\u00eancia atual. Quest\u00f5es nacionais \u00e0 parte, \u201cEs Ahora\u201d \u00e9 uma grata surpresa, que surge discreta e vai ganhando cada vez mais espa\u00e7o na prefer\u00eancia do ouvinte que se disp\u00f5e a ouvi-la com aten\u00e7\u00e3o.<\/p>\n<p style=\"text-align: justify;\">Nota: 8 (<a href=\"https:\/\/leososamusica.bandcamp.com\/releases\" target=\"_blank\">ou\u00e7a no Bandcamp<\/a>)<\/p>\n<p style=\"text-align: justify;\"><img decoding=\"async\" class=\"aligncenter\" src=\"https:\/\/screamyell.com.br\/site\/wp-content\/uploads\/2017\/01\/carolina.jpg\" \/><\/p>\n<p style=\"text-align: justify;\"><strong>\u201cAfroTa\u00edna\u201d, Carolina Camacho (Independente)<\/strong><br \/>\nCarolina Camacho \u00e9 dominicana; seu produtor e parceiro, Ra\u00fal <a href=\"https:\/\/screamyell.com.br\/site\/2016\/06\/28\/entrevista-do-mexico-sotomayor\/\" target=\"_blank\">Sotomayor<\/a> (integrante da banda que leva seu sobrenome), \u00e9 mexicano. \u201cAfroTaina\u201d \u00e9 o \u00e1lbum que os dois fizeram em parceria, cada qual em seu pa\u00eds, e que traz tamanho entrosamento que parece ter sido feito por pessoas que passaram semanas vivendo trancados no mesmo est\u00fadio. Carolina tem uma voz impressionante em alcance e modula\u00e7\u00e3o, e escreve letras que t\u00eam o significado sublinhado por essa pot\u00eancia vocal. A Ra\u00fal coube adequar esses tra\u00e7os marcantes a composi\u00e7\u00f5es que nascem da tradi\u00e7\u00e3o dan\u00e7ante da Rep\u00fablica Dominicana e passam por ritmos mais disseminados pela Am\u00e9rica Latina, como o merengue, o reggaeton, o mambo e o afrobeat. \u00c9 incr\u00edvel como o disco pode ser espiritual tanto no vigor dan\u00e7ante de \u201cLeona\u201d, primeiro single, como na introspec\u00e7\u00e3o percussiva de \u201cVida\u201d, a bel\u00edssima faixa de abertura, conduzida por um arranjo vocal que faz pensar em uma rever\u00eancia tecnol\u00f3gica aos ritos xam\u00e2nicos. \u201cViaje\u201d e \u201cLas Espinas\u201d sugerem sensualidade, mas suas letras v\u00e3o fundo em quest\u00f5es da identidade feminina, e rendem os momentos mais hipn\u00f3ticos do disco\u2013 a primeira em formato mais pop, a segunda mais psicod\u00e9lica. \u201dAmarra\u201d se aproxima do reggaeton (ou se distancia, j\u00e1 que traz algumas solu\u00e7\u00f5es pouco \u00f3bvias), enquanto \u201cPalo de Colores\u201d e \u201cTerr\u00edcola\u201d s\u00e3o pe\u00e7as onde a tecnologia refor\u00e7a a atemporalidade da tradi\u00e7\u00e3o folcl\u00f3rica. Em apenas nove faixas, Carolina Camacho completa um grande disco, e ainda usa sua voz para falar com veem\u00eancia de temas importantes ao universo feminino que t\u00eam sido maltratados pela reverbera\u00e7\u00e3o de opini\u00f5es nas redes sociais.<\/p>\n<p style=\"text-align: justify;\">Nota: 9 (<a href=\"https:\/\/soundcloud.com\/carolinacamacho\/leona\" target=\"_blank\">ou\u00e7a no Soundcloud<\/a>)<\/p>\n<p style=\"text-align: justify;\"><img decoding=\"async\" class=\"aligncenter\" src=\"https:\/\/screamyell.com.br\/site\/wp-content\/uploads\/2017\/01\/papina.jpg\" \/><\/p>\n<p style=\"text-align: justify;\"><strong>\u201cInstantes Decisivos\u201d, Papina de Palma (Independente)<\/strong><br \/>\nMesmo com seu forte car\u00e1ter individual, o \u00e1lbum de estreia da uruguaia Papina de Palma guarda refer\u00eancias no trabalho de outras cantoras e compositoras: a canadense Feist, a russa Regina Spektor e um pouquinho da norte-americana Fiona Apple. Curiosamente, a imprensa uruguaia \u2013 que tem apontado &#8220;Instantes Decisivos&#8221; como um dos melhores \u00e1lbuns nacionais de 2016 \u2013 prefere falar de uma injustific\u00e1vel semelhan\u00e7a com a mexicana Julieta Venegas. Por\u00e9m, h\u00e1 algo em comum em todos esses nomes citados: s\u00e3o artistas cujos trabalhos miram \u2013 e acertam \u2013 num pop t\u00e3o intimista quanto acess\u00edvel, no qual a aparente simplicidade esconde grande engenhosidade musical. Papina tem a rara habilidade de acomodar versos longos ou pouco convencionais numa m\u00e9trica particular, deixando que a can\u00e7\u00e3o funcione apesar (ou por causa) de certa estranheza. Os arranjos, elaborados em parceria com o argentino Juanito el Cantor (que tamb\u00e9m produz), n\u00e3o caem na obviedade nem nos temas mais doces, permitindo que eletr\u00f4nica, m\u00fasica folcl\u00f3rica e elementos roqueiros convivam no mesmo espa\u00e7o sem se estranhar ou causar estranheza. A verdade \u00e9 que a paci\u00eancia, a paix\u00e3o e o talento dos envolvidos se faz ouvir em cada faixa do disco, e fica dif\u00edcil n\u00e3o fazer eco aos que o apontam como um dos maiores acertos musicais de 2016. E \u00e9 apenas o primeiro disco da jovem. Que venham outros!<\/p>\n<p style=\"text-align: justify;\">Nota: 9<\/p>\n<p><iframe loading=\"lazy\" width=\"747\" height=\"420\" src=\"https:\/\/www.youtube.com\/embed\/Ra-qXLP6TdU?feature=oembed\" frameborder=\"0\" allowfullscreen><\/iframe><\/p>\n<p><iframe loading=\"lazy\" width=\"747\" height=\"420\" src=\"https:\/\/www.youtube.com\/embed\/eULvyxuXkGI?feature=oembed\" frameborder=\"0\" allowfullscreen><\/iframe><\/p>\n<p><iframe loading=\"lazy\" width=\"747\" height=\"420\" src=\"https:\/\/www.youtube.com\/embed\/qEJ4569ytbc?feature=oembed\" frameborder=\"0\" allowfullscreen><\/iframe><\/p>\n<p>\u2013 Leonardo Vinhas (<a href=\"https:\/\/twitter.com\/#%21\/leovinhas\" target=\"_blank\">@leovinhas<\/a>) assina a se\u00e7\u00e3o Conex\u00e3o Latina (<a href=\"https:\/\/screamyell.com.br\/site\/tag\/conexao_latina\/\">aqui<\/a>) no Scream &amp; Yell.<\/p>\n","protected":false},"excerpt":{"rendered":"Do Uruguai, Leo Sosa \u00e9 uma grata surpresa; da Rep\u00fablica Dominicana, a incr\u00edvel Carolina Camacho; o pop intimista da uruguaia Papina de Palma\n<a class=\"moretag\" href=\"https:\/\/screamyell.com.br\/site\/2017\/01\/18\/tres-cds-latinos-leo-sosa-carolina-camacho-e-papina-de-palma\/\"> [...]<\/a>","protected":false},"author":6,"featured_media":41593,"comment_status":"open","ping_status":"open","sticky":false,"template":"","format":"standard","meta":[],"categories":[3],"tags":[1616,45,1617,834,1517],"_links":{"self":[{"href":"https:\/\/screamyell.com.br\/site\/wp-json\/wp\/v2\/posts\/41592"}],"collection":[{"href":"https:\/\/screamyell.com.br\/site\/wp-json\/wp\/v2\/posts"}],"about":[{"href":"https:\/\/screamyell.com.br\/site\/wp-json\/wp\/v2\/types\/post"}],"author":[{"embeddable":true,"href":"https:\/\/screamyell.com.br\/site\/wp-json\/wp\/v2\/users\/6"}],"replies":[{"embeddable":true,"href":"https:\/\/screamyell.com.br\/site\/wp-json\/wp\/v2\/comments?post=41592"}],"version-history":[{"count":1,"href":"https:\/\/screamyell.com.br\/site\/wp-json\/wp\/v2\/posts\/41592\/revisions"}],"predecessor-version":[{"id":41594,"href":"https:\/\/screamyell.com.br\/site\/wp-json\/wp\/v2\/posts\/41592\/revisions\/41594"}],"wp:featuredmedia":[{"embeddable":true,"href":"https:\/\/screamyell.com.br\/site\/wp-json\/wp\/v2\/media\/41593"}],"wp:attachment":[{"href":"https:\/\/screamyell.com.br\/site\/wp-json\/wp\/v2\/media?parent=41592"}],"wp:term":[{"taxonomy":"category","embeddable":true,"href":"https:\/\/screamyell.com.br\/site\/wp-json\/wp\/v2\/categories?post=41592"},{"taxonomy":"post_tag","embeddable":true,"href":"https:\/\/screamyell.com.br\/site\/wp-json\/wp\/v2\/tags?post=41592"}],"curies":[{"name":"wp","href":"https:\/\/api.w.org\/{rel}","templated":true}]}}