{"id":38963,"date":"2016-07-25T23:21:31","date_gmt":"2016-07-26T02:21:31","guid":{"rendered":"https:\/\/screamyell.com.br\/site\/?p=38963"},"modified":"2016-08-31T16:02:45","modified_gmt":"2016-08-31T19:02:45","slug":"entrevista-samuel-uria-2016","status":"publish","type":"post","link":"https:\/\/screamyell.com.br\/site\/2016\/07\/25\/entrevista-samuel-uria-2016\/","title":{"rendered":"Entrevista: Samuel \u00daria (2016)"},"content":{"rendered":"<h3 style=\"text-align: center;\"><strong>por <a href=\"http:\/\/twitter.com\/woorman\" target=\"_blank\">Pedro Salgado, de Lisboa<\/a><\/strong><\/h3>\n<p style=\"text-align: justify;\">A simplicidade, intelig\u00eancia e o sentido de humor do entrevistado nem sempre originam uma conversa produtiva. No caso de Samuel \u00daria, essas qualidades adquirem um significado especial, porque traduzem uma forma aberta de se expressar sobre a sua m\u00fasica e de outros colegas de profiss\u00e3o, tal como a sociedade em geral. Enquanto bebemos uma \u00e1gua e um caf\u00e9 na esplanada de um conhecido p\u00e1tio lisboeta, questiono Samuel sobre o t\u00edtulo do mais recente trabalho e dos seus v\u00e1rios significados. \u201cPara al\u00e9m de \u2018Carga de Ombro\u2019 ser uma express\u00e3o ligada ao futebol, existe um lado de investida e carga, mas tamb\u00e9m sugere algo pesado e permite fazer uma brincadeira ou aparentar seriedade\u201d, explica.<\/p>\n<p style=\"text-align: justify;\">Em \u201cCarga de Ombro\u201d, a autoralidade vincada de \u00daria e o apuramento da sua prosa constituem as notas dominantes. Musicalmente, as influ\u00eancias de Elliott Smith, Johnny Cash e o pop saltitante dos Cl\u00e3 s\u00e3o complementados por uma vibra\u00e7\u00e3o lo-fi resultante da utiliza\u00e7\u00e3o de grava\u00e7\u00f5es caseiras. O blues-gospel \u201cDou-me Corda\u201d, inspirado num disco de espirituais negros dos anos 40, sobre os trabalhos for\u00e7ados dos prisioneiros no sul dos Estados Unidos, revela o lado selvagem de algu\u00e9m que \u00e9 branco e gostaria de ter as capacidades vocais dos negros. \u201cProcurei transcender esse aspecto com elementos r\u00edtmicos, guitarras rasgando e apostei numa sonoridade repetitiva, permitindo que os m\u00fasicos criassem algo diferente e a can\u00e7\u00e3o se aguentasse\u201d, conta.<\/p>\n<p style=\"text-align: justify;\">Durante a grava\u00e7\u00e3o e nos shows de apresenta\u00e7\u00e3o do \u00e1lbum, Samuel \u00daria contou com a participa\u00e7\u00e3o dos ex-integrantes d\u00b4Os Pontos Negros. \u201cEles trouxeram a no\u00e7\u00e3o de arranjo n\u00e3o planejado e os jogos de sons para as minhas can\u00e7\u00f5es e esses fatores manifestaram-se com solidez no disco\u201d, conta. Outra caracter\u00edstica que Samuel admira num m\u00fasico \u00e9 o fato de ele estar mais pr\u00f3ximo do ser humano comum e reconhece esse atributo a Bruce Springsteen. \u201cQuando somos naturais corremos o risco da banaliza\u00e7\u00e3o ou de colocar demasiada profundidade nos temas, mas ele conseguiu a dose perfeita e fez trabalhos superpopulares\u201d, refere.<\/p>\n<p style=\"text-align: justify;\">Se a estrofe \u201cAperaltado alternativo a aspirar o pop\u201d (de \u201cDou-me Corda\u201d) simboliza a falta de plenitude musical e a sua insatisfa\u00e7\u00e3o por ter rejeitado o pop alternativo dos anos 90, a faixa roqueira \u201cRepress\u00e3o\u201d exibe um sentimento mais profundo, reclamando contra o protesto v\u00e3o ou censurando o sentido cr\u00edtico que \u00e9 definido por algumas pessoas em f\u00f3runs da Internet. \u201cEssa inconsci\u00eancia na mudan\u00e7a da sociedade \u00e9 perigosa e cansa-me, da\u00ed que eu ironize e a melhor forma de descomplicar o caminho para o abismo \u00e9 fazer uma can\u00e7\u00e3o delicada\u201d, conclui. De Lisboa para o Brasil, Samuel \u00daria conversou com o Scream &amp; Yell. Confira:<\/p>\n<p style=\"text-align: center;\"><object width=\"750\" height=\"440\" classid=\"clsid:d27cdb6e-ae6d-11cf-96b8-444553540000\" codebase=\"http:\/\/download.macromedia.com\/pub\/shockwave\/cabs\/flash\/swflash.cab#version=6,0,40,0\"><param name=\"src\" value=\"http:\/\/www.youtube.com\/v\/Zr2G6Zoem5U\" \/><embed type=\"application\/x-shockwave-flash\" width=\"750\" height=\"440\" src=\"http:\/\/www.youtube.com\/v\/Zr2G6Zoem5U\" \/><\/object><\/p>\n<p style=\"text-align: justify;\"><strong>Quando voc\u00ea come\u00e7ou a gravar \u201cCarga de Ombro\u201d havia um conceito sonoro pr\u00e9-definido ou as can\u00e7\u00f5es foram surgindo gradualmente?<\/strong><br \/>\nDesta vez levei o disco bastante preparado ao est\u00fadio e isso se deve, sobretudo, ao trabalho de produ\u00e7\u00e3o que foi muito diferente relativamente aos outros \u00e1lbuns. Nos discos anteriores, eu chegava com um rascunho muito definido para a banda e o produtor, eles escutavam o meu produto final e ajustavam alguns detalhes. O Nelson Carvalho (produtor de \u201c<a href=\"https:\/\/screamyell.com.br\/site\/2014\/03\/04\/cds-sr-flavio-sinamantes-fito-e-uria\/\" target=\"_blank\">O Grande Medo do Pequeno Mundo<\/a>\u201d, de 2013) trabalhou principalmente o som daquilo que escolhi. No trabalho atual, pela primeira vez, mostrei os esbo\u00e7os iniciais ao Miguel Ferreira (produtor do disco e tecladista dos Cl\u00e3) at\u00e9 para perceber onde se poderiam cruzar as nossas linguagens. Na maioria das m\u00fasicas, o Miguel procurou libertar uma caracter\u00edstica identit\u00e1ria minha, ou seja, ele n\u00e3o se sobrep\u00f4s nem deu um cunho autoral ao seu trabalho, mas arrumou os meios necess\u00e1rios para aperfei\u00e7oar os meus defeitos e potencialidades. Quando cheguei ao est\u00fadio, o objetivo foi passar para a fita ou computador aquilo que tinha sido um trabalho de meses e definir como seria a continua\u00e7\u00e3o do processo. Como existiam muitas coisas para fazer e este disco tem mais elementos, por uma quest\u00e3o de economia de tempo, era necess\u00e1rio que tivesse existido um planeamento pr\u00e9vio.<\/p>\n<p style=\"text-align: justify;\"><strong>No disco, voc\u00ea abordou o pop, rock, romantismo e algumas can\u00e7\u00f5es espirituais. As v\u00e1rias intensidades do \u00e1lbum s\u00e3o um convite \u00e0 viagem ou funcionam como uma tentativa de agradar a diferentes p\u00fablicos?<\/strong><br \/>\nEst\u00e1 mais relacionado com o lado da viagem, na medida em que tentei reproduzir alguns dos discos que mais me marcaram, sobretudo \u00e1lbuns de autores e n\u00e3o tanto de bandas. Normalmente, os grupos s\u00e3o constitu\u00eddos por elementos que tocam os seus instrumentos e existe um espa\u00e7o grande na musicalidade, mas a sonoridade est\u00e1 ref\u00e9m dessas quatro pessoas que fazem m\u00fasica daquela forma, embora eu ache legal essa uniformidade. Por outro lado, os discos autorais que mais me fascinam s\u00e3o aqueles que dentro do mesmo trabalho conseguem criar imensos universos, que nos fazem viajar, que existam desnivelamentos entre as can\u00e7\u00f5es, para que n\u00e3o fiquemos embalados e ainda assim exista um lado conceitual e sonoro que consiga ligar todas as can\u00e7\u00f5es, mesmo que elas sejam muito diferentes. N\u00e3o tenho pretens\u00f5es que esse sentido conceitual chegue \u00e0s pessoas, porque elas podem nem estar interessadas no que quero dizer e podem gostar apenas da m\u00fasica de uma forma mais passageira. Mas, para mim, era importante reconhecer essa no\u00e7\u00e3o. O caminho ideal passa por criar muitos universos, perceber que existe um ponto comum nas can\u00e7\u00f5es e criar um fio que entre na primeira faixa, junte as outras e no final ter um colar com as pedras preciosas de tamanhos diferentes.<\/p>\n<p style=\"text-align: justify;\"><strong>Na apresenta\u00e7\u00e3o do \u00e1lbum, no Teatro S\u00e3o Luiz, voc\u00ea exibiu uma amplitude sonora invej\u00e1vel com dois tecladistas, dois bateristas e um coro de oito elementos. Posso concluir que foi uma tentativa sua de replicar a grandiosidade de alguns temas do \u00e1lbum?<\/strong><br \/>\nSim, sobretudo isso. Por um lado, existe aquele fato muito antigo e comunit\u00e1rio da FlorCaveira de ter muitos amigos no palco. A maior parte das pessoas que l\u00e1 estavam tem uma camaradagem que transcende a m\u00fasica. Poder contar com eles estimula a amizade e reflete-se tamb\u00e9m na m\u00fasica que eu levo ao p\u00fablico. Tamb\u00e9m existe um lado celebrat\u00f3rio. Mais do que debitar as can\u00e7\u00f5es ou reproduzir um disco comemoram-se as m\u00fasicas que n\u00e3o s\u00e3o s\u00f3 minhas e acabam por pertencer \u00e0 assist\u00eancia. Ao trazer os amigos para concretizar essa transfer\u00eancia \u00e9 uma forma de agradecimento por faz\u00ea-lo com pessoas em quem confio. Por outro lado, tamb\u00e9m pretendia que os shows n\u00e3o perdessem a amplitude e grandiosidade sonoras que estavam presentes no \u00e1lbum. Nesse sentido, ter mais gente, n\u00e3o descorar as se\u00e7\u00f5es r\u00edtmicas e a parafern\u00e1lia de vozes que est\u00e3o no disco era um aspecto muito importante. Como os concertos de lan\u00e7amento do disco em Lisboa e no Porto correram bem e tive boas rea\u00e7\u00f5es na m\u00eddia, isso criou uma exig\u00eancia para que eu reproduzisse esse aparato em qualquer atua\u00e7\u00e3o num teatro ou festival. Nem sempre \u00e9 poss\u00edvel faz\u00ea-lo, por quest\u00f5es log\u00edsticas ou de cach\u00ea, mas sempre que for poss\u00edvel gostaria de continuar nesse formato.<\/p>\n<p style=\"text-align: justify;\"><strong>Gostou de participar no <a href=\"https:\/\/screamyell.com.br\/site\/2015\/11\/24\/download-tributo-aos-paralamas-do-sucesso\/\" target=\"_blank\">tributo aos Paralamas do Sucesso<\/a> do Scream &amp; Yell?<\/strong><br \/>\nAdorei participar nesse tributo. Ali\u00e1s, \u201c<a href=\"https:\/\/screamyell.com.br\/site\/2015\/11\/24\/download-tributo-aos-paralamas-do-sucesso\/\" target=\"_blank\">Vital e sua Moto<\/a>\u201d \u00e9 a faixa extra da edi\u00e7\u00e3o digital do meu novo disco. Apropriei-me dessa can\u00e7\u00e3o de uma forma pessoal e inesperada. Mas a minha grava\u00e7\u00e3o coincidiu com a morte do ex-baterista Vital Dias, adquirindo uma toada de homenagem, de pessoas olhando para cima, lembrando uma personagem que j\u00e1 esteve conosco. N\u00e3o o conheci, mas de certa forma ele me marcou. Fiz quest\u00e3o de fazer a minha vers\u00e3o em casa, onde tenho poucos meios de grava\u00e7\u00e3o propositadamente. Gosto que as can\u00e7\u00f5es tenham esse ambiente caseiro e de escrit\u00f3rio, com microfones e guitarras ruins. Essa autenticidade tamb\u00e9m define o per\u00edodo inicial da FlorCaveira em que recorremos ao lo-fi ligado ao punk, mas n\u00e3o s\u00f3. Globalmente, misturei a minha ess\u00eancia com a subst\u00e2ncia da can\u00e7\u00e3o e fiz uma homenagem aos Paralamas do Sucesso sem investir no ska, do qual eu gosto bastante. Julgo que resultou numa vers\u00e3o agridoce, contemplativa e pr\u00f3xima do meu primeiro disco (\u201cO Caminho Ferrovi\u00e1rio Estreito\u201d, de 2003). Recebi muitos elogios e felicita\u00e7\u00f5es at\u00e9 de pessoas que nem conheciam a m\u00fasica. Foi prazeiroso reler uma can\u00e7\u00e3o dessa institui\u00e7\u00e3o que s\u00e3o os Paralamas. Quanto maior \u00e9 a responsabilidade, mais compenetrado fico relativamente ao trabalho que tenho de desenvolver.<\/p>\n<p style=\"text-align: justify;\"><strong>Pretende colaborar em novos projetos ou desenvolver parcerias com m\u00fasicos brasileiros?<\/strong><br \/>\nEstou absolutamente aberto a essa possibilidade e pretendo aceitar alguns convites. Em 2015 colaborei com o <a href=\"https:\/\/screamyell.com.br\/site\/2015\/10\/28\/entrevista-wado-2015\/\" target=\"_blank\">Wado<\/a> \u00e0 dist\u00e2ncia <a href=\"https:\/\/screamyell.com.br\/site\/2015\/04\/06\/wado-ao-vivo-em-lisboa\/\" target=\"_blank\">e resultou num show<\/a>. Quero retribuir e fazer algo com ele no futuro. Para al\u00e9m disso, estamos sendo invadidos, no bom sentido, por m\u00fasicos brasileiros que v\u00eam para Portugal, ficam c\u00e1 muito tempo e fazem grandes tours. Tive a sorte de conhecer artistas como o Tat\u00e1 Aeroplano e pelo que sei esses interc\u00e2mbios v\u00e3o aumentar. Eles sentem-se acarinhados aqui e n\u00f3s temos boas condi\u00e7\u00f5es para gravarem discos e trabalharem c\u00e1. Acho que me vou aproveitar disso e serei guloso no estabelecimento de parcerias (risos). Sou um admirador da m\u00fasica brasileira e da nova cena, que \u00e9 muito respeitosa da sua tradi\u00e7\u00e3o e estou maravilhado com a reciprocidade m\u00fatua. Atualmente est\u00e1 florescendo uma rela\u00e7\u00e3o entre a m\u00fasica dos dois pa\u00edses, acho que as linguagens se podem aproximar mais e Portugal est\u00e1 se aproximando do Brasil na forma como est\u00e1 trabalhando e estendendo a l\u00edngua.<\/p>\n<p style=\"text-align: justify;\"><strong>Acredita que poder\u00e1 alcan\u00e7ar um p\u00fablico mais alargado com o destaque que voc\u00ea tem recebido atualmente?<\/strong><br \/>\nO p\u00fablico que tenho conquistado \u00e9 sempre uma surpresa para mim. Uma das coisas que mais me surpreende \u00e9 a possibilidade de chegar \u00e0s pessoas, n\u00e3o s\u00f3 pelas can\u00e7\u00f5es que canto, mas tamb\u00e9m pelos temas que escrevo para outros artistas. Quando sei que Ant\u00f3nio Zambujo e Miguel Ara\u00fajo lotam o Coliseu de Lisboa tocando m\u00fasicas minhas, que a Ana Moura atua no estrangeiro e tem uma can\u00e7\u00e3o escrita por mim, entendo que n\u00e3o estou confinado ao meu trabalho individual. Como tenho um lado autoral nos meus discos, se quiser fazer um \u00e1lbum desastroso tamb\u00e9m tenho essa possibilidade. Esses fatos, deixam-me numa posi\u00e7\u00e3o bastante confort\u00e1vel e sinto-me completamente grato com a liberdade que alcancei.<\/p>\n<p style=\"text-align: center;\"><object width=\"750\" height=\"440\" classid=\"clsid:d27cdb6e-ae6d-11cf-96b8-444553540000\" codebase=\"http:\/\/download.macromedia.com\/pub\/shockwave\/cabs\/flash\/swflash.cab#version=6,0,40,0\"><param name=\"src\" value=\"http:\/\/www.youtube.com\/v\/WAuVG2aL5yM\" \/><embed type=\"application\/x-shockwave-flash\" width=\"750\" height=\"440\" src=\"http:\/\/www.youtube.com\/v\/WAuVG2aL5yM\" \/><\/object><\/p>\n<p style=\"text-align: center;\"><object width=\"750\" height=\"440\" classid=\"clsid:d27cdb6e-ae6d-11cf-96b8-444553540000\" codebase=\"http:\/\/download.macromedia.com\/pub\/shockwave\/cabs\/flash\/swflash.cab#version=6,0,40,0\"><param name=\"src\" value=\"http:\/\/www.youtube.com\/v\/naXzVVssN0Y\" \/><embed type=\"application\/x-shockwave-flash\" width=\"750\" height=\"440\" src=\"http:\/\/www.youtube.com\/v\/naXzVVssN0Y\" \/><\/object><\/p>\n<p style=\"text-align: center;\"><object width=\"750\" height=\"440\" classid=\"clsid:d27cdb6e-ae6d-11cf-96b8-444553540000\" codebase=\"http:\/\/download.macromedia.com\/pub\/shockwave\/cabs\/flash\/swflash.cab#version=6,0,40,0\"><param name=\"src\" value=\"http:\/\/www.youtube.com\/v\/PG4yv53q1TI\" \/><embed type=\"application\/x-shockwave-flash\" width=\"750\" height=\"440\" src=\"http:\/\/www.youtube.com\/v\/PG4yv53q1TI\" \/><\/object><\/p>\n<p>\u2013 Pedro Salgado (siga <a href=\"http:\/\/twitter.com\/woorman\" target=\"_blank\">@woorman<\/a>) \u00e9 jornalista, reside em Lisboa e colabora com o Scream &amp; Yell contando novidades da m\u00fasica de Portugal. Veja outras entrevistas de Pedro Salgado <a href=\"https:\/\/screamyell.com.br\/site\/tag\/portugal\/\">aqui<\/a><br \/>\n\u2013 Fotos por Rita Carmo. Conhe\u00e7a o trabalho: <a href=\"http:\/\/ritacarmo.blogspot.com.br\/\" target=\"_blank\">http:\/\/ritacarmo.blogspot.com.br\/<\/a><\/p>\n<p><strong>Leia tamb\u00e9m:<\/strong><br \/>\n\u2013 Download: Projeto Visto -&gt; Reaproximando Brasil e Portugal com m\u00fasica (<a href=\"https:\/\/screamyell.com.br\/site\/2014\/12\/14\/download-projeto-visto-2\/\">aqui<\/a>)<br \/>\n\u2013 Samuel \u00daria: \u201cO maior favor que fa\u00e7o \u00e0 minha m\u00fasica \u00e9 n\u00e3o premedit\u00e1-la demasiado\u201d (<a href=\"https:\/\/screamyell.com.br\/site\/2013\/06\/11\/a-nova-cena-portuguesa-samuel-uria\/\">aqui<\/a>)<br \/>\n\u2013 Um dos grandes discos de 2013, \u201cO Grande Medo do Pequeno Mundo\u201d (<a href=\"https:\/\/screamyell.com.br\/site\/2014\/12\/14\/download-projeto-visto-2\/\">aqui<\/a>)<br \/>\n\u2013 Ou\u00e7a: 15 can\u00e7\u00f5es do pop portugu\u00eas (<a href=\"https:\/\/screamyell.com.br\/site\/2015\/02\/24\/ouca-15-cancoes-do-pop-portugues\/\" target=\"_blank\">aqui<\/a>) e uma playlist chamada Tugas (<a href=\"https:\/\/screamyell.com.br\/blog\/2016\/04\/24\/duas-playlists-latin-e-tugas\/\">aqui<\/a>)<\/p>\n","protected":false},"excerpt":{"rendered":"Presente nos discos de Wado (&#8220;1977&#8221;) e no tributo do Scream &#038; Yell aos Paralamas do Sucesso, Samuel est\u00e1 lan\u00e7ando novo disco e conversou com Pedro Salgado em Lisboa!\n<a class=\"moretag\" href=\"https:\/\/screamyell.com.br\/site\/2016\/07\/25\/entrevista-samuel-uria-2016\/\"> [...]<\/a>","protected":false},"author":7,"featured_media":39702,"comment_status":"open","ping_status":"open","sticky":false,"template":"","format":"standard","meta":[],"categories":[3],"tags":[47,908],"_links":{"self":[{"href":"https:\/\/screamyell.com.br\/site\/wp-json\/wp\/v2\/posts\/38963"}],"collection":[{"href":"https:\/\/screamyell.com.br\/site\/wp-json\/wp\/v2\/posts"}],"about":[{"href":"https:\/\/screamyell.com.br\/site\/wp-json\/wp\/v2\/types\/post"}],"author":[{"embeddable":true,"href":"https:\/\/screamyell.com.br\/site\/wp-json\/wp\/v2\/users\/7"}],"replies":[{"embeddable":true,"href":"https:\/\/screamyell.com.br\/site\/wp-json\/wp\/v2\/comments?post=38963"}],"version-history":[{"count":5,"href":"https:\/\/screamyell.com.br\/site\/wp-json\/wp\/v2\/posts\/38963\/revisions"}],"predecessor-version":[{"id":39705,"href":"https:\/\/screamyell.com.br\/site\/wp-json\/wp\/v2\/posts\/38963\/revisions\/39705"}],"wp:featuredmedia":[{"embeddable":true,"href":"https:\/\/screamyell.com.br\/site\/wp-json\/wp\/v2\/media\/39702"}],"wp:attachment":[{"href":"https:\/\/screamyell.com.br\/site\/wp-json\/wp\/v2\/media?parent=38963"}],"wp:term":[{"taxonomy":"category","embeddable":true,"href":"https:\/\/screamyell.com.br\/site\/wp-json\/wp\/v2\/categories?post=38963"},{"taxonomy":"post_tag","embeddable":true,"href":"https:\/\/screamyell.com.br\/site\/wp-json\/wp\/v2\/tags?post=38963"}],"curies":[{"name":"wp","href":"https:\/\/api.w.org\/{rel}","templated":true}]}}