{"id":38317,"date":"2016-05-25T16:28:32","date_gmt":"2016-05-25T19:28:32","guid":{"rendered":"https:\/\/screamyell.com.br\/site\/?p=38317"},"modified":"2016-09-10T09:50:17","modified_gmt":"2016-09-10T12:50:17","slug":"entrevista-cineamazonia-itinerante","status":"publish","type":"post","link":"https:\/\/screamyell.com.br\/site\/2016\/05\/25\/entrevista-cineamazonia-itinerante\/","title":{"rendered":"Entrevista: Cineamaz\u00f4nia Itinerante"},"content":{"rendered":"<h2 style=\"text-align: center;\"><img decoding=\"async\" loading=\"lazy\" class=\"aligncenter\" src=\"https:\/\/screamyell.com.br\/site\/wp-content\/uploads\/2016\/04\/cineamazonia1.jpg\" alt=\"\" width=\"600\" height=\"400\" \/><\/h2>\n<h2 style=\"text-align: center;\"><strong>por Ismael Machado<br \/>\n<\/strong><\/h2>\n<p style=\"text-align: justify;\">Uma das imagens mais antigas na mem\u00f3ria de Jurandir Costa \u00e9 digna de um filme do neo-realismo italiano ou do Cinema Novo. Uma pequena estrada de ch\u00e3o seco no \u00e1rido agreste nordestino, ladeado pelo pai, que o acompanhava para dele se despedir. Ainda uma crian\u00e7a, Jurandir iria ser mais um entre tantos migrantes nordestinos, algo que nos dias de hoje \u00e9 quase como uma senten\u00e7a nazista.<\/p>\n<p style=\"text-align: justify;\">Pouco mais de 20 anos depois, Jurandir Costa se tornou um documentarista respeitado e premiado internacionalmente, mesmo morando na capital rondoniense de Porto Velho. L\u00e1, acabou por criar um festival de cinema cuja raz\u00e3o de ser \u00e9 o meio ambiente, o <a href=\"http:\/\/cineamazonia.com.br\/\" target=\"_blank\">Cineamaz\u00f4nia<\/a>, que j\u00e1 foi FestcineAmaz\u00f4nia.<\/p>\n<p style=\"text-align: justify;\">O festival j\u00e1 completou 13 anos e gerou, entre outras coisas, um filhote ainda melhor, o Cineamaz\u00f4nia Itinerante. A ideia \u00e9 simples, mas repleta de aventura, idealismo e aptid\u00e3o para a democracia cultural. Levar pequenas mostras de filmes (geralmente curtas) e apresenta\u00e7\u00f5es de artistas como m\u00fasicos e palha\u00e7os de circo para comunidades afastadas, distantes dos grandes centros, da Amaz\u00f4nia, Peru, Bol\u00edvia, Col\u00f4mbia, \u00c1frica e at\u00e9 Portugal.<\/p>\n<p style=\"text-align: justify;\">A itiner\u00e2ncia iniciou em 2008 e se tornou uma esp\u00e9cie de \u2018menina dos olhos\u2019 de seu criador e da co-organizadora, Fernanda Kopanakis. Com mais de 55 mil km rodados, a mostra itinerante pretende ser reconhecida pelo Guiness, o livro dos recordes, como a que maior dist\u00e2ncia tem percorrido, seja por terra como por rios. Da fronteira entre Brasil, Peru e Bol\u00edvia, Jurandir Costa respondeu \u00e0s seguintes perguntas para o Scream &amp; Yell.<\/p>\n<p style=\"text-align: justify;\"><img decoding=\"async\" loading=\"lazy\" class=\"aligncenter\" src=\"https:\/\/screamyell.com.br\/site\/wp-content\/uploads\/2016\/04\/cineamazonia2.jpg\" alt=\"\" width=\"600\" height=\"400\" \/><\/p>\n<p style=\"text-align: justify;\"><strong>Fale um pouco da tua trajet\u00f3ria como realizador de audiovisual.<\/strong><br \/>\nSou filho de agricultores, nasci no sert\u00e3o em 1974 no auge da ditadura militar, numa casa sem energia el\u00e9trica no \u00e1rido sert\u00e3o do Cariri cearense. No nordeste me fascinavam os cinemas itinerantes e seus filmes de karat\u00ea, os miser\u00e1veis e encantadores circos e seus palha\u00e7os. Os repentistas. Me fascinava andar no escuro para ver TV na casa de amigos do meu pai. Migrei pra Amaz\u00f4nia, seguindo o caminho j\u00e1 trilhado d\u00e9cadas antes por meus tios, essa coisa da inquieta\u00e7\u00e3o de buscar uma vida melhor, na minha adolesc\u00eancia tive experi\u00eancias na \u00e1rea de comunica\u00e7\u00e3o, trabalhando com document\u00e1rios e tamb\u00e9m numa prec\u00e1ria TV p\u00fablica. Voltei ao Nordeste e fiz um filme sobre um poeta que me emocionou muito quando eu era crian\u00e7a, Patativa do Assar\u00e9. Comecei a produzir document\u00e1rios focados em tem\u00e1ticas amaz\u00f4nicas, esses filmes ganharam alguns importantes pr\u00eamios e percorreram v\u00e1rios festivais de cinema brasileiro e mostras no exterior como \u00c1ustria, Chile, Estados Unidos e Dinamarca. A partir dessa viv\u00eancia da experi\u00eancia adquirida com os festivais foi criado, em 2003, o Cineamazonia.<\/p>\n<p style=\"text-align: justify;\"><strong>O que motivou a cria\u00e7\u00e3o de uma itiner\u00e2ncia de cinema?<\/strong><br \/>\nO Cineamazonia foi criado nos moldes de outros festivais de cinema, com uma mostra competitiva, homenagens e tamb\u00e9m com o prop\u00f3sito de ser o \u00fanico festival de cinema ambiental na Amaz\u00f4nia. A primeira experi\u00eancia com itiner\u00e2ncia surgiu a partir do resultado de levar cinema aos bairros da periferia de Porto Velho. Isso nos estimulou a olhar um pouco mais no entorno. O munic\u00edpio \u00e9 um dos maiores do Brasil, com dist\u00e2ncias comuns para quem vive na Amaz\u00f4nia. E um munic\u00edpio t\u00e3o grande acaba n\u00e3o estendendo a\u00e7\u00f5es culturais fora do per\u00edmetro urbano. A recep\u00e7\u00e3o foi maravilhosa, estimulando todos n\u00f3s a voltarmos cada ano aos mesmos lugares. Disso surgiu a ideia de ir a outros lugares da Amaz\u00f4nia. Depois, descobrimos que a Amaz\u00f4nia n\u00e3o \u00e9 uma s\u00f3. S\u00e3o m\u00faltiplas. E com o apoio de \u00f3rg\u00e3os como BNDES e Petrobr\u00e1s, desenvolvemos essa ideia de nos aventurarmos pela Amaz\u00f4nia peruana, boliviana etc. Descobrimos o que nos une e o que nos separa. Tem sido uma experi\u00eancia \u00fanica.<\/p>\n<p style=\"text-align: justify;\"><strong>Uma das coisas que talvez tenha ocorrido seja testemunhar mudan\u00e7as nos locais por conta de fatores econ\u00f4micos, pol\u00edticos e sociais. Como tu avalias isso?<\/strong><br \/>\nO Cineamaz\u00f4nia realiza um trabalho importante de documenta\u00e7\u00e3o da mem\u00f3ria desses espa\u00e7os. Est\u00e1 fotografado e filmado para a posteridade o surgimento de n\u00facleos urbanos, a morte de pequenas cidades. Trag\u00e9dias ambientais. O relato das pessoas que vivenciam a trag\u00e9dia dos deslocamentos urbanos, realidades inimagin\u00e1veis, como por exemplo, a chegada da energia el\u00e9trica, asfalto, prec\u00e1rias estruturas em cidades constru\u00eddas dentro de reservas ambientais, proibidas por lei. Do ponto de vista ambiental \u00e9 uma trag\u00e9dia, n\u00e3o h\u00e1 melhor palavra. Tudo constru\u00eddo na perspectiva do lucro imediato. Amaz\u00f4nia n\u00e3o \u00e9 espa\u00e7o para a amplia\u00e7\u00e3o da soja, para o cultivo da monocultura em larga escala, sem falar no avan\u00e7o da pecu\u00e1ria. Esse \u00e9 o nosso testemunho enquanto ao mesmo tempo vamos levando filmes, arte, cultura para essas comunidades, algo que cada vez mais, com esse novo governo, parece que ser\u00e1 atacado e vilipendiado.<\/p>\n<p style=\"text-align: justify;\"><strong>Como as pessoas reagem a essa iniciativa nas localidades?<\/strong><br \/>\nAs pessoas esperam o cinema chegar. \u00c9 uma novidade renovada a cada ano. L\u00e1 vem o povo do cinema de novo. Uma vez por ano, a trupe do cinema tamb\u00e9m se renova. Fazemos amigos nesses caminhos e podemos, uma vez por ano, nos abra\u00e7ar, falar da beleza e trag\u00e9dia da vida. Uma vez, um velho de uma comunidade veio nos dar um presente no dia seguinte, pois disse que h\u00e1 uns 20 anos n\u00e3o ria. N\u00e3o soltava uma gargalhada. Esse \u00e9 um tipo de retorno que a gente nunca esquece.<\/p>\n<p style=\"text-align: justify;\"><strong>A maioria das pessoas n\u00e3o tem no\u00e7\u00e3o do que \u00e9 ser e estar na Amaz\u00f4nia. Como defines a import\u00e2ncia do Cineamaz\u00f4nia nesse contexto?<\/strong><br \/>\nA partir da Amaz\u00f4nia podemos ter uma pequena no\u00e7\u00e3o de Brasil, da Am\u00e9rica Latina. Somos vizinhos da Bol\u00edvia, do Peru, Col\u00f4mbia, Venezuela. Quem vive na Amaz\u00f4nia n\u00e3o tem medo de lugar longe, temos a verdadeira no\u00e7\u00e3o de Brasil. Precisamos entender tamb\u00e9m que a maioria das pessoas que est\u00e3o na Amaz\u00f4nia passaram pelos movimentos de migra\u00e7\u00e3o, muitos em busca de riqueza, borracha, madeira, ouro, gado, no fundo o mito do Eldorado continua presente no imagin\u00e1rio. Acostumamos a enxergar o Brasil do tamanho que ele \u00e9. O Cineamazonia \u00e9 um festival de cinema que traz pras comunidades filmes com a tem\u00e1tica ambiental em sua maioria focadas na forma\u00e7\u00e3o de um &#8211; ut\u00f3pico &#8211; olhar, com uma aten\u00e7\u00e3o toda especial nas crian\u00e7as.<\/p>\n<p style=\"text-align: center;\"><object width=\"600\" height=\"340\" classid=\"clsid:d27cdb6e-ae6d-11cf-96b8-444553540000\" codebase=\"http:\/\/download.macromedia.com\/pub\/shockwave\/cabs\/flash\/swflash.cab#version=6,0,40,0\"><param name=\"src\" value=\"http:\/\/www.youtube.com\/v\/mP_wYK84444\" \/><embed type=\"application\/x-shockwave-flash\" width=\"600\" height=\"340\" src=\"http:\/\/www.youtube.com\/v\/mP_wYK84444\" \/><\/object><\/p>\n<p style=\"text-align: center;\"><object width=\"600\" height=\"340\" classid=\"clsid:d27cdb6e-ae6d-11cf-96b8-444553540000\" codebase=\"http:\/\/download.macromedia.com\/pub\/shockwave\/cabs\/flash\/swflash.cab#version=6,0,40,0\"><param name=\"src\" value=\"http:\/\/www.youtube.com\/v\/TLGyw93qPUo\" \/><embed type=\"application\/x-shockwave-flash\" width=\"600\" height=\"340\" src=\"http:\/\/www.youtube.com\/v\/TLGyw93qPUo\" \/><\/object><\/p>\n<p style=\"text-align: center;\"><object width=\"600\" height=\"340\" classid=\"clsid:d27cdb6e-ae6d-11cf-96b8-444553540000\" codebase=\"http:\/\/download.macromedia.com\/pub\/shockwave\/cabs\/flash\/swflash.cab#version=6,0,40,0\"><param name=\"src\" value=\"http:\/\/www.youtube.com\/v\/zvGfSFOw2jQ\" \/><embed type=\"application\/x-shockwave-flash\" width=\"600\" height=\"340\" src=\"http:\/\/www.youtube.com\/v\/zvGfSFOw2jQ\" \/><\/object><\/p>\n<p style=\"text-align: justify;\">&#8211; Ismael Machado \u00e9 rep\u00f3rter especial do Di\u00e1rio do Par\u00e1 e est\u00e1 lan\u00e7ando o livro \u201cSujando os Sapatos &#8211; O Caminho Di\u00e1rio da Reportagem\u201d. Saiba mais <a href=\"https:\/\/screamyell.com.br\/\/blog\/2011\/08\/24\/tres-livros-bacanas-dois-em-promocao\/\">aqui<\/a><br \/>\n&#8211; Fotos por Avener Prado \/ Cineamazonia 2016. Mais: <a href=\"https:\/\/www.facebook.com\/Festcineamazonia\" target=\"_blank\">www.facebook.com\/Festcineamazonia<\/a><\/p>\n<p style=\"text-align: center;\"><strong><a href=\"https:\/\/screamyell.com.br\/site\/category\/cinema\/\">MAIS SOBRE CINEMA E FILMES<\/a><\/strong><\/p>\n","protected":false},"excerpt":{"rendered":"por Ismael Machado\nA ideia \u00e9 simples, mas repleta de aventura e idealismo: levar pequenas mostras de filmes para comunidades afastadas&#8230;\n<a class=\"moretag\" href=\"https:\/\/screamyell.com.br\/site\/2016\/05\/25\/entrevista-cineamazonia-itinerante\/\"> [...]<\/a>","protected":false},"author":15,"featured_media":0,"comment_status":"open","ping_status":"open","sticky":false,"template":"","format":"standard","meta":[],"categories":[4],"tags":[45],"_links":{"self":[{"href":"https:\/\/screamyell.com.br\/site\/wp-json\/wp\/v2\/posts\/38317"}],"collection":[{"href":"https:\/\/screamyell.com.br\/site\/wp-json\/wp\/v2\/posts"}],"about":[{"href":"https:\/\/screamyell.com.br\/site\/wp-json\/wp\/v2\/types\/post"}],"author":[{"embeddable":true,"href":"https:\/\/screamyell.com.br\/site\/wp-json\/wp\/v2\/users\/15"}],"replies":[{"embeddable":true,"href":"https:\/\/screamyell.com.br\/site\/wp-json\/wp\/v2\/comments?post=38317"}],"version-history":[{"count":6,"href":"https:\/\/screamyell.com.br\/site\/wp-json\/wp\/v2\/posts\/38317\/revisions"}],"predecessor-version":[{"id":39005,"href":"https:\/\/screamyell.com.br\/site\/wp-json\/wp\/v2\/posts\/38317\/revisions\/39005"}],"wp:attachment":[{"href":"https:\/\/screamyell.com.br\/site\/wp-json\/wp\/v2\/media?parent=38317"}],"wp:term":[{"taxonomy":"category","embeddable":true,"href":"https:\/\/screamyell.com.br\/site\/wp-json\/wp\/v2\/categories?post=38317"},{"taxonomy":"post_tag","embeddable":true,"href":"https:\/\/screamyell.com.br\/site\/wp-json\/wp\/v2\/tags?post=38317"}],"curies":[{"name":"wp","href":"https:\/\/api.w.org\/{rel}","templated":true}]}}