{"id":36975,"date":"2016-02-22T19:09:59","date_gmt":"2016-02-22T22:09:59","guid":{"rendered":"https:\/\/screamyell.com.br\/site\/?p=36975"},"modified":"2020-11-09T00:22:27","modified_gmt":"2020-11-09T03:22:27","slug":"entrevista-magabarat","status":"publish","type":"post","link":"https:\/\/screamyell.com.br\/site\/2016\/02\/22\/entrevista-magabarat\/","title":{"rendered":"Entrevista: Magabarat"},"content":{"rendered":"<h3 style=\"text-align: center;\"><img decoding=\"async\" loading=\"lazy\" class=\"aligncenter size-full wp-image-36976\" title=\"mahabarata\" src=\"https:\/\/screamyell.com.br\/site\/wp-content\/uploads\/2016\/02\/mahabarata.jpg\" alt=\"\" width=\"600\" height=\"400\" srcset=\"https:\/\/screamyell.com.br\/site\/wp-content\/uploads\/2016\/02\/mahabarata.jpg 600w, https:\/\/screamyell.com.br\/site\/wp-content\/uploads\/2016\/02\/mahabarata-150x100.jpg 150w, https:\/\/screamyell.com.br\/site\/wp-content\/uploads\/2016\/02\/mahabarata-300x200.jpg 300w\" sizes=\"(max-width: 600px) 100vw, 600px\" \/><\/h3>\n<h3 style=\"text-align: center;\"><strong>por\u00a0<a href=\"https:\/\/twitter.com\/leovinhas\" target=\"_blank\" rel=\"noopener noreferrer\">Leonardo Vinhas<\/a><\/strong><\/h3>\n<p style=\"text-align: justify;\">A m\u00fasica do Magabarat estimula a cintura e a mente em iguais propor\u00e7\u00f5es. Guilherme Santin (sintetizadores e programa\u00e7\u00f5es), Felipe Girotto (bateria e percuss\u00e3o) e Guido Bracagioli (baixo e flauta transversal) promovem uma sonoridade sim, bem cerebral, fugindo das estruturas f\u00e1ceis e buscando a excel\u00eancia na execu\u00e7\u00e3o instrumental. Mas tamb\u00e9m \u00e9 dan\u00e7ante pra valer \u2013 n\u00e3o \u00e9 nada de \u201cmexer o pezinho\u201d, faixas como \u201cTup\u00e3 e Araci\u201d e \u201cCanta Compay\u201d s\u00e3o para perder a vergonha e a dureza do gingado.<\/p>\n<p style=\"text-align: justify;\">O trio de Caxias do Sul (RS) existe desde 2009 (inicialmente com o nome Mahabarata), por\u00e9m s\u00f3 lan\u00e7ou seu primeiro \u00e1lbum, hom\u00f4nimo, no fim de 2015. O lan\u00e7amento teve uma miniturn\u00ea com cinco shows: em Porto Alegre, Gal\u00f3polis e em sua cidade de origem. O disco \u00e9 produzido pelo conterr\u00e2neo Luciano Balen, uma das metades do Projeto Ccoma, outra banda que tem a proposta de congregar influ\u00eancias musicais e imag\u00e9ticas de v\u00e1rias partes do mundo para criar uma m\u00fasica org\u00e2nica dan\u00e7ante, que combina instrumentos mais tradicionais e explora\u00e7\u00e3o do potencial das novas tecnologias.<\/p>\n<p style=\"text-align: justify;\">Por\u00e9m, os caminhos que o Magarabat percorre passam mais pelo jazz funk e pelo fusion. Por mais que se escutem elementos de chamam\u00e9, milonga, salsa e outros, \u00e9 percept\u00edvel que em algum momento da vida dos integrantes Azymuth, Weather Report e cong\u00eaneres bateram forte. Mas como o pessoal tamb\u00e9m parece ter ouvido Medeski, Martin &amp; Wood, soul brasileiro e outras malemol\u00eancias, a receita final nunca desanda para o simples exerc\u00edcio virtuos\u00edstico.<\/p>\n<p style=\"text-align: justify;\">O Scream &amp; Yell entrevistou a banda por e-mail, e o trio preferiu responder coletivamente \u00e0s quest\u00f5es enviadas.<\/p>\n<p style=\"text-align: center;\"><object classid=\"clsid:d27cdb6e-ae6d-11cf-96b8-444553540000\" width=\"600\" height=\"340\" codebase=\"http:\/\/download.macromedia.com\/pub\/shockwave\/cabs\/flash\/swflash.cab#version=6,0,40,0\"><param name=\"src\" value=\"http:\/\/www.youtube.com\/v\/0T2AFhZh1CE\" \/><embed type=\"application\/x-shockwave-flash\" width=\"600\" height=\"340\" src=\"http:\/\/www.youtube.com\/v\/0T2AFhZh1CE\"><\/embed><\/object><\/p>\n<p style=\"text-align: justify;\"><strong>O groove \u00e9 um elemento essencial na m\u00fasica do Magarabat, mas d\u00e1 para ver que ele n\u00e3o \u00e9 s\u00f3 um groove do funk e do jazz, mas que tamb\u00e9m passeia pelo afro beat, pelo fusion, pela m\u00fasica eletr\u00f4nica, por ritmos caribenhos. Ent\u00e3o gostaria que voc\u00eas contassem como essas influ\u00eancias todas foram parar no som de voc\u00eas.<\/strong><br \/>\nA maioria dos ritmos s\u00e3o parte da evolu\u00e7\u00e3o natural das influencias dos m\u00fasicos. Todos crescemos escutando rock, funk, jazz e fusion. Alguns ritmos diferentes s\u00e3o provenientes de experi\u00eancias pessoais, o Guilherme trabalha com m\u00fasica eletr\u00f4nica h\u00e1 oito anos, por exemplo. Al\u00e9m disso, nos propusemos a realizar uma pesquisa de ritmos que n\u00e3o faziam parte de nosso repert\u00f3rio conjunto at\u00e9 ent\u00e3o, como o tango, a salsa e o chamam\u00e9. Esse conceito era um desejo antigo e floresceu em conversas na pr\u00e9-produ\u00e7\u00e3o, fosse por sugest\u00e3o dos produtores ou de desejos pessoais de criar uma proposta que agregasse \u00e0s nossas influ\u00eancias anteriores, a fim de criar uma identidade sonora particular.<\/p>\n<p style=\"text-align: justify;\"><strong>O som \u00e9 instrumental, uma op\u00e7\u00e3o que sempre dificulta chegar a um p\u00fablico maior. A banda j\u00e1 nasceu com essa proposta, ou aos poucos voc\u00eas foram descartando a voz como elemento musical?<\/strong><br \/>\nA banda nasceu instrumental, autoral, e tamb\u00e9m experimental, j\u00e1 que essa era a primeira experi\u00eancia desse tipo de todos os integrantes. Come\u00e7amos como uma brincadeira: o Guilherme tinha um est\u00fadio em casa, com equipamento montado, pronto para tocar, e acab\u00e1vamos nos reunindo como um passatempo. Aconteceu de marcarmos bastantes shows em bares da cidade, principalmente pela curiosidade do pessoal em assistir uma banda instrumental com forma\u00e7\u00e3o inusitada, e fomos tocando adiante esse projeto, at\u00e9 chegarmos com a forma\u00e7\u00e3o e ideia sonora que temos hoje. O p\u00fablico de m\u00fasica instrumental no Brasil \u00e9 pequeno se comparado \u00e0 musica popular, mas certamente existe. \u00c9 um p\u00fablico interessante de se dialogar, pois s\u00e3o em maioria pessoas de bastante conhecimento musical, o que os torna muito exigentes.<\/p>\n<p style=\"text-align: justify;\"><strong>A amplitude musical que o Magabarat abre &#8211; bem como o uso da eletr\u00f4nica &#8211; dialoga com o Projeto Ccoma, embora a distin\u00e7\u00e3o entre ambas seja clara. Foi por isso que escolheram o Luciano Balen como produtor?<\/strong><br \/>\nDe certa forma sim. A produ\u00e7\u00e3o do Projeto Ccoma tem muito a ver com o que quer\u00edamos para o som do nosso disco, principalmente em misturas r\u00edtmicas e na utiliza\u00e7\u00e3o de programa\u00e7\u00f5es nos shows, mas a proposta da Magabarat difere do Projeto Ccoma em diversos aspectos, nos levando a criar um produto \u00fanico, atrav\u00e9s do di\u00e1logo entre produtor e banda.<\/p>\n<p style=\"text-align: justify;\"><strong>Caxias do Sul tem produzido uma grande quantidade de m\u00fasica com os olhos voltados para o mundo. A que voc\u00ea atribui essa &#8220;internacionalidade&#8221; crescente dos artistas caxienses?<\/strong><br \/>\nTemos acompanhado bem de perto o Festival Brasileiro de Musica de Rua, respons\u00e1vel por trazer todo ano artistas de diversos pa\u00edses e Estados brasileiros a Caxias do Sul. Essa \u00e9 uma grande oportunidade para termos contato direto com artistas que possuem conhecimentos diversos. Al\u00e9m disso tamb\u00e9m mantemos a Incubadora da Musica {nota: grupo de discuss\u00f5es e estudos organizados pela mesma equipe respons\u00e1vel pelo citado festival), que \u00e9 local para trocar ideias com outros artistas do cen\u00e1rio caxiense. Outro marco importante para a cena \u00e9 a Casa Paralela, reduto de cria\u00e7\u00e3o e troca de ideias bastante frequentado por m\u00fasicos e artistas de diversas \u00e1reas culturais. Estamos inseridos no meio de uma cena crescente em Caxias do Sul, em busca de uma identidade, algo que consolide a movimenta\u00e7\u00e3o caxiense. A regi\u00e3o da Serra Ga\u00facha tem muita diversidade cultural, e vive um momento muito bom, principalmente na m\u00fasica, o que certamente influencia diretamente a produ\u00e7\u00e3o daqui. Estamos muito contentes por fazer parte desse momento.<\/p>\n<p style=\"text-align: justify;\"><strong>&#8220;M\u00fasica \u00e9tnica&#8221; ou &#8220;world music&#8221; \u00e9 um nome criado pela ind\u00fastria para se referir a tudo que \u00e9 pop mas n\u00e3o \u00e9 feito nos EUA e Inglaterra. Pelas influ\u00eancias de ritmos latinos e brasileiros, pode acontecer que a Magabarat seja colocada nesse saco de gatos. Se rolar isso, seria um problema, ou pode ajudar a banda a chegar a mais pessoas, que j\u00e1 est\u00e3o acostumadas com o r\u00f3tulo?<\/strong><br \/>\nAcreditamos que este nome em espec\u00edfico n\u00e3o chega a ser algo problem\u00e1tico, pois \u00e9 um termo muito abrangente. Este \u00e9 na verdade um problema que temos, pois \u00e9 dif\u00edcil classificar de forma precisa nossa m\u00fasica. Nossa proposta \u00e9 justamente quebrar r\u00f3tulos, juntando ritmos inusitados para criar algo diferente, uma linguagem pessoal apropriando-se de outras linguagens. Gostamos de pensar na M\u00fasica Universal, termo proposto por Hermeto Pascoal, e n\u00e3o nos preocupamos em manter o tradicional, mas ir al\u00e9m dele.<\/p>\n<p style=\"text-align: justify;\"><strong>O que voc\u00eas j\u00e1 t\u00eam planejado para este ano em termos de divulga\u00e7\u00e3o do disco?<\/strong><br \/>\nTerminamos a miniturn\u00ea de lan\u00e7amento do disco, foram 5 shows em Caxias e em Porto Alegre. Com o ano come\u00e7ando temos algumas coisas em vista, participa\u00e7\u00f5es em festivais, h\u00e1 planos para uma turn\u00ea e talvez um clipe at\u00e9 o fim do ano, mas nada definido ainda. Reservamos janeiro para criar o planejamento de 2016.<\/p>\n<p style=\"text-align: center;\"><object classid=\"clsid:d27cdb6e-ae6d-11cf-96b8-444553540000\" width=\"600\" height=\"340\" codebase=\"http:\/\/download.macromedia.com\/pub\/shockwave\/cabs\/flash\/swflash.cab#version=6,0,40,0\"><param name=\"src\" value=\"http:\/\/www.youtube.com\/v\/ZNwnAwmoOnM\" \/><embed type=\"application\/x-shockwave-flash\" width=\"600\" height=\"340\" src=\"http:\/\/www.youtube.com\/v\/ZNwnAwmoOnM\"><\/embed><\/object><\/p>\n<p style=\"text-align: justify;\">&#8211; Leonardo Vinhas (<a href=\"https:\/\/twitter.com\/leovinhas\" target=\"_blank\" rel=\"noopener noreferrer\">@leovinhas<\/a>) assina a se\u00e7\u00e3o Conex\u00e3o Latina (<a href=\"https:\/\/screamyell.com.br\/site\/tag\/conexao_latina\/\">aqui<\/a>) no Scream &amp; Yell.<\/p>\n<p style=\"text-align: center;\"><strong><a href=\"https:\/\/screamyell.com.br\/site\/category\/musica\/\">MAIS SOBRE M\u00daSICA, ENTREVISTAS E REVIEWS NO SCREAM &amp; YELL<\/a><\/strong><\/p>\n","protected":false},"excerpt":{"rendered":"por Leonardo Vinhas\nA m\u00fasica do Magabarat estimula a cintura e a mente em iguais propor\u00e7\u00f5es. \u00c9 bem cerebral, Mas tamb\u00e9m \u00e9 dan\u00e7ante pra valer\n<a class=\"moretag\" href=\"https:\/\/screamyell.com.br\/site\/2016\/02\/22\/entrevista-magabarat\/\"> [...]<\/a>","protected":false},"author":6,"featured_media":0,"comment_status":"open","ping_status":"open","sticky":false,"template":"","format":"standard","meta":[],"categories":[3],"tags":[],"_links":{"self":[{"href":"https:\/\/screamyell.com.br\/site\/wp-json\/wp\/v2\/posts\/36975"}],"collection":[{"href":"https:\/\/screamyell.com.br\/site\/wp-json\/wp\/v2\/posts"}],"about":[{"href":"https:\/\/screamyell.com.br\/site\/wp-json\/wp\/v2\/types\/post"}],"author":[{"embeddable":true,"href":"https:\/\/screamyell.com.br\/site\/wp-json\/wp\/v2\/users\/6"}],"replies":[{"embeddable":true,"href":"https:\/\/screamyell.com.br\/site\/wp-json\/wp\/v2\/comments?post=36975"}],"version-history":[{"count":5,"href":"https:\/\/screamyell.com.br\/site\/wp-json\/wp\/v2\/posts\/36975\/revisions"}],"predecessor-version":[{"id":58266,"href":"https:\/\/screamyell.com.br\/site\/wp-json\/wp\/v2\/posts\/36975\/revisions\/58266"}],"wp:attachment":[{"href":"https:\/\/screamyell.com.br\/site\/wp-json\/wp\/v2\/media?parent=36975"}],"wp:term":[{"taxonomy":"category","embeddable":true,"href":"https:\/\/screamyell.com.br\/site\/wp-json\/wp\/v2\/categories?post=36975"},{"taxonomy":"post_tag","embeddable":true,"href":"https:\/\/screamyell.com.br\/site\/wp-json\/wp\/v2\/tags?post=36975"}],"curies":[{"name":"wp","href":"https:\/\/api.w.org\/{rel}","templated":true}]}}