{"id":33518,"date":"2009-05-13T15:37:26","date_gmt":"2009-05-13T18:37:26","guid":{"rendered":"https:\/\/screamyell.com.br\/site\/?p=33518"},"modified":"2015-09-15T15:38:24","modified_gmt":"2015-09-15T18:38:24","slug":"blog-do-editor-eu-uso-oculos-e-perco-chaves","status":"publish","type":"post","link":"https:\/\/screamyell.com.br\/site\/2009\/05\/13\/blog-do-editor-eu-uso-oculos-e-perco-chaves\/","title":{"rendered":"Blog do Editor: Eu uso \u00f3culos e perco chaves"},"content":{"rendered":"<p style=\"text-align: justify;\">por Mac<\/p>\n<p style=\"text-align: justify;\">N\u00e3o, eu n\u00e3o uso \u00f3culos. Ainda. Passei esta manh\u00e3 fazendo exames  peri\u00f3dicos sob recomenda\u00e7\u00e3o do iG, o que me fez parar um boooom tempo  para ler na sala de espera do consult\u00f3rio (Veja, Caras e a Folha de  hoje), passar na audiometria (minha audi\u00e7\u00e3o est\u00e1 ok, acreditem) e  trope\u00e7ar na oftalmologia. Segundo o doutor, estou com dificuldades para  ler a longa dist\u00e2ncia. Ainda acho que eu estava sonado de tanta espera.  Mesmo assim ele insistiu para que eu fizesse um exame cuidadoso em outro  oftalmo. Se as meninas do Leblon pararem de olhar pra mim, voc\u00ea j\u00e1  sabe\u2026<\/p>\n<p style=\"text-align: justify;\">*******<br \/>\nIsso voc\u00ea tamb\u00e9m j\u00e1 sabe: existe um mundo paralelo, um buraco negro, um  universo para todas as canetas, guarda-chuvas, clipes e grampos perdidos  v\u00e3o parar. Perder uma caneta ou um guarda-chuva \u00e9 t\u00e3o normal quanto  pegar um \u00f4nibus. Eu, por\u00e9m, tenho uma especialidade: chaves. N\u00e3o lembro  quando adquiri diploma nessa categoria, mas nos \u00faltimos anos isso tem  acontecido com bastante freq\u00fc\u00eancia. Vejamos. Hoje perdi a chaves. Acho  que pode ter sido no taxi na ida, em algum dos exames do consult\u00f3rio ou  provavelmente no \u00f4nibus na volta. Cheguei em frente ao pr\u00e9dio, bati a  m\u00e3o no bolso, era uma vez.<\/p>\n<p style=\"text-align: justify;\">A \u00faltima vez tinha sido alguns meses atr\u00e1s. Eu e Lili t\u00ednhamos ido  ver um show no Sesc Vila Mariana. Coloquei chaves e documentos em um  bolso interno da jaqueta. Chegando l\u00e1, sentindo o prov\u00e1vel calor da  caminhada, tirei e coloquei o jaquet\u00e3o embaixo do banco. O show  terminou, peguei o capote, vimos de taxi e quando chegamos em casa\u2026 era  uma vez. A vantagem de perder a chave de dia \u00e9 que o servi\u00e7o para  abri-la \u00e9 50% mais barato. Pagamos R$ 80 da outra vez. Hoje foi R$ 40.  Teve uma vez que foi R$ 50, era um doming\u00e3o, mas j\u00e1 faz uns tr\u00eas anos.  Passei o dia inteiro com a afilhada no Playcenter, deixei ela e a  comadre na rodovi\u00e1ria, cheguei em casa (ainda na Maria Antonia) numa  garoa e\u2026 era uma vez.<\/p>\n<p style=\"text-align: justify;\">Se voc\u00ea \u00e9 meu amigo, tome cuidado. Eu tamb\u00e9m perco chaves de amigos.  Em Londres, no ano passado, perdi a chave da casa do Daniel, mas dei  sorte, pois eu tamb\u00e9m tinha perdido o passaporte. Foi na porta da Rough  Trade, e me levaram o passaporte na mesa em que eu e a Luciana est\u00e1vamos  tomando caf\u00e9. A chave\u2026 era uma vez. A outra foi em Curitiba. Eu estava  na casa do Dary, do Terminal Guadalupe, para o Curitiba Rock Festival.  Cheguei, ele me deu \u00e0s chaves, chamamos um taxi e fui beber com uns  amigos no centro da cidade. N\u00e3o foi nem uma hora e eu perdi a chave. Mas  dei sorte de novo. Lembrei que havia pedido o taxi em uma central.  Liguei l\u00e1, eles tinha o n\u00famero do taxista, entraram em contato, e ele  deixou a chave conosco horas depois. Ufa.<\/p>\n<p style=\"text-align: justify;\">Em Buenos Aires tamb\u00e9m aconteceu, mas foi por um motivo extra. Quatro  caras me cercaram em La Boca, eu resisti ao assalto e depois de alguns  segundos eternos eles me derrubaram no ch\u00e3o e s\u00f3 me deixaram quando  pegaram a carteira e a mochila. Dei sorte de novo, pois o preju\u00edzo foi  muito menor do que poderia ter sido. Perdemos a mochila, o guia de  viagem, algumas frutas e uns 200 pesos, mas eu permaneci consegui  segurar a nossa m\u00e1quina digital e proteger todo o dinheiro da viagem,  que estava comigo (nunca saia com todo o dinheiro, nunca). Conto em  detalhes aqui, mas o fato \u00e9 que na briga acabei perdendo a chave do  apartamento em que est\u00e1vamos em San Telmo. Tudo bem, nada que 5 pesos  n\u00e3o pudessem resolver. Agora estou pensamento seriamente em acorrentar a  chave na carteira. Ou algo assim. Estou me cansando de mandar chaves  para o universo paralelo das chaves perdidas. Ser\u00e1 que vai demorar para  os pr\u00e9dios de classe m\u00e9dia terem identifica\u00e7\u00e3o por meio da digital?<\/p>\n","protected":false},"excerpt":{"rendered":"N\u00e3o, eu n\u00e3o uso \u00f3culos. Ainda. Passei esta manh\u00e3 fazendo exames peri\u00f3dicos sob recomenda\u00e7\u00e3o do iG, o que me fez parar um boooom tempo&#8230;\n<a class=\"moretag\" href=\"https:\/\/screamyell.com.br\/site\/2009\/05\/13\/blog-do-editor-eu-uso-oculos-e-perco-chaves\/\"> [...]<\/a>","protected":false},"author":2,"featured_media":0,"comment_status":"open","ping_status":"open","sticky":false,"template":"","format":"standard","meta":[],"categories":[330],"tags":[],"_links":{"self":[{"href":"https:\/\/screamyell.com.br\/site\/wp-json\/wp\/v2\/posts\/33518"}],"collection":[{"href":"https:\/\/screamyell.com.br\/site\/wp-json\/wp\/v2\/posts"}],"about":[{"href":"https:\/\/screamyell.com.br\/site\/wp-json\/wp\/v2\/types\/post"}],"author":[{"embeddable":true,"href":"https:\/\/screamyell.com.br\/site\/wp-json\/wp\/v2\/users\/2"}],"replies":[{"embeddable":true,"href":"https:\/\/screamyell.com.br\/site\/wp-json\/wp\/v2\/comments?post=33518"}],"version-history":[{"count":1,"href":"https:\/\/screamyell.com.br\/site\/wp-json\/wp\/v2\/posts\/33518\/revisions"}],"predecessor-version":[{"id":33519,"href":"https:\/\/screamyell.com.br\/site\/wp-json\/wp\/v2\/posts\/33518\/revisions\/33519"}],"wp:attachment":[{"href":"https:\/\/screamyell.com.br\/site\/wp-json\/wp\/v2\/media?parent=33518"}],"wp:term":[{"taxonomy":"category","embeddable":true,"href":"https:\/\/screamyell.com.br\/site\/wp-json\/wp\/v2\/categories?post=33518"},{"taxonomy":"post_tag","embeddable":true,"href":"https:\/\/screamyell.com.br\/site\/wp-json\/wp\/v2\/tags?post=33518"}],"curies":[{"name":"wp","href":"https:\/\/api.w.org\/{rel}","templated":true}]}}