{"id":31310,"date":"2015-06-29T03:26:28","date_gmt":"2015-06-29T06:26:28","guid":{"rendered":"https:\/\/screamyell.com.br\/site\/?p=31310"},"modified":"2023-11-17T15:08:39","modified_gmt":"2023-11-17T18:08:39","slug":"download-inverno-de-marcelo-perdido","status":"publish","type":"post","link":"https:\/\/screamyell.com.br\/site\/2015\/06\/29\/download-inverno-de-marcelo-perdido\/","title":{"rendered":"Download: Inverno, de Marcelo Perdido"},"content":{"rendered":"<h3 style=\"text-align: center;\"><img decoding=\"async\" class=\"aligncenter size-full wp-image-31311\" title=\"marcelo_perdido\" src=\"https:\/\/screamyell.com.br\/site\/wp-content\/uploads\/2015\/06\/marcelo_perdido.jpg\" alt=\"\"><\/h3>\n<h3 style=\"text-align: center;\"><strong>por Marcelo Costa<\/strong><\/h3>\n<p style=\"text-align: justify;\">&#8220;Eu queria poder controlar tudo o que sinto quando chega o inverno&#8221;, canta Marcelo Perdido na faixa t\u00edtulo de seu segundo \u00e1lbum solo, sequencia natural do outonal \u201c<a href=\"https:\/\/screamyell.com.br\/site\/2014\/09\/22\/tres-perguntas-marcelo-perdido\/\" target=\"_blank\" rel=\"noopener\">Lenhador<\/a>\u201d (2014), estreia do compositor em 2014. Da esta\u00e7\u00e3o passada para esta, Marcelo Perdido manteve o produtor Jo\u00e3o Erbetta, que divide com ele instrumentos e ideias, e apenas outros tr\u00eas m\u00fasicos acompanham a dupla em quatro das dez can\u00e7\u00f5es de um disco predominantemente ac\u00fastico que reflete a chegada do frio na maior cidade da Am\u00e9rica do Sul.<\/p>\n<p style=\"text-align: justify;\">Esta\u00e7\u00e3o que divide \u00e2nimos, o inverno j\u00e1 inspirou obras magnificas. O compositor Vitor Ramil analisou a maneira com que o resto do pa\u00eds observava o inverno ga\u00facho e criou a \u201cEst\u00e9tica do Frio\u201d. O cineasta Eric Rohmer filmou as quatro esta\u00e7\u00f5es em contos cinematogr\u00e1ficos, e, n\u00e3o \u00e0 toa, no inverno a personagem sente falta de um amor que conheceu no ver\u00e3o. \u201cHere Comes The Sun\u201d, de George Harrison, \u00e9 um rito de passagem de esta\u00e7\u00f5es: \u201cLittle darling, tem sido um inverno longo, frio e solit\u00e1rio (&#8230;) L\u00e1 vem o sol, e eu digo que est\u00e1 tudo bem\u201d.<\/p>\n<p style=\"text-align: justify;\">Para Marcelo Perdido, o inverno parece ser amplificado pela frieza da grande selva de pedras chamada S\u00e3o Paulo. \u201cEu vim para essa cidade atr\u00e1s de riso, atr\u00e1s de \u00e1gua, atr\u00e1s de fama\u201d, ele canta (como Belchior cantou um dia) em \u201cSaturno\u201d, a segunda can\u00e7\u00e3o do \u00e1lbum, ecoando uma esta\u00e7\u00e3o n\u00e3o t\u00e3o pr\u00f3diga em sorrisos numa cidade cuja falta d\u2019agua \u00e9 um fantasma residente em manchetes de jornais e revistas. Falta riso. Falta \u00e1gua. Falta flu\u00eancia no amor, Perdido avisa em \u201cComo Ser Feliz S\u00f3\u201d, e recomenda: \u201c\u00c9 preciso aprender&#8230; a querer o n\u00e3o querer\u201d.<\/p>\n<p style=\"text-align: justify;\">\u201cO Inverno tamb\u00e9m \u00e9 uma percep\u00e7\u00e3o pessoal n\u00e9?\u201d, despista Perdido que, ao lado do produtor Jo\u00e3o Erbetta, falou sobre as inspira\u00e7\u00f5es do disco (\u201cA melancolia me vem dessa forma, observar a dificuldade de viver no frio\u201d), a sonoridade (\u201cSugeri que fiz\u00e9ssemos algo minimalista, sem grandes instrumenta\u00e7\u00f5es\u201d, conta o produtor), o clipe de \u201cCidade Pequena\u201d (filmado numa cidade pequena, Santa Rita do Passaquatro, no interior de S\u00e3o Paulo) e muito mais. Baixe o disco gratuitamente em MP3 clicando na imagem abaixo, e confira o papo. Vale a pena!<\/p>\n<p style=\"text-align: justify;\"><a href=\"http:\/\/www.mediafire.com\/download\/9fuid9ehagw2x9t\/Scream+%26+Yell+-+Marcelo+Perdido+-+Inverno+%282015%29.rar\" target=\"_blank\" rel=\"noopener\"><img decoding=\"async\" class=\"aligncenter size-full wp-image-31314\" title=\"download_perdido\" src=\"https:\/\/screamyell.com.br\/site\/wp-content\/uploads\/2015\/06\/download_perdido.jpg\" alt=\"\"><\/a><\/p>\n<p><iframe loading=\"lazy\" width=\"100%\" height=\"550\" scrolling=\"no\" frameborder=\"no\" src=\"https:\/\/w.soundcloud.com\/player\/?url=https%3A\/\/api.soundcloud.com\/playlists\/117637389&amp;color=ff5500&amp;auto_play=false&amp;hide_related=false&amp;show_comments=true&amp;show_user=true&amp;show_reposts=false\"><\/iframe><\/p>\n<p style=\"text-align: justify;\"><strong>&#8220;Inverno&#8221; \u00e9 sequencia direta de &#8220;Lenhador&#8221; no que diz respeito a sua inten\u00e7\u00e3o de criar discos com a tem\u00e1tica das esta\u00e7\u00f5es do ano. O primeiro era outonal, esse \u00e9 invernal. E notadamente ac\u00fastico. Como voc\u00eas chegaram a essa sonoridade?<\/strong><br \/>\nMarcelo Perdido: Eu queria um disco que soasse diferente da produ\u00e7\u00e3o habitual de m\u00fasica pop, desde o \u201cLenhador\u201d busco isso, me afastando da forma\u00e7\u00e3o cl\u00e1ssica de baixo, guitarra, bateria. Em \u201cInverno\u201d eu queria muito respeitar as can\u00e7\u00f5es, as letras, e chamei o Erbetta para arranjar e tocar tudo comigo, juntos, ao vivo, na mesma sala, para manter as m\u00fasicas mais pr\u00f3ximas de um estado bruto, cru e cruel do que a lapida\u00e7\u00e3o (muitas vezes o processo de produ\u00e7\u00e3o \u00e9 uma lapida\u00e7\u00e3o extrema).<\/p>\n<p style=\"text-align: justify;\">Jo\u00e3o Erbetta: Quando eu recebi o convite para produzir e comecei a ouvir as can\u00e7\u00f5es j\u00e1 ficou claro pra mim que ter\u00edamos que fazer ao vivo, juntos na mesma sala, sem \u201cclick track\u201d, deixando as can\u00e7\u00f5es respirarem. Eu tamb\u00e9m sugeri que fiz\u00e9ssemos algo minimalista, sem grandes instrumenta\u00e7\u00f5es, mais uma vez pra deixar as can\u00e7\u00f5es contarem suas hist\u00f3rias.<\/p>\n<p style=\"text-align: justify;\"><strong>Tanto voc\u00ea quanto o produtor Jo\u00e3o Erbetta participaram do tributo a Belchior, e &#8220;Inverno&#8221; me lembrou muito ele, principalmente nos textos, essa coisa do &#8220;estrangeiro&#8221; que sai da cidade pequena para uma cidade grande. O disco, ali\u00e1s, poderia se chamar S\u00e3o Paulo. \u00c9 uma cidade fria?<\/strong><br \/>\nJo\u00e3o Erbetta: Eu me mudei para o Rio de Janeiro no come\u00e7o do ano, depois de mais um ano em S\u00e3o Paulo, vindo de 7 anos vividos nos Estados Unidos. A minha rela\u00e7\u00e3o com S\u00e3o Paulo \u00e9 de amor e irrita\u00e7\u00e3o. Eu percebi que o disco do Perdido era uma vis\u00e3o muito particular da cidade e procurei n\u00e3o me intrometer nas letras, deixando ele destilar o verbo. A minha confus\u00e3o mental em rela\u00e7\u00e3o a &#8220;onde \u00e9 minha casa, onde \u00e9 minha cidade\u201d n\u00e3o me deixaria opinar.<\/p>\n<p style=\"text-align: justify;\">Marcelo Perdido: O Belchior fez uma parada no Rio antes de vir para S\u00e3o Paulo, ele conheceu o lado amargo das duas cidades antes da fama, e acho que o frio n\u00e3o \u00e9 particularidade de S\u00e3o Paulo&#8230; o Rio pode ser bem gelado tamb\u00e9m, pergunte ao Z\u00e9 Ramalho! Mas tudo depende do humor do indiv\u00edduo, ele confude sua percep\u00e7\u00e3o. Voc\u00ea est\u00e1 num momento mais solar, olha um carroceiro em S\u00e3o Paulo e pensa: Que legal a carro\u00e7a dele foi pimpada por um grafiteiro, ele colocou uma caixa de som e etc. Mas em outro humor voc\u00ea tamb\u00e9m pode enxergar a crueldade da falta de op\u00e7\u00e3o na vida daquela pessoa, que achou uma falha na manuten\u00e7\u00e3o do recolhimento do lixo, que deveria ser feito pelo poder p\u00fablico, e ele de forma aut\u00f4noma consegue capitalizar ajudando a melhorar os \u00edndices de reciclagem no pais, mas sendo bem literal&#8230; aquela pessoa est\u00e1 recolhendo lixo da rua, sem ser sindicalizado, sem direitos, sem garantia de nada, sujeito a ser atropelado, aguentando buzina e hostilidade no tr\u00e2nsito. \u00c9 aquele papo do copo meio cheio ou meio vazio, ent\u00e3o SP \u00e9 super fria ou super quente.<\/p>\n<p style=\"text-align: justify;\"><strong>Gosto muito da frase &#8220;Eu queria poder controlar tudo o que sinto quando chega o inverno&#8221;. Em &#8220;Ramilonga: A Est\u00e9tica do Frio&#8221;, uma obra prima do Vitor Ramil, o personagem percebe a melancolia do inverno e fica feliz, como se encontrasse ele mesmo, sua pr\u00f3pria personalidade. Em &#8220;Conto de Inverno&#8221;, do Eric Rohmer (que fez uma s\u00e9rie maravilhosa de filmes sobre as quatro esta\u00e7\u00f5es), a personagem sente falta do que ela acredita ser seu verdadeiro amor, que ela conheceu no ver\u00e3o (o inverno, para ela, \u00e9 uma confus\u00e3o). Voc\u00eas parecem optar por uma melancolia mais s\u00e9ria, reflexiva, melanc\u00f3lica. Todos os invernos s\u00e3o assim?<\/strong><br \/>\nJo\u00e3o Erbetta: Adoro o livro do Ramil e cito a est\u00e9tica do frio pra todo mundo, a toda hora. Eu tenho uma liga\u00e7\u00e3o especial com o inverno do sul e vou me recarregar com frequ\u00eancia no Uruguai, t\u00e3o \u201cesteticamente frio\u201d quanto o Rio Grande do Sul. Pra mim \u00e9 um ambiente natural. Poder\u00edamos ter gravado esse disco em Montevideo.<\/p>\n<p style=\"text-align: justify;\">Marcelo Perdido: O Inverno tamb\u00e9m \u00e9 uma percep\u00e7\u00e3o pessoal n\u00e9? O Urso descansa, pois sabe que n\u00e3o poderia sobreviver l\u00e1 fora; o cavalo tem o trabalho dificultado, pois tem de puxar a carro\u00e7a pela neve; o cachorro pastoreia, afasta os predadores&#8230; mas dorme junto ao dono. O homem que n\u00e3o tem dono para dormir junto, deveria se resguardar e hibernar, pois \u00e9 dif\u00edcil sobrevir l\u00e1 fora, mas os que n\u00e3o podem se dar ao luxo v\u00e3o continuar puxando carro\u00e7a. A melancolia me vem dessa forma, observar a dificuldade de viver no frio (seja o gelo da temperatura ou do cora\u00e7\u00e3o das pessoas).<\/p>\n<p style=\"text-align: justify;\"><strong>Diego Sanches, que j\u00e1 havia assinado a arte de &#8220;Lenhador&#8221;, \u00e9 o respons\u00e1vel pela capa de &#8220;Inverno&#8221;, certo? Ele conseguiu traduzir bem o esp\u00edrito do disco&#8230;<\/strong><br \/>\nMarcelo Perdido:  A capa traduz esse pensamento da pergunta anterior, o inverno \u00e9 diferente para cada um. Assim como os discos se conversam, as capas tamb\u00e9m, s\u00e3o representa\u00e7\u00f5es de mim.<\/p>\n<p style=\"text-align: justify;\"><strong>Al\u00e9m de voc\u00ea e do Erbetta h\u00e1 poucas participa\u00e7\u00f5es no \u00e1lbum: Mariana Corado (violino), Henrique Caldas (rabeca) e Gonzalo Deniz, que canta em &#8220;Tudo de Bom&#8221;. Como surgiu a ideia de trabalhar com eles?<\/strong><br \/>\nJo\u00e3o Erbetta: Eu adoro o fato de que o disco acabou tendo instrumentos de arco em, creio, cinco faixas. Foi um prazer escrever os arranjos de violino para a Mari tocar.<\/p>\n<p style=\"text-align: justify;\">Marcelo Perdido: A Mari \u00e9 uma menina que eu conheci por acaso, entrou na minha m\u00fasica e n\u00e3o saiu mais, ent\u00e3o quando mostrei as m\u00fasicas para o Erbetta j\u00e1 avisei que ela estaria no disco em algumas faixas. O Henrique \u00e9 do interior de S\u00e3o Paulo e nos conhecemos quando eu morava em Lorena e ele em Guaratinguet\u00e1, ele \u00e9 um cara que saca o sentimento de morar aqui em S\u00e3o Paulo, mas ter um canto tranquilo longe da metr\u00f3pole, por isso quando escrevi \u201cTodo Lugar\u201d quis que ele gravasse rabeca na m\u00fasica. O Gonzalo \u00e9 um dos meus cantores\/autores favoritos, eu sou apaixonado pelo projeto solo dele, o Franny Glass. \u201cTudo de Bom\u201d fala sobre pessoas que est\u00e3o morando em S\u00e3o Paulo e se encontram para uma fat\u00eddica cerveja, uma re-interpreta\u00e7\u00e3o do samba \u201cAmigo \u00e9 Para Essas Coisas\u201d, s\u00f3 que a conversa em 2015 \u00e9 mais esquizofr\u00eanica e superficial&#8230; Os versos que o Gonzalo cantam s\u00e3o do estrangeiro otimista que acaba de chegar e ainda tem um deslumbramento, ent\u00e3o o sotaque uruguaio dele cabia perfeitamente na m\u00fasica. Essa m\u00fasica tem meus versos favoritos sobre S\u00e3o Paulo: &#8220;Ana fez massa sem molho, \u00e9 a cara de S\u00e3o Paulo&#8221;, a cidade que tem o Bexiga, a col\u00f4nia italiana, mas pessoas sempre tem pressa e n\u00e3o conseguem viver isso do jeito certo.<\/p>\n<p style=\"text-align: justify;\"><strong>A faixa &#8220;Sa\u00fade&#8221; chama bastante a aten\u00e7\u00e3o numa primeira audi\u00e7\u00e3o. Como ela surgiu?<\/strong><br \/>\nMarcelo Perdido: A falsa preocupa\u00e7\u00e3o com a sa\u00fade, ou a verdadeira preocupa\u00e7\u00e3o que acaba sendo deturpada, o cara que vai para academia para paquerar, o atleta que cheira p\u00f3, o pneumologista que fuma Marlboro vermelho. T\u00e1 na moda &#8220;cuidar&#8221; da sa\u00fade, alimenta\u00e7\u00e3o org\u00e2nica, suplementos etc, mas, como tudo&#8230; na pr\u00e1tica a gente n\u00e3o segue a risca, vira qualquer coisa&#8230; Eu tenho tentado me cuidar mais gra\u00e7as a minha mulher, ela \u00e9 mais ligada nisso e t\u00e1 ajudando no processo.<\/p>\n<p style=\"text-align: justify;\"><strong>&#8220;Cidade Pequena&#8221; \u00e9 o primeiro clipe do disco (perdi a conta de quantos foram feitos para &#8220;Lenhador&#8221; &#8211; risos) e h\u00e1 imagens bem bonitas nele. Onde voc\u00eas filmaram? J\u00e1 h\u00e1 outros v\u00eddeos planejados?<\/strong><br \/>\nMarcelo Perdido: Santa Rita do Passaquatro, que \u00e9 a cidade pequena do Erbetta e do diretor do clipe, o Renato Caiuby. Eles viveram bons momentos naqueles cen\u00e1rios incr\u00edveis. A principio ser\u00e1 o \u00fanico clipe do disco. No \u201cLenhador\u201d fiz v\u00e1rios v\u00eddeos, muitos eram de linguagem de internet, n\u00e3o funcionavam na televis\u00e3o. Para esse disco concentrei todo esfor\u00e7o em um v\u00eddeo s\u00f3, ele representa visualmente o lado mais emocional do disco.<\/p>\n<p style=\"text-align: justify;\">Jo\u00e3o Erbetta: Essa foi mais uma sacada bacana do Perdido, antes mesmo de eu ser requisitado pra produzir o disco. O v\u00eddeo foi feito antes do disco. Santa Rita do Passa Quatro \u00e9 a cidade de minha fam\u00edlia (e ber\u00e7o de Zequinha de Abreu!) e eu realmente vivi momentos muito bons ali, assim como momentos de experimenta\u00e7\u00f5es, melancolia e tristeza com idas e vindas das pessoas. Ainda \u00e9 um tema, pra mim, essa quest\u00e3o da \u201cvolta\u201d a um lugar, seja ele qual for.<\/p>\n<p style=\"text-align: justify;\"><strong>&#8220;Inverno&#8221; soa ser um disco mais simples para trabalhar ao vivo. Voc\u00ea j\u00e1 pensou no formato dos shows?<\/strong><br \/>\nJo\u00e3o Erbetta: Novamente, creio que o que vai ser enfatizado vai ser a can\u00e7\u00e3o. Com simplicidade voc\u00ea consegue um espa\u00e7o maior para a performance e para a palavra.<\/p>\n<p style=\"text-align: justify;\">Marcelo Perdido: Queremos fazer algo definitivamente intimista. Em lugares menores, que o clima do disco possa embriagar o lugar, n\u00e3o d\u00e1 para brigar com muitas distra\u00e7\u00f5es, n\u00e3o d\u00e1 para tocar numa balada 3h da manh\u00e3. Acredito que ser\u00e3o poucos shows para aqueles que quiserem ouvir de verdade \ud83d\ude42<\/p>\n<p><iframe loading=\"lazy\" title=\"perdido - Cidade Pequena\" width=\"747\" height=\"420\" src=\"https:\/\/www.youtube.com\/embed\/lORfQ8_jOdg?feature=oembed\" frameborder=\"0\" allow=\"accelerometer; autoplay; clipboard-write; encrypted-media; gyroscope; picture-in-picture; web-share\" allowfullscreen><\/iframe><\/p>\n<p>&#8211; Marcelo Costa (<a href=\"https:\/\/twitter.com\/screamyell\" target=\"_blank\" rel=\"noopener\">@screamyell<\/a>) \u00e9 editor do Scream &amp; Yell e assina a <a href=\"https:\/\/screamyell.com.br\/blog\/\" target=\"_blank\" rel=\"noopener\">Calmantes com Champagne<\/a>. A foto que abre o texto \u00e9 de Leonardo Mascaro.<a href=\"https:\/\/screamyell.com.br\/blog\/\" target=\"_blank\" rel=\"noopener\"><br \/>\n<\/a><\/p>\n<p><strong>Outros discos disponibilizados para download no Scream &amp; Yell<\/strong><br \/>\n&#8211; \u201cMil Tom\u201d: um tributo duplo a Milton Nascimento e ao Clube da Esquina (<a href=\"https:\/\/screamyell.com.br\/site\/2015\/06\/10\/download-tributo-a-milton-nascimento\/\">aqui<\/a>)<br \/>\n&#8211; \u201cSomos Todos Latinos\u201d: m\u00fasicos brasileiros recriam o repert\u00f3rio latino (<a href=\"https:\/\/screamyell.com.br\/site\/2015\/03\/17\/download-somos-todos-latinos\/\">aqui<\/a>)<br \/>\n&#8211; \u201cEspelho Retrovisor\u201d, um tributo aos 30 anos dos Engenheiros do Hawaii (<a href=\"https:\/\/screamyell.com.br\/site\/2014\/11\/11\/download-tributo-aos-engenheiros-do-hawaii\/\">aqui<\/a>)<br \/>\n&#8211; \u201cAinda Somos os Mesmos\u201d, um tributo ao \u00e1lbum \u201cAlucina\u00e7\u00e3o\u201d, de Belchior (<a href=\"https:\/\/screamyell.com.br\/site\/2014\/03\/26\/download-ainda-somos-os-mesmos-belchior\/\">aqui<\/a>)<br \/>\n&#8211; \u201cProjeto Visto I e II\u201d: brasileiros e portugueses juntos em dois EPs (<a href=\"https:\/\/screamyell.com.br\/site\/2014\/12\/14\/download-projeto-visto-2\/\">aqui<\/a>)<br \/>\n&#8211; \u201cNat\u00e1lia Matos\u201d, o disco de estreia da cantora paraense  (<a href=\"https:\/\/screamyell.com.br\/site\/2014\/12\/14\/download-baixe-o-disco-de-natalia-matos\/\" target=\"_blank\" rel=\"noopener\">aqui<\/a>)<br \/>\n&#8211; \u201cDe L\u00e1 N\u00e3o Ando S\u00f3\u201d, terceiro \u00e1lbum dos mineiros da Transmissor (<a href=\"https:\/\/screamyell.com.br\/site\/2014\/04\/22\/download-de-la-nao-ando-so-transmissor\/\">aqui<\/a>)<br \/>\n&#8211; \u201cGito\u201d, EP de estreia do m\u00fasico paraense Ant\u00f4nio Novaes (<a href=\"https:\/\/screamyell.com.br\/site\/2015\/05\/01\/download-gito-de-antonio-novaes\/\" target=\"_blank\" rel=\"noopener\">aqui<\/a>)<br \/>\n&#8211; \u201cCurvas, Lados, Linhas Tortas, Sujas e Discretas\u201d, de Leonardo Marques (<a href=\"https:\/\/screamyell.com.br\/site\/2015\/04\/02\/download-o-novo-disco-de-leonardo-marques\/\">aqui<\/a>)<br \/>\n&#8211; \u201cEP Record Store Day 2013?, Giancarlo Rufatto  (<a href=\"https:\/\/screamyell.com.br\/site\/2013\/04\/19\/ep-record-store-day-giancarlo-rufatto\/\" target=\"_blank\" rel=\"noopener\">aqui<\/a>)<br \/>\n&#8211; Walverdes ao vivo no Asteroid Bar (<a href=\"https:\/\/screamyell.com.br\/site\/2011\/03\/28\/download-aovivoasteroid-walverdes\/\">aqui<\/a>)<br \/>\n&#8211; Download gratuito: diversos \u00e1lbuns liberados pelos pr\u00f3prios artistas (<a href=\"https:\/\/screamyell.com.br\/blog\/category\/downloads\/\" target=\"_blank\" rel=\"noopener\">aqui<\/a>)<\/p>\n","protected":false},"excerpt":{"rendered":"Ou\u00e7a online ou baixe o disco gratuitamente em MP3 e confira o papo: &#8220;Queremos fazer algo definitivamente intimista&#8221;\n<a class=\"moretag\" href=\"https:\/\/screamyell.com.br\/site\/2015\/06\/29\/download-inverno-de-marcelo-perdido\/\"> [...]<\/a>","protected":false},"author":2,"featured_media":0,"comment_status":"open","ping_status":"open","sticky":false,"template":"","format":"standard","meta":[],"categories":[124,3,936],"tags":[739],"_links":{"self":[{"href":"https:\/\/screamyell.com.br\/site\/wp-json\/wp\/v2\/posts\/31310"}],"collection":[{"href":"https:\/\/screamyell.com.br\/site\/wp-json\/wp\/v2\/posts"}],"about":[{"href":"https:\/\/screamyell.com.br\/site\/wp-json\/wp\/v2\/types\/post"}],"author":[{"embeddable":true,"href":"https:\/\/screamyell.com.br\/site\/wp-json\/wp\/v2\/users\/2"}],"replies":[{"embeddable":true,"href":"https:\/\/screamyell.com.br\/site\/wp-json\/wp\/v2\/comments?post=31310"}],"version-history":[{"count":7,"href":"https:\/\/screamyell.com.br\/site\/wp-json\/wp\/v2\/posts\/31310\/revisions"}],"predecessor-version":[{"id":78046,"href":"https:\/\/screamyell.com.br\/site\/wp-json\/wp\/v2\/posts\/31310\/revisions\/78046"}],"wp:attachment":[{"href":"https:\/\/screamyell.com.br\/site\/wp-json\/wp\/v2\/media?parent=31310"}],"wp:term":[{"taxonomy":"category","embeddable":true,"href":"https:\/\/screamyell.com.br\/site\/wp-json\/wp\/v2\/categories?post=31310"},{"taxonomy":"post_tag","embeddable":true,"href":"https:\/\/screamyell.com.br\/site\/wp-json\/wp\/v2\/tags?post=31310"}],"curies":[{"name":"wp","href":"https:\/\/api.w.org\/{rel}","templated":true}]}}