{"id":30010,"date":"2015-04-02T10:56:53","date_gmt":"2015-04-02T13:56:53","guid":{"rendered":"https:\/\/screamyell.com.br\/site\/?p=30010"},"modified":"2015-05-11T19:13:45","modified_gmt":"2015-05-11T22:13:45","slug":"em-junho-no-scream-yell-mil-tom","status":"publish","type":"post","link":"https:\/\/screamyell.com.br\/site\/2015\/04\/02\/em-junho-no-scream-yell-mil-tom\/","title":{"rendered":"Em junho no Scream &#038; Yell, &#8220;Mil Tom&#8221;"},"content":{"rendered":"<p style=\"text-align: justify;\"><img decoding=\"async\" class=\"aligncenter size-full wp-image-30011\" title=\"miltom1\" src=\"https:\/\/screamyell.com.br\/site\/wp-content\/uploads\/2015\/04\/miltom1.jpg\" alt=\"\" \/><\/p>\n<p style=\"text-align: justify;\">H\u00e1 mais de cinco d\u00e9cadas, Milton Nascimento, ou Bituca para os \u00edntimos, encanta a todos com sua obra repleta de poesia e riqueza mel\u00f3dica. Para prestar uma merecida homenagem ao m\u00fasico, o Scream &amp; Yell convida voc\u00ea para passear por essa carreira marcante com o disco in\u00e9dito \u201cMil Tom\u201d. Com estreia prevista para junho, a colet\u00e2nea re\u00fane releituras de cl\u00e1ssicos imortalizados pela voz do artista, tocadas pela nova safra de m\u00fasicos brasileiros.<\/p>\n<p style=\"text-align: justify;\">O tributo, assinado pelo produtor mineiro Pedro Ferreira (respons\u00e1vel pela &#8220;<a href=\"http:\/\/www.amusicoteca.com.br\/?p=6425\" target=\"_blank\">Colet\u00e2nea Re-Trato<\/a>&#8220;, de 2012, em homenagem aos Los Hermanos), render\u00e1 um \u00e1lbum duplo, com 15 faixas cada. Al\u00e9m da originalidade e do estilo musical de 32 artistas, de 11 estados brasileiros, o disco tamb\u00e9m conta com arte da ilustradora paraibana <a href=\"http:\/\/luluyse.blogspot.com.br\/\" target=\"_blank\">Luyse Costa<\/a>. A colet\u00e2nea \u201cMil Tom\u201d ser\u00e1 disponibilizada para streaming e download no Scream &amp; Yell, seguindo o padr\u00e3o dos projetos &#8220;Somos Todos Latinos&#8221;, &#8220;Ainda Somos os Mesmos&#8221; (sobre Belchior), &#8220;Projeto Visto&#8221; e &#8220;Espelho Retrovisor&#8221; (sobre os Engenheiros do Hawaii).<\/p>\n<p style=\"text-align: justify;\">\n<p style=\"text-align: justify;\">Agora, conhe\u00e7a os artistas convidados, suas respectivas can\u00e7\u00f5es e comece a se preparar para percorrer toda carreira do Milton Nascimento.<\/p>\n<p style=\"text-align: center;\"><strong>\u201cPonta de Areia\u201d<\/strong>, A Banda Mais Bonita da Cidade (PR)<br \/>\n<strong>\u201cSaudade Dos Avi\u00f5es da Panair<\/strong>&#8221; (Conversando No Bar)\u201d, Al\u00e1fia (SP)<br \/>\n<strong>\u201cVera Cruz\u201d<\/strong>, Aline Calixto (MG)<br \/>\n<strong>\u201cCais\u201d<\/strong>, Ana Larousse (PR)<br \/>\n<strong>\u201cE Da\u00ed?\u201d<\/strong>, Baleia (RJ)<br \/>\n<strong>\u201cMaria Maria\u201d<\/strong>, Banda Tereza (RJ)<br \/>\n<strong>\u201cBeijo Partido\u201d<\/strong>, Blubell (SP)<br \/>\n<strong>\u201cSan Vicente\u201d<\/strong>, Bruno Souto (part. Banda Ch\u00e1 de P\u00f3lvora) (PE \u2013 SP)<br \/>\n<strong>\u201cPaisagem na Janela\u201d<\/strong>, Dani Black (SP)<br \/>\n<strong>\u201cCredo\u201d<\/strong>, Dom Pepo (MG)<br \/>\n<strong>\u201cCravo e Canela\u201d<\/strong>, Felipe Cordeiro (PA)<br \/>\n<strong>\u201cPara Lennon e McCartney\u201d<\/strong>, Fernando Tempor\u00e3o (RJ)<br \/>\n<strong>\u201cCanoa, Canoa\u201d<\/strong>, Filarm\u00f4nica de Pas\u00e1rgada (SP)<br \/>\n<strong>\u201cNos Bailes da Vida\u201d<\/strong>, Gisele De Santi (RS)<br \/>\n<strong>\u201cO Rouxinol\u201d<\/strong>, Karol Conka (PR)<br \/>\n<strong>\u201cSereia\u201d<\/strong>, Letuce (RJ)<br \/>\n<strong>\u201cNada Ser\u00e1 Como Antes\u201d<\/strong>, Los Porongas (AC)<br \/>\n<strong>\u201cCaxang\u00e1\u201d<\/strong>, Orquestra Contempor\u00e2nea de Olinda (PE)<br \/>\n<strong>\u201cTravessia\u201d<\/strong>, Pedro Morais (MG)<br \/>\n<strong>\u201cPaula e Bebeto\u201d<\/strong>, P\u00e9lico &amp; B\u00e1rbara Eug\u00eania (SP \u2013 RJ)<br \/>\n<strong>\u201cPaix\u00e3o e F\u00e9\u201d<\/strong>, Phill Veras (MA)<br \/>\n<strong>\u201cTudo Que Voc\u00ea Podia Ser\u201d<\/strong>, Rashid (SP)<br \/>\n<strong>\u201cNuvem Cigana\u201d<\/strong>, Selvagens \u00e0 Procura de Lei (CE)<br \/>\n<strong>\u201cCa\u00e7ador de Mim\u201d<\/strong>, Simonami (PR)<br \/>\n<strong>\u201cAmor de \u00cdndio\u201d<\/strong>, Tha\u00eds Gulin (PR)<br \/>\n<strong>\u201cO Trem Azul\u201d<\/strong>, The Outs (RJ)<br \/>\n<strong>\u201cCan\u00e7\u00e3o Amiga\u201d<\/strong>, Tiberio Azul (PE)<br \/>\n<strong>\u201cL\u00e1grima do Sul\u201d<\/strong>, Tono (RJ)<br \/>\n<strong>\u201cClube da Esquina n\u00b0 2\u201d<\/strong>, Vanguart (MT)<br \/>\n<strong>\u201cCan\u00e7\u00e3o do Sal\u201d<\/strong>, Ver\u00f4nica Ferriani (SP)<\/p>\n<p style=\"text-align: center;\"><object classid=\"clsid:d27cdb6e-ae6d-11cf-96b8-444553540000\" width=\"600\" height=\"340\" codebase=\"http:\/\/download.macromedia.com\/pub\/shockwave\/cabs\/flash\/swflash.cab#version=6,0,40,0\"><param name=\"src\" value=\"http:\/\/www.youtube.com\/v\/Iqui-8Fgi-A\" \/><embed type=\"application\/x-shockwave-flash\" width=\"600\" height=\"340\" src=\"http:\/\/www.youtube.com\/v\/Iqui-8Fgi-A\"><\/embed><\/object><\/p>\n<p style=\"text-align: center;\"><object classid=\"clsid:d27cdb6e-ae6d-11cf-96b8-444553540000\" width=\"600\" height=\"340\" codebase=\"http:\/\/download.macromedia.com\/pub\/shockwave\/cabs\/flash\/swflash.cab#version=6,0,40,0\"><param name=\"src\" value=\"http:\/\/www.youtube.com\/v\/3e9-hRcxv9A\" \/><embed type=\"application\/x-shockwave-flash\" width=\"600\" height=\"340\" src=\"http:\/\/www.youtube.com\/v\/3e9-hRcxv9A\"><\/embed><\/object><\/p>\n<p style=\"text-align: center;\"><object classid=\"clsid:d27cdb6e-ae6d-11cf-96b8-444553540000\" width=\"600\" height=\"340\" codebase=\"http:\/\/download.macromedia.com\/pub\/shockwave\/cabs\/flash\/swflash.cab#version=6,0,40,0\"><param name=\"src\" value=\"http:\/\/www.youtube.com\/v\/7XFCZ75468c\" \/><embed type=\"application\/x-shockwave-flash\" width=\"600\" height=\"340\" src=\"http:\/\/www.youtube.com\/v\/7XFCZ75468c\"><\/embed><\/object><\/p>\n<p style=\"text-align: center;\"><object classid=\"clsid:d27cdb6e-ae6d-11cf-96b8-444553540000\" width=\"600\" height=\"340\" codebase=\"http:\/\/download.macromedia.com\/pub\/shockwave\/cabs\/flash\/swflash.cab#version=6,0,40,0\"><param name=\"src\" value=\"http:\/\/www.youtube.com\/v\/pVqOtQtTjWU\" \/><embed type=\"application\/x-shockwave-flash\" width=\"600\" height=\"340\" src=\"http:\/\/www.youtube.com\/v\/pVqOtQtTjWU\"><\/embed><\/object><\/p>\n<p style=\"text-align: center;\"><object classid=\"clsid:d27cdb6e-ae6d-11cf-96b8-444553540000\" width=\"600\" height=\"340\" codebase=\"http:\/\/download.macromedia.com\/pub\/shockwave\/cabs\/flash\/swflash.cab#version=6,0,40,0\"><param name=\"src\" value=\"http:\/\/www.youtube.com\/v\/xi2w3pHGePY\" \/><embed type=\"application\/x-shockwave-flash\" width=\"600\" height=\"340\" src=\"http:\/\/www.youtube.com\/v\/xi2w3pHGePY\"><\/embed><\/object><\/p>\n<p style=\"text-align: justify;\">&#8211; Pedro Ferreira (<a href=\"http:\/\/www.facebook.com\/pedroferreira137\" target=\"_blank\">www.facebook.com\/pedroferreira137<\/a>) \u00e9 mineiro de Mariana. Produtor, em 2012 lan\u00e7ou pelo Musicoteca o \u00e1lbum &#8220;Re-Trato&#8221;, em tributo aos Los Hermanos.<\/p>\n<p style=\"text-align: justify;\"><strong>Outros discos para download no Scream &amp; Yell<\/strong><br \/>\n&#8211; &#8220;Somos Todos Latinos&#8221;: m\u00fasicos brasileiros regravam can\u00e7\u00f5es hisp\u00e2nicas (<a href=\"https:\/\/screamyell.com.br\/site\/2015\/03\/17\/download-somos-todos-latinos\/\">aqui<\/a>)<br \/>\n&#8211; \u201cEspelho Retrovisor\u201d, um tributo aos 30 anos dos Engenheiros do Hawaii (<a href=\"https:\/\/screamyell.com.br\/site\/2014\/11\/11\/download-tributo-aos-engenheiros-do-hawaii\/\">aqui<\/a>)<br \/>\n&#8211; \u201cAinda Somos os Mesmos\u201d, um tributo ao \u00e1lbum \u201cAlucina\u00e7\u00e3o\u201d, de Belchior (<a href=\"https:\/\/screamyell.com.br\/site\/2014\/03\/26\/download-ainda-somos-os-mesmos-belchior\/\">aqui<\/a>)<br \/>\n&#8211; \u201cDe L\u00e1 N\u00e3o Ando S\u00f3\u201d, terceiro \u00e1lbum dos mineiros da Transmissor (<a href=\"https:\/\/screamyell.com.br\/site\/2014\/04\/22\/download-de-la-nao-ando-so-transmissor\/\">aqui<\/a>)<br \/>\n&#8211; Walverdes ao vivo no Asteroid Bar (<a href=\"https:\/\/screamyell.com.br\/site\/2011\/03\/28\/download-aovivoasteroid-walverdes\/\">aqui<\/a>)<br \/>\n&#8211; \u201cNat\u00e1lia Matos\u201d, o disco de estreia da cantora paraense  (<a href=\"https:\/\/screamyell.com.br\/site\/2014\/12\/14\/download-baixe-o-disco-de-natalia-matos\/\" target=\"_blank\">aqui<\/a>)<br \/>\n&#8211; \u201cProjeto Visto I e II\u201d: brasileiros e portugueses juntos em dois EPs (<a href=\"https:\/\/screamyell.com.br\/site\/2014\/12\/14\/download-projeto-visto-2\/\">aqui<\/a>)<br \/>\n&#8211; Download gratuito: diversos \u00e1lbuns liberados pelos pr\u00f3prios artistas (<a href=\"https:\/\/screamyell.com.br\/blog\/category\/downloads\/\" target=\"_blank\">aqui<\/a>)<\/p>\n","protected":false},"excerpt":{"rendered":"Em junho, Milton Nascimento recebe uma merecida homenagem no Scream &#038; Yell com o disco tributo \u201cMil Tom\u201d. Voc\u00ea pode atrav\u00e9s do concurso de fotografias! Saiba mais!\n<a class=\"moretag\" href=\"https:\/\/screamyell.com.br\/site\/2015\/04\/02\/em-junho-no-scream-yell-mil-tom\/\"> [...]<\/a>","protected":false},"author":2,"featured_media":0,"comment_status":"open","ping_status":"open","sticky":false,"template":"","format":"standard","meta":[],"categories":[3],"tags":[],"_links":{"self":[{"href":"https:\/\/screamyell.com.br\/site\/wp-json\/wp\/v2\/posts\/30010"}],"collection":[{"href":"https:\/\/screamyell.com.br\/site\/wp-json\/wp\/v2\/posts"}],"about":[{"href":"https:\/\/screamyell.com.br\/site\/wp-json\/wp\/v2\/types\/post"}],"author":[{"embeddable":true,"href":"https:\/\/screamyell.com.br\/site\/wp-json\/wp\/v2\/users\/2"}],"replies":[{"embeddable":true,"href":"https:\/\/screamyell.com.br\/site\/wp-json\/wp\/v2\/comments?post=30010"}],"version-history":[{"count":10,"href":"https:\/\/screamyell.com.br\/site\/wp-json\/wp\/v2\/posts\/30010\/revisions"}],"predecessor-version":[{"id":30013,"href":"https:\/\/screamyell.com.br\/site\/wp-json\/wp\/v2\/posts\/30010\/revisions\/30013"}],"wp:attachment":[{"href":"https:\/\/screamyell.com.br\/site\/wp-json\/wp\/v2\/media?parent=30010"}],"wp:term":[{"taxonomy":"category","embeddable":true,"href":"https:\/\/screamyell.com.br\/site\/wp-json\/wp\/v2\/categories?post=30010"},{"taxonomy":"post_tag","embeddable":true,"href":"https:\/\/screamyell.com.br\/site\/wp-json\/wp\/v2\/tags?post=30010"}],"curies":[{"name":"wp","href":"https:\/\/api.w.org\/{rel}","templated":true}]}}