{"id":29777,"date":"2015-03-17T16:56:22","date_gmt":"2015-03-17T19:56:22","guid":{"rendered":"https:\/\/screamyell.com.br\/site\/?p=29777"},"modified":"2022-09-18T13:41:13","modified_gmt":"2022-09-18T16:41:13","slug":"tres-shows-do-coala-festival-sao-paulo","status":"publish","type":"post","link":"https:\/\/screamyell.com.br\/site\/2015\/03\/17\/tres-shows-do-coala-festival-sao-paulo\/","title":{"rendered":"Tr\u00eas shows do Coala Festival, S\u00e3o Paulo"},"content":{"rendered":"<p style=\"text-align: center;\"><img decoding=\"async\" loading=\"lazy\" class=\"aligncenter size-full wp-image-29779\" title=\"otto\" src=\"https:\/\/screamyell.com.br\/site\/wp-content\/uploads\/2015\/03\/otto.jpg\" alt=\"\" width=\"600\" height=\"400\" srcset=\"https:\/\/screamyell.com.br\/site\/wp-content\/uploads\/2015\/03\/otto.jpg 600w, https:\/\/screamyell.com.br\/site\/wp-content\/uploads\/2015\/03\/otto-300x200.jpg 300w\" sizes=\"(max-width: 600px) 100vw, 600px\" \/><\/p>\n<p style=\"text-align: center;\"><strong>texto por Marcelo Costa<br \/>\nfotos por <a href=\"http:\/\/lilianecallegari.com.br\/shows\/coala-festival\/\" target=\"_blank\" rel=\"noopener\">Liliane Callegari<\/a><\/strong><\/p>\n<p style=\"text-align: justify;\">Muitos, incluindo uma grande maioria de arquitetos, julgam o Memorial da Am\u00e9rica Latina, em S\u00e3o Paulo, um dos maiores erros da carreira do grande Oscar Niemeyer. Monumento \u00e0 integra\u00e7\u00e3o cultural, pol\u00edtica, econ\u00f4mica e social da Am\u00e9rica Latina, situado em um terreno de 84.482 metros quadrados no bairro da Barra Funda, o complexo, um oceano de asfalto com rar\u00edssimos pontos verdes, divide opini\u00f5es, mas \u00e9 um \u00f3timo local para festivais de m\u00e9dio porte, sensa\u00e7\u00e3o novamente confirmada na segunda edi\u00e7\u00e3o do Coala Festival, no s\u00e1bado, 14\/03.<\/p>\n<p style=\"text-align: center;\"><img decoding=\"async\" loading=\"lazy\" class=\"aligncenter size-full wp-image-29784\" title=\"publico1\" src=\"https:\/\/screamyell.com.br\/site\/wp-content\/uploads\/2015\/03\/publico1.jpg\" alt=\"\" width=\"600\" height=\"400\" srcset=\"https:\/\/screamyell.com.br\/site\/wp-content\/uploads\/2015\/03\/publico1.jpg 600w, https:\/\/screamyell.com.br\/site\/wp-content\/uploads\/2015\/03\/publico1-300x200.jpg 300w\" sizes=\"(max-width: 600px) 100vw, 600px\" \/><\/p>\n<p style=\"text-align: justify;\">Organizado pela primeira vez em 2014 por um grupo de amigos que decidiu criar um festival de seus sonhos (que, na ocasi\u00e3o, reuniu os festejados Tom Z\u00e9 e Criolo com as boas promessas 5 a Seco, O Terno, Trupe Ch\u00e1 de Boldo e Charlie e os Marretas), a segunda edi\u00e7\u00e3o do festival recebeu um p\u00fablico de 6 mil pessoas e seguiu o padr\u00e3o caprichado de line-up da estreia com Marcelo D2 de headliner, Bixiga 70 e Otto como grandes atra\u00e7\u00f5es e o setor de novidades sendo composto por Saulo Duarte e a Unidade, Mustache e os Apaches e Selton.<\/p>\n<p style=\"text-align: center;\"><img decoding=\"async\" loading=\"lazy\" class=\"aligncenter size-full wp-image-29785\" title=\"mustache\" src=\"https:\/\/screamyell.com.br\/site\/wp-content\/uploads\/2015\/03\/mustache.jpg\" alt=\"\" width=\"600\" height=\"400\" srcset=\"https:\/\/screamyell.com.br\/site\/wp-content\/uploads\/2015\/03\/mustache.jpg 600w, https:\/\/screamyell.com.br\/site\/wp-content\/uploads\/2015\/03\/mustache-300x200.jpg 300w\" sizes=\"(max-width: 600px) 100vw, 600px\" \/><\/p>\n<p style=\"text-align: justify;\">Al\u00e9m da parte musical (que ainda incluiu grupos de DJs entre os shows, \u00f3tima solu\u00e7\u00e3o para manter o p\u00fablico ligado), o festival contou com exposi\u00e7\u00f5es de graffiti, fotografia, estande da Ben &amp; Jerry distribuindo sorvete de gra\u00e7a durante todo o dia e a presen\u00e7a de diversos food trucks resultando numa \u00e1rea de entretenimento bem interessante, com muitas atividades para distrair o p\u00fablico durante a maratona que come\u00e7ou \u00e0s 14h com muito sol e terminou pr\u00f3ximo das 23h com pouca chuva (com a esta\u00e7\u00e3o de metr\u00f4 ainda aberta, felizmente).<\/p>\n<p style=\"text-align: justify;\">Abaixo, tr\u00eas shows que o Scream &amp; Yell destaca da programa\u00e7\u00e3o.<\/p>\n<p style=\"text-align: center;\"><img decoding=\"async\" loading=\"lazy\" class=\"aligncenter size-full wp-image-29782\" title=\"selton1\" src=\"https:\/\/screamyell.com.br\/site\/wp-content\/uploads\/2015\/03\/selton1.jpg\" alt=\"\" width=\"600\" height=\"400\" srcset=\"https:\/\/screamyell.com.br\/site\/wp-content\/uploads\/2015\/03\/selton1.jpg 600w, https:\/\/screamyell.com.br\/site\/wp-content\/uploads\/2015\/03\/selton1-300x200.jpg 300w\" sizes=\"(max-width: 600px) 100vw, 600px\" \/><\/p>\n<p style=\"text-align: justify;\">No provavelmente \u00faltimo show no Brasil da turn\u00ea \u201cSaudade\u201d, os ga\u00fachos (<a href=\"https:\/\/screamyell.com.br\/site\/2013\/11\/07\/scream-yell-recomenda-selton\/\" target=\"_blank\" rel=\"noopener\">que moram em Mil\u00e3o<\/a>) da Selton foram prejudicados pela escala\u00e7\u00e3o equivocada, que os colocou como banda de abertura do festival. Com tr\u00eas discos na costas, uma estrada longa de shows e pr\u00eamios e presen\u00e7a em listas de melhores do ano (no Brasil e na It\u00e1lia), a Selton merecia uma posi\u00e7\u00e3o melhor no line-up, mas, erros a parte da organiza\u00e7\u00e3o, o grupo n\u00e3o decepcionou em um show musicalmente impec\u00e1vel que contou com os melhores n\u00fameros do \u00e1lbum \u201cSaudade\u201d (\u201cQui Nem Jil\u00f3\u201d, \u201cAcross The Sea\u201d, \u201cGhost Song\u201d, \u201cDrunken Sunshine\u201d) mais a impag\u00e1vel vers\u00e3o de \u201cEu Quero Mudar\u201d, com o baterista Daniel assumindo a guitarra e causando. O destaque do show foi a primeira execu\u00e7\u00e3o de \u201cCemit\u00e9rio de Elefantes\u201d, \u00f3tima m\u00fasica in\u00e9dita que estar\u00e1 no quarto disco da banda, e que mostra que vem coisa boa por ai.<\/p>\n<p style=\"text-align: center;\"><img decoding=\"async\" loading=\"lazy\" class=\"aligncenter size-full wp-image-29780\" title=\"otto2\" src=\"https:\/\/screamyell.com.br\/site\/wp-content\/uploads\/2015\/03\/otto2.jpg\" alt=\"\" width=\"600\" height=\"400\" srcset=\"https:\/\/screamyell.com.br\/site\/wp-content\/uploads\/2015\/03\/otto2.jpg 600w, https:\/\/screamyell.com.br\/site\/wp-content\/uploads\/2015\/03\/otto2-300x200.jpg 300w\" sizes=\"(max-width: 600px) 100vw, 600px\" \/><\/p>\n<p style=\"text-align: justify;\">Com cerca de uma hora de atraso (devido a problemas nos shows anteriores), Otto subiu ao palco com \u201cExu Parade\u201d, do disco \u201cMoon 1111\u201d (2012), e novamente fez um baita show. Sempre acompanhado de um time luxuoso (desta vez com Junior Boca e Guri Assis Brasil nas guitarras, Rian Batista no baixo e Bacteria no teclado \u2013 com canja de Ganjaman), Otto fez todo mundo dan\u00e7ar ao som de \u201cCiranda de Maluco\u201d (de seu \u00e1lbum de estreia) e \u201cCuba\u201d (do disco \u201cCondom Black\u201d, de 2001), que trouxe ao cabo um medley festejado da Na\u00e7\u00e3o Zumbi (\u201cDa Lama ao Caos\u201d e \u201cA Praieira\u201d). O repert\u00f3rio privilegiou o intenso \u201cCerta Manh\u00e3 Acordei de Sonhos Intranquilos\u201d (2009), mostrando grandes vers\u00f5es de \u201cJanaina\u201d, \u201cCrua\u201d (bem mais cadenciada) e \u201cSaudade\u201d (\u201c\u00c9 t\u00e3o bom cantar uma parceria com Julieta Venegas no Memorial da Am\u00e9rica Latina\u201d) culminando numa vers\u00e3o poderosa de \u201cSeis Minutos\u201d. Grande show.<\/p>\n<p style=\"text-align: justify;\"><img decoding=\"async\" class=\"aligncenter size-full wp-image-29781\" title=\"saulo\" src=\"https:\/\/screamyell.com.br\/site\/wp-content\/uploads\/2015\/03\/saulo.jpg\" alt=\"\" \/><\/p>\n<p style=\"text-align: justify;\">Tamb\u00e9m acompanhado de um tima\u00e7o, Saulo Duarte mostrou as can\u00e7\u00f5es dan\u00e7antes de seus dois grandes discos, a impec\u00e1vel estreia com \u201cSaulo Duarte e a Unidade\u201d (2012) e o mais variado \u201cQuente\u201d (2014), <a href=\"http:\/\/sauloduarte.com.br\/\" target=\"_blank\" rel=\"noopener\">ambos dispon\u00edveis para download gratuito<\/a> em seu pr\u00f3prio site. A suingante \u201cNa Companhia dos Seus\u201d abriu os trabalhos colocando todo mundo para dan\u00e7ar seguindo o pedido de Saulo: \u201cVamos fazer um Carnaval\u201d. O chameguinho contagiante de \u201cManda Ela Comprar Um Iglu\u201d, um dos destaques de seu \u00e1lbum de estreia, o toque reggae de \u201cMe Dei Conta\u201d, com dois m\u00fasicos cubanos na metaleira mandando muito bem, e a excelente \u201cDos Olhos em Diante\u201d colocaram sorrisos no rosto do povo, que dan\u00e7ou cumbia (\u201cZonzon\u201d) e carimbo (\u201cUm Mist\u00e9rio no Olhar\u201d). Ainda vale destacar a \u00f3tima \u201cCavalo Velho\u201d num show que pode ser resumido numa frase sincera de Saulo Duarte: \u201cA vibe \u00e9 do amor\u201d.<\/p>\n<p style=\"text-align: justify;\"><img decoding=\"async\" class=\"aligncenter size-full wp-image-29783\" title=\"coala\" src=\"https:\/\/screamyell.com.br\/site\/wp-content\/uploads\/2015\/03\/coala.jpg\" alt=\"\" \/><\/p>\n<p style=\"text-align: justify;\">&#8211; Marcelo Costa (<a href=\"https:\/\/twitter.com\/screamyell\" target=\"_blank\" rel=\"noopener\">@screamyell<\/a>) \u00e9 editor do Scream &amp; Yell e assina a <a href=\"https:\/\/screamyell.com.br\/blog\/\" target=\"_blank\" rel=\"noopener\">Calmantes com Champagne<\/a><br \/>\n&#8211; Liliane Callegari (<a href=\"https:\/\/twitter.com\/licallegari\" target=\"_blank\" rel=\"noopener\">@licallegari<\/a>) \u00e9 fot\u00f3grafa e arquiteta. Veja mais fotos do <a href=\"http:\/\/lilianecallegari.com.br\/shows\/coala-festival\/\" target=\"_blank\" rel=\"noopener\">Coala Festival aqui<\/a><\/p>\n","protected":false},"excerpt":{"rendered":"por Marcelo Costa\nSegunda edi\u00e7\u00e3o do Coala festival re\u00fane 6 mil pessoas no Memorial da Am\u00e9rica Latina. O Scream &#038; Yell destaca tr\u00eas shows!\n<a class=\"moretag\" href=\"https:\/\/screamyell.com.br\/site\/2015\/03\/17\/tres-shows-do-coala-festival-sao-paulo\/\"> [...]<\/a>","protected":false},"author":2,"featured_media":0,"comment_status":"open","ping_status":"open","sticky":false,"template":"","format":"standard","meta":[],"categories":[3],"tags":[1214],"_links":{"self":[{"href":"https:\/\/screamyell.com.br\/site\/wp-json\/wp\/v2\/posts\/29777"}],"collection":[{"href":"https:\/\/screamyell.com.br\/site\/wp-json\/wp\/v2\/posts"}],"about":[{"href":"https:\/\/screamyell.com.br\/site\/wp-json\/wp\/v2\/types\/post"}],"author":[{"embeddable":true,"href":"https:\/\/screamyell.com.br\/site\/wp-json\/wp\/v2\/users\/2"}],"replies":[{"embeddable":true,"href":"https:\/\/screamyell.com.br\/site\/wp-json\/wp\/v2\/comments?post=29777"}],"version-history":[{"count":11,"href":"https:\/\/screamyell.com.br\/site\/wp-json\/wp\/v2\/posts\/29777\/revisions"}],"predecessor-version":[{"id":29796,"href":"https:\/\/screamyell.com.br\/site\/wp-json\/wp\/v2\/posts\/29777\/revisions\/29796"}],"wp:attachment":[{"href":"https:\/\/screamyell.com.br\/site\/wp-json\/wp\/v2\/media?parent=29777"}],"wp:term":[{"taxonomy":"category","embeddable":true,"href":"https:\/\/screamyell.com.br\/site\/wp-json\/wp\/v2\/categories?post=29777"},{"taxonomy":"post_tag","embeddable":true,"href":"https:\/\/screamyell.com.br\/site\/wp-json\/wp\/v2\/tags?post=29777"}],"curies":[{"name":"wp","href":"https:\/\/api.w.org\/{rel}","templated":true}]}}