{"id":26706,"date":"2014-09-27T12:11:54","date_gmt":"2014-09-27T15:11:54","guid":{"rendered":"https:\/\/screamyell.com.br\/site\/?p=26706"},"modified":"2020-11-09T00:17:26","modified_gmt":"2020-11-09T03:17:26","slug":"tres-livros-marley-bernardo-e-bidu","status":"publish","type":"post","link":"https:\/\/screamyell.com.br\/site\/2014\/09\/27\/tres-livros-marley-bernardo-e-bidu\/","title":{"rendered":"Tr\u00eas livros: Marley, Bernardo e Bidu"},"content":{"rendered":"<p style=\"text-align: center;\"><strong>por <a href=\"https:\/\/twitter.com\/leovinhas\" target=\"_blank\" rel=\"noopener noreferrer\">Leonardo Vinhas<\/a><\/strong><\/p>\n<p style=\"text-align: center;\"><img decoding=\"async\" loading=\"lazy\" class=\"size-full wp-image-26707  aligncenter\" title=\"queimandotudo\" src=\"https:\/\/screamyell.com.br\/site\/wp-content\/uploads\/2014\/09\/queimandotudo.jpg\" alt=\"\" width=\"314\" height=\"450\" \/><\/p>\n<p style=\"text-align: justify;\"><strong>\u201cQueimando Tudo\u201d, Timothy White (Editora Record)<\/strong><br \/>\nLan\u00e7ada originalmente em 1983, a biografia &#8220;Catch a Fire&#8221; \u00e9, com justi\u00e7a, apontada como a mais completa de Bob Marley. Ex-editor da Billboard e provavelmente o jornalista norte-americano mais preocupado em divulgar o reggae nos EUA, White, falecido em 2002, tratou o livro como um trabalho de amor, e a cada nova edi\u00e7\u00e3o atualizou a obra, incluindo at\u00e9 dados sobre os processos movidos por pessoas que se sentiram indevidamente representadas no livro. A edi\u00e7\u00e3o nacional recente \u00e9 bem-cuidada, com \u00f3tima tradu\u00e7\u00e3o e boas notas de rodap\u00e9, que complementam o meticuloso trabalho de White. H\u00e1 detalhes sobre a forma\u00e7\u00e3o do rastafarismo, sobre o cen\u00e1rio pol\u00edtico da \u00e9poca e v\u00edvidas descri\u00e7\u00f5es das tens\u00f5es sociais e at\u00e9 das caracter\u00edsticas ambientais da Jamaica. Tanto preciosismo \u00e0s vezes dificulta a leitura, mas quem superar esse obst\u00e1culo vai entender porque a figura de Marley tornou-se uma lenda, com uma relev\u00e2ncia que transcende a condi\u00e7\u00e3o de \u00eddolo musical.<\/p>\n<p style=\"text-align: justify;\">Pre\u00e7o: R$ 72<br \/>\nNota: 8<\/p>\n<p style=\"text-align: center;\"><img decoding=\"async\" loading=\"lazy\" class=\"size-full wp-image-26708  aligncenter\" title=\"diadefeir\" src=\"https:\/\/screamyell.com.br\/site\/wp-content\/uploads\/2014\/09\/diadefeir.jpg\" alt=\"\" width=\"316\" height=\"450\" \/><\/p>\n<p style=\"text-align: justify;\"><strong>\u201cDias de Feira\u201d, J\u00falio Bernardo (Companhia das Letras)<\/strong><br \/>\nJ\u00falio Bernardo foi dono de barraca em feira livre e trabalhou no entreposto que seu pai tinha no Ceasa paulistano. A experi\u00eancia lhe permite falar com conhecimento de causa sobre os bastidores da feira, mostrando um mundo rico de personagens ex\u00f3ticos (que podem tanto ser enternecedores quanto perturbadores), ora correspondendo \u00e0 vis\u00e3o id\u00edlica que temos da feira, ora desmitificando-a totalmente. Bernardo n\u00e3o tem floreios na escrita, mas \u00e9 um h\u00e1bil contador de hist\u00f3rias, garantindo que a leitura seja envolvente, r\u00e1pida e divertida \u2013 embora canse o classismo de suas posi\u00e7\u00f5es (aquele papo de \u201cpobre \u00e9 legal, rico \u00e9 ot\u00e1rio\u201d t\u00e3o comum \u00e0 periferia paulistana) e a necessidade auto-afirmativa de alguns trechos. <a href=\"http:\/\/www.companhiadasletras.com.br\/trechos\/13721.pdf\" target=\"_blank\" rel=\"noopener noreferrer\">Leia um trecho em PDF<\/a>.<\/p>\n<p style=\"text-align: justify;\">Nota: 7<br \/>\nPre\u00e7o: R$ 29,90<\/p>\n<p style=\"text-align: center;\"><img decoding=\"async\" loading=\"lazy\" class=\"size-full wp-image-26709  aligncenter\" title=\"bidu\" src=\"https:\/\/screamyell.com.br\/site\/wp-content\/uploads\/2014\/09\/bidu.jpg\" alt=\"\" width=\"314\" height=\"450\" \/><\/p>\n<p style=\"text-align: justify;\"><strong>\u201cBidu: Caminhos\u201d, Eduardo Damasceno e Luis Felipe Garrocho (Panini)<\/strong><br \/>\nPrimeiro volume da \u201csegunda leva\u201d dos t\u00edtulos Graphic MSP, que apresenta personagens cl\u00e1ssicos de Mauricio de Sousa no tratamento de outros artistas, \u201cCaminhos\u201d \u00e9 uma das mais sens\u00edveis at\u00e9 o momento. Como \u201cLa\u00e7os\u201d, de Vitor e Lu Cafaggi, \u00e9 uma \u201dhist\u00f3ria de origem\u201d \u2013 no caso, de como o cachorro Bidu e o menino Franjinha se encontraram. Se a trama em si n\u00e3o tem muita novidade (e at\u00e9 peca em n\u00e3o se desviar de alguns clich\u00eas emotivos), a maneira como ela \u00e9 contada faz toda a diferen\u00e7a. A aparente infantilidade dos tra\u00e7os est\u00e1 cheia de detalhes que comp\u00f5em uma narrativa visual forte, herdeira dos desenhos animados, que praticamente dispensa palavras (\u00e9 bem curioso o recurso adotado para fazer os cachorros \u201cfalarem\u201d).<\/p>\n<p style=\"text-align: justify;\">Nota: 7,5.<br \/>\nPre\u00e7o: R$ 19,90<\/p>\n<p style=\"text-align: center;\"><img decoding=\"async\" loading=\"lazy\" class=\"aligncenter size-full wp-image-26710\" title=\"bidu2\" src=\"https:\/\/screamyell.com.br\/site\/wp-content\/uploads\/2014\/09\/bidu2.jpg\" alt=\"\" width=\"605\" height=\"576\" srcset=\"https:\/\/screamyell.com.br\/site\/wp-content\/uploads\/2014\/09\/bidu2.jpg 605w, https:\/\/screamyell.com.br\/site\/wp-content\/uploads\/2014\/09\/bidu2-300x285.jpg 300w\" sizes=\"(max-width: 605px) 100vw, 605px\" \/><\/p>\n<p style=\"text-align: justify;\"><span>&#8211; <\/span><span>Leonardo Vinhas (<a href=\"https:\/\/twitter.com\/#%21\/leovinhas\" target=\"_blank\" rel=\"noopener noreferrer\">@leovinhas<\/a>) assina a se\u00e7\u00e3o Conex\u00e3o Latina (<\/span><a href=\"https:\/\/screamyell.com.br\/site\/tag\/conexao_latina\/\">aqui<\/a><span>) no Scream &amp; Yell. <\/span><\/p>\n<p style=\"text-align: justify;\"><strong>Leia tamb\u00e9m:<\/strong><br \/>\n&#8211; Entrevista: Sidney Gusman -&gt; &#8220;Tem quadrinho para todos os p\u00fablicos&#8221;.\u00a0 (<a href=\"https:\/\/screamyell.com.br\/site\/2014\/01\/06\/entrevista-sidney-gusman\/\">aqui<\/a>)<br \/>\n&#8211; Entrevista: Gustavo Duarte -&gt; \u201cA livraria n\u00e3o sabe o que \u00e9 quadrinho\u201d (<a href=\"https:\/\/screamyell.com.br\/site\/2013\/10\/08\/entrevista-gustavo-duarte\/\">aqui<\/a>)<br \/>\n&#8211;\u00a0\u201cAstronauta &#8211; Magnetar\u201d, de Danilo Beyruth, conquista pelo tra\u00e7o detalhista (<a href=\"https:\/\/screamyell.com.br\/site\/2012\/12\/11\/tres-livros-beyruth-azevedo-e-nicholls\/\">aqui<\/a>)<br \/>\n&#8211; \u201cLa\u00e7os\u201d, dos irm\u00e3os Vitor e Lu Cafaggi, faz releitura emocional e delicada (<a href=\"https:\/\/screamyell.com.br\/site\/2013\/08\/06\/mauricio-de-sousa-revisitado\/\">aqui<\/a>)<br \/>\n<span>&#8211; \u201cMSP Ouro da Casa\u201d: personagens de Maur\u00edcio de Sousa ganham releitura (<a href=\"https:\/\/screamyell.com.br\/site\/2012\/09\/28\/tres-livros-culinaria-ogra-e-quadrinhos\/\">aqui<\/a><span>)<\/span><\/span><\/p>\n","protected":false},"excerpt":{"rendered":"por Leonardo Vinhas\nUma \u00f3tima biografia de Bob Marley; a rotina de uma feira livre no ollhar de um feirante; o momento em que Bidu encontra Franjinha\n<a class=\"moretag\" href=\"https:\/\/screamyell.com.br\/site\/2014\/09\/27\/tres-livros-marley-bernardo-e-bidu\/\"> [...]<\/a>","protected":false},"author":6,"featured_media":0,"comment_status":"open","ping_status":"open","sticky":false,"template":"","format":"standard","meta":[],"categories":[9],"tags":[],"_links":{"self":[{"href":"https:\/\/screamyell.com.br\/site\/wp-json\/wp\/v2\/posts\/26706"}],"collection":[{"href":"https:\/\/screamyell.com.br\/site\/wp-json\/wp\/v2\/posts"}],"about":[{"href":"https:\/\/screamyell.com.br\/site\/wp-json\/wp\/v2\/types\/post"}],"author":[{"embeddable":true,"href":"https:\/\/screamyell.com.br\/site\/wp-json\/wp\/v2\/users\/6"}],"replies":[{"embeddable":true,"href":"https:\/\/screamyell.com.br\/site\/wp-json\/wp\/v2\/comments?post=26706"}],"version-history":[{"count":10,"href":"https:\/\/screamyell.com.br\/site\/wp-json\/wp\/v2\/posts\/26706\/revisions"}],"predecessor-version":[{"id":58240,"href":"https:\/\/screamyell.com.br\/site\/wp-json\/wp\/v2\/posts\/26706\/revisions\/58240"}],"wp:attachment":[{"href":"https:\/\/screamyell.com.br\/site\/wp-json\/wp\/v2\/media?parent=26706"}],"wp:term":[{"taxonomy":"category","embeddable":true,"href":"https:\/\/screamyell.com.br\/site\/wp-json\/wp\/v2\/categories?post=26706"},{"taxonomy":"post_tag","embeddable":true,"href":"https:\/\/screamyell.com.br\/site\/wp-json\/wp\/v2\/tags?post=26706"}],"curies":[{"name":"wp","href":"https:\/\/api.w.org\/{rel}","templated":true}]}}