{"id":26563,"date":"2014-09-15T14:06:38","date_gmt":"2014-09-15T17:06:38","guid":{"rendered":"https:\/\/screamyell.com.br\/site\/?p=26563"},"modified":"2014-11-26T10:15:06","modified_gmt":"2014-11-26T13:15:06","slug":"em-novembro-tributo-aos-engenheiros","status":"publish","type":"post","link":"https:\/\/screamyell.com.br\/site\/2014\/09\/15\/em-novembro-tributo-aos-engenheiros\/","title":{"rendered":"Em novembro, tributo aos Engenheiros"},"content":{"rendered":"<p style=\"text-align: justify;\"><img decoding=\"async\" class=\"aligncenter size-full wp-image-26564\" title=\"engenheiros1\" src=\"https:\/\/screamyell.com.br\/site\/wp-content\/uploads\/2014\/09\/engenheiros1.jpg\" alt=\"\" \/><\/p>\n<p style=\"text-align: justify;\">Em novembro de 2014, mais precisamente no dia 11\/11, o Scream &amp; Yell ir\u00e1 lan\u00e7ar seu segundo tributo, desta vez homenageando Humberto Gessinger e os Engenheiros do Hawaii, banda que completa 30 anos de carreira no dia 11\/01\/2015. A ideia \u00e9 lan\u00e7ar exatamente dois meses antes para abrir as comemora\u00e7\u00f5es dos 30 anos da banda ga\u00facha.<\/p>\n<p style=\"text-align: justify;\">Formada por quatro estudantes da Faculdade de Arquitetura da UFRGS \u2013 Humberto Gessinger (vocal e guitarra), Carlos Stein (guitarra), Marcelo Pitz (baixo) e Carlos Maltz (bateria) \u2013 para apenas uma apresenta\u00e7\u00e3o em um festival da faculdade, os Engenheiros seguiram em frente (com mudan\u00e7as na forma\u00e7\u00e3o) e hoje somam 12 discos de in\u00e9ditas e 5 ao vivo.<\/p>\n<p style=\"text-align: justify;\">Com produ\u00e7\u00e3o executiva e curadoria de <a href=\"https:\/\/www.facebook.com\/andersonfonsecabh\" target=\"_blank\">Anderson Fonseca<\/a> (produtor cultural de Belo Horizonte), o tributo levar\u00e1 o nome de \u201cEspelho Retrovisor\u201d e j\u00e1 conta com alguns artistas confirmados: A Banda Mais Bonita da Cidade, Bebeto Alves, Fernando Anitelli, Lula Queiroga e Nevilton, entre outros.<\/p>\n<p style=\"text-align: justify;\">Abaixo voc\u00ea pode conferir as duas primeiras m\u00fasicas liberadas do tributo: \u201cParab\u00f3lica\u201d, can\u00e7\u00e3o do disco \u201cGessinger, Licks &amp; Maltz\u201d (1992), aparece em vers\u00e3o ao vivo pelo grupo Vera Loca registrada em maio deste ano no Theatro S\u00e3o Pedro, em Porto Alegre; \u201cO Papa \u00e9 Pop\u201d surge em registro do ForFun; A Banda Mais Bonita da Cidade regravou &#8220;Pose&#8221;.<\/p>\n<p style=\"text-align: center;\"><object classid=\"clsid:d27cdb6e-ae6d-11cf-96b8-444553540000\" width=\"600\" height=\"340\" codebase=\"http:\/\/download.macromedia.com\/pub\/shockwave\/cabs\/flash\/swflash.cab#version=6,0,40,0\"><param name=\"src\" value=\"http:\/\/www.youtube.com\/v\/P5of8Dri0u8\" \/><embed type=\"application\/x-shockwave-flash\" width=\"600\" height=\"340\" src=\"http:\/\/www.youtube.com\/v\/P5of8Dri0u8\"><\/embed><\/object><\/p>\n<p style=\"text-align: center;\"><object classid=\"clsid:d27cdb6e-ae6d-11cf-96b8-444553540000\" width=\"600\" height=\"340\" codebase=\"http:\/\/download.macromedia.com\/pub\/shockwave\/cabs\/flash\/swflash.cab#version=6,0,40,0\"><param name=\"src\" value=\"http:\/\/www.youtube.com\/v\/hnfnaaYNQA0\" \/><embed type=\"application\/x-shockwave-flash\" width=\"600\" height=\"340\" src=\"http:\/\/www.youtube.com\/v\/hnfnaaYNQA0\"><\/embed><\/object><\/p>\n<p style=\"text-align: center;\"><object classid=\"clsid:d27cdb6e-ae6d-11cf-96b8-444553540000\" width=\"600\" height=\"340\" codebase=\"http:\/\/download.macromedia.com\/pub\/shockwave\/cabs\/flash\/swflash.cab#version=6,0,40,0\"><param name=\"src\" value=\"http:\/\/www.youtube.com\/v\/v2AJgHIAdB0\" \/><embed type=\"application\/x-shockwave-flash\" width=\"600\" height=\"340\" src=\"http:\/\/www.youtube.com\/v\/v2AJgHIAdB0\"><\/embed><\/object><\/p>\n<p style=\"text-align: justify;\"><strong>Veja tamb\u00e9m:<\/strong><br \/>\n&#8211; Baixe &#8220;Ainda Somos os Mesmos&#8221;, tributo ao disco &#8220;Alucina\u00e7\u00e3o&#8221;, de Belchior (<a href=\"https:\/\/screamyell.com.br\/site\/2014\/03\/26\/download-ainda-somos-os-mesmos-belchior\/\">aqui<\/a>)<br \/>\n&#8211; Humberto Gesinnger: uma carreira admir\u00e1vel marcada por erros e acertos (<a href=\"https:\/\/screamyell.com.br\/site\/2014\/03\/29\/humberto-gessinger-ao-vivo-em-sp\/\">aqui<\/a>)<\/p>\n","protected":false},"excerpt":{"rendered":"Em novembro, o Scream &#038; Yell ir\u00e1 lan\u00e7ar um tributo homenageando Humberto Gessinger e os Engenheiros do Hawaii, banda que ir\u00e1 completar 30 anos de carreira em 2015\n<a class=\"moretag\" href=\"https:\/\/screamyell.com.br\/site\/2014\/09\/15\/em-novembro-tributo-aos-engenheiros\/\"> [...]<\/a>","protected":false},"author":2,"featured_media":0,"comment_status":"open","ping_status":"open","sticky":false,"template":"","format":"standard","meta":[],"categories":[3],"tags":[],"_links":{"self":[{"href":"https:\/\/screamyell.com.br\/site\/wp-json\/wp\/v2\/posts\/26563"}],"collection":[{"href":"https:\/\/screamyell.com.br\/site\/wp-json\/wp\/v2\/posts"}],"about":[{"href":"https:\/\/screamyell.com.br\/site\/wp-json\/wp\/v2\/types\/post"}],"author":[{"embeddable":true,"href":"https:\/\/screamyell.com.br\/site\/wp-json\/wp\/v2\/users\/2"}],"replies":[{"embeddable":true,"href":"https:\/\/screamyell.com.br\/site\/wp-json\/wp\/v2\/comments?post=26563"}],"version-history":[{"count":9,"href":"https:\/\/screamyell.com.br\/site\/wp-json\/wp\/v2\/posts\/26563\/revisions"}],"predecessor-version":[{"id":27438,"href":"https:\/\/screamyell.com.br\/site\/wp-json\/wp\/v2\/posts\/26563\/revisions\/27438"}],"wp:attachment":[{"href":"https:\/\/screamyell.com.br\/site\/wp-json\/wp\/v2\/media?parent=26563"}],"wp:term":[{"taxonomy":"category","embeddable":true,"href":"https:\/\/screamyell.com.br\/site\/wp-json\/wp\/v2\/categories?post=26563"},{"taxonomy":"post_tag","embeddable":true,"href":"https:\/\/screamyell.com.br\/site\/wp-json\/wp\/v2\/tags?post=26563"}],"curies":[{"name":"wp","href":"https:\/\/api.w.org\/{rel}","templated":true}]}}