{"id":25195,"date":"2014-05-26T10:16:05","date_gmt":"2014-05-26T13:16:05","guid":{"rendered":"https:\/\/screamyell.com.br\/site\/?p=25195"},"modified":"2015-10-06T10:11:18","modified_gmt":"2015-10-06T13:11:18","slug":"cinco-videos-lancamentos-14","status":"publish","type":"post","link":"https:\/\/screamyell.com.br\/site\/2014\/05\/26\/cinco-videos-lancamentos-14\/","title":{"rendered":"Cinco v\u00eddeos: Lan\u00e7amentos #14"},"content":{"rendered":"<p style=\"text-align: center;\"><object classid=\"clsid:d27cdb6e-ae6d-11cf-96b8-444553540000\" width=\"600\" height=\"340\" codebase=\"http:\/\/download.macromedia.com\/pub\/shockwave\/cabs\/flash\/swflash.cab#version=6,0,40,0\"><param name=\"src\" value=\"http:\/\/www.youtube.com\/v\/ewaGbYalcQw\" \/><embed type=\"application\/x-shockwave-flash\" width=\"600\" height=\"340\" src=\"http:\/\/www.youtube.com\/v\/ewaGbYalcQw\"><\/embed><\/object><br \/>\n<strong>&#8220;Baile de Ilus\u00e3o&#8221;, C\u00e9U<\/strong><br \/>\nCan\u00e7\u00e3o presente no \u00e1lbum \u201cCaravana Sereia Bloom\u201d (2012)<br \/>\nFacebook oficial <a href=\"https:\/\/www.facebook.com\/ceumusic\" target=\"_blank\">https:\/\/www.facebook.com\/ceumusic<\/a><\/p>\n<p style=\"text-align: center;\"><object classid=\"clsid:d27cdb6e-ae6d-11cf-96b8-444553540000\" width=\"600\" height=\"340\" codebase=\"http:\/\/download.macromedia.com\/pub\/shockwave\/cabs\/flash\/swflash.cab#version=6,0,40,0\"><param name=\"src\" value=\"http:\/\/www.youtube.com\/v\/MlnyDZgKAkw\" \/><embed type=\"application\/x-shockwave-flash\" width=\"600\" height=\"340\" src=\"http:\/\/www.youtube.com\/v\/MlnyDZgKAkw\"><\/embed><\/object><br \/>\n<strong>&#8220;Dia de Casa&#8221;, Andrei Furlan<\/strong><br \/>\nCan\u00e7\u00e3o do \u00e1lbum hom\u00f4nimo lan\u00e7ando em 2013. <a href=\"http:\/\/www.andreifurlan.com.br\/\" target=\"_blank\">Baixe gratuitamente<\/a><br \/>\nSite oficial: <a href=\"http:\/\/www.andreifurlan.com.br\/\" target=\"_blank\">http:\/\/www.andreifurlan.com.br\/<\/a><\/p>\n<p style=\"text-align: center;\"><object classid=\"clsid:d27cdb6e-ae6d-11cf-96b8-444553540000\" width=\"600\" height=\"340\" codebase=\"http:\/\/download.macromedia.com\/pub\/shockwave\/cabs\/flash\/swflash.cab#version=6,0,40,0\"><param name=\"src\" value=\"http:\/\/www.youtube.com\/v\/BBK0ZwS-iew\" \/><embed type=\"application\/x-shockwave-flash\" width=\"600\" height=\"340\" src=\"http:\/\/www.youtube.com\/v\/BBK0ZwS-iew\"><\/embed><\/object><br \/>\n<strong>&#8220;Speak Not&#8221;, Bianca<\/strong><br \/>\nSingle (2014).<br \/>\nFacebook oficial: <a href=\"https:\/\/www.facebook.com\/musicbianca\" target=\"_blank\">https:\/\/www.facebook.com\/musicbianca<\/a><\/p>\n<p style=\"text-align: center;\"><object classid=\"clsid:d27cdb6e-ae6d-11cf-96b8-444553540000\" width=\"600\" height=\"340\" codebase=\"http:\/\/download.macromedia.com\/pub\/shockwave\/cabs\/flash\/swflash.cab#version=6,0,40,0\"><param name=\"src\" value=\"http:\/\/www.youtube.com\/v\/tn-PivWFOWY\" \/><embed type=\"application\/x-shockwave-flash\" width=\"600\" height=\"340\" src=\"http:\/\/www.youtube.com\/v\/tn-PivWFOWY\"><\/embed><\/object><br \/>\n<strong>&#8220;Cidade Natal&#8221;, Ludov<\/strong><br \/>\nCan\u00e7\u00e3o do \u00e1lbum &#8220;Miragem&#8221; (2014).<br \/>\nOu\u00e7a o disco no iTunes: <a href=\"https:\/\/itunes.apple.com\/br\/album\/miragem\/id878142784\" target=\"_blank\">https:\/\/itunes.apple.com\/br\/album\/miragem\/id878142784<\/a><\/p>\n<p style=\"text-align: center;\"><object classid=\"clsid:d27cdb6e-ae6d-11cf-96b8-444553540000\" width=\"600\" height=\"340\" codebase=\"http:\/\/download.macromedia.com\/pub\/shockwave\/cabs\/flash\/swflash.cab#version=6,0,40,0\"><param name=\"src\" value=\"http:\/\/www.youtube.com\/v\/J9c0_oM2AyI\" \/><embed type=\"application\/x-shockwave-flash\" width=\"600\" height=\"340\" src=\"http:\/\/www.youtube.com\/v\/J9c0_oM2AyI\"><\/embed><\/object><br \/>\n<strong>&#8220;Quintal&#8221;, Al\u00e1fia<\/strong><br \/>\nCan\u00e7\u00e3o do disco &#8220;Al\u00e1fia&#8221; (2013). <a href=\"http:\/\/alafia.art.br\/disco\/download\/\" target=\"_blank\">Baixe gr\u00e1tis<\/a><br \/>\nSite oficial: <a href=\"http:\/\/alafia.art.br\/disco\/download\/\" target=\"_blank\">http:\/\/alafia.art.br\/disco\/download\/<\/a><\/p>\n<p style=\"text-align: center;\"><strong>Confira o acervo de v\u00eddeos publicados no Scream &amp; Yell &#8211; <a href=\"https:\/\/screamyell.com.br\/site\/2015\/01\/01\/acervo-todos-os-videos\/\">AQUI<\/a><\/strong><\/p>\n","protected":false},"excerpt":{"rendered":"Assista aos novos clipes de C\u00e9u (&#8220;Baile da Ilus\u00e3o&#8221;), Andrei Furlan (&#8220;Dia de Casa&#8221;), Bianca (&#8220;Speak Not&#8221;), Ludov (&#8220;Cidade Natal&#8221;) e da banda Al\u00e1fia (&#8220;Natal&#8221;)\n<a class=\"moretag\" href=\"https:\/\/screamyell.com.br\/site\/2014\/05\/26\/cinco-videos-lancamentos-14\/\"> [...]<\/a>","protected":false},"author":2,"featured_media":0,"comment_status":"open","ping_status":"open","sticky":false,"template":"","format":"standard","meta":[],"categories":[118],"tags":[],"_links":{"self":[{"href":"https:\/\/screamyell.com.br\/site\/wp-json\/wp\/v2\/posts\/25195"}],"collection":[{"href":"https:\/\/screamyell.com.br\/site\/wp-json\/wp\/v2\/posts"}],"about":[{"href":"https:\/\/screamyell.com.br\/site\/wp-json\/wp\/v2\/types\/post"}],"author":[{"embeddable":true,"href":"https:\/\/screamyell.com.br\/site\/wp-json\/wp\/v2\/users\/2"}],"replies":[{"embeddable":true,"href":"https:\/\/screamyell.com.br\/site\/wp-json\/wp\/v2\/comments?post=25195"}],"version-history":[{"count":8,"href":"https:\/\/screamyell.com.br\/site\/wp-json\/wp\/v2\/posts\/25195\/revisions"}],"predecessor-version":[{"id":25201,"href":"https:\/\/screamyell.com.br\/site\/wp-json\/wp\/v2\/posts\/25195\/revisions\/25201"}],"wp:attachment":[{"href":"https:\/\/screamyell.com.br\/site\/wp-json\/wp\/v2\/media?parent=25195"}],"wp:term":[{"taxonomy":"category","embeddable":true,"href":"https:\/\/screamyell.com.br\/site\/wp-json\/wp\/v2\/categories?post=25195"},{"taxonomy":"post_tag","embeddable":true,"href":"https:\/\/screamyell.com.br\/site\/wp-json\/wp\/v2\/tags?post=25195"}],"curies":[{"name":"wp","href":"https:\/\/api.w.org\/{rel}","templated":true}]}}