{"id":24787,"date":"2014-04-29T18:25:54","date_gmt":"2014-04-29T21:25:54","guid":{"rendered":"https:\/\/screamyell.com.br\/site\/?p=24787"},"modified":"2023-03-29T01:16:27","modified_gmt":"2023-03-29T04:16:27","slug":"silva-ao-vivo-no-circo-voador","status":"publish","type":"post","link":"https:\/\/screamyell.com.br\/site\/2014\/04\/29\/silva-ao-vivo-no-circo-voador\/","title":{"rendered":"Silva ao vivo no Circo Voador"},"content":{"rendered":"<p style=\"text-align: center;\"><img decoding=\"async\" loading=\"lazy\" class=\"aligncenter size-full wp-image-24788\" title=\"silva1\" src=\"https:\/\/screamyell.com.br\/site\/wp-content\/uploads\/2014\/04\/silva1.jpg\" alt=\"\" width=\"605\" height=\"404\" srcset=\"https:\/\/screamyell.com.br\/site\/wp-content\/uploads\/2014\/04\/silva1.jpg 605w, https:\/\/screamyell.com.br\/site\/wp-content\/uploads\/2014\/04\/silva1-300x200.jpg 300w\" sizes=\"(max-width: 605px) 100vw, 605px\" \/><\/p>\n<p style=\"text-align: center;\"><strong>Texto por <a href=\"https:\/\/twitter.com\/jotadablio\" target=\"_blank\" rel=\"noopener\">Jorge Wagner<\/a><br \/>\nFotos por <a href=\"https:\/\/www.facebook.com\/media\/set\/?set=a.615443775215606.1073741830.125641610862494&amp;type=3\" target=\"_blank\" rel=\"noopener\">Eduardo Magalh\u00e3es<\/a><\/strong><\/p>\n<p style=\"text-align: justify;\">Assistir ao capixaba Silva ainda nas apresenta\u00e7\u00f5es de \u201cClarid\u00e3o\u201d, seu disco de estreia, era uma experi\u00eancia curiosa: no palco, as faixas de seu trabalho \u2013 acima da m\u00e9dia quando comparado aos lan\u00e7amentos de outros artistas de sua gera\u00e7\u00e3o \u2013 eram reproduzidas com tal perfei\u00e7\u00e3o, com tal exatid\u00e3o que, ap\u00f3s alguns minutos, voc\u00ea se perguntava se estava mesmo em um show ou apenas ouvindo uma mera reprodu\u00e7\u00e3o mec\u00e2nica. A aus\u00eancia de uma banda (Silva era acompanhado apenas pelo baterista Hugo Coutinho) somada ao excesso de recato e a pouca experi\u00eancia do m\u00fasico com os palcos e o p\u00fablico vinham a colaborar com a impress\u00e3o.<\/p>\n<p style=\"text-align: justify;\">Para os shows de \u201cVista pro Mar\u201d, segundo disco lan\u00e7ado em mar\u00e7o, Silva quis mais. Trouxe para o palco Giuliano de Landa (baixo e synth) e Rodolfo Simor (guitarra e synth), al\u00e9m de um ocasional trio de metais, dando mais vida e corpo \u00e0s suas m\u00fasicas. No entanto, a julgar pela terceira apresenta\u00e7\u00e3o do novo disco, realizada no \u00faltimo s\u00e1bado no tradicional Circo Voador, ainda h\u00e1 pontos a se acertar.<\/p>\n<p style=\"text-align: center;\"><img decoding=\"async\" loading=\"lazy\" class=\"aligncenter size-full wp-image-24789\" title=\"silva2\" src=\"https:\/\/screamyell.com.br\/site\/wp-content\/uploads\/2014\/04\/silva2.jpg\" alt=\"\" width=\"605\" height=\"404\" srcset=\"https:\/\/screamyell.com.br\/site\/wp-content\/uploads\/2014\/04\/silva2.jpg 605w, https:\/\/screamyell.com.br\/site\/wp-content\/uploads\/2014\/04\/silva2-300x200.jpg 300w\" sizes=\"(max-width: 605px) 100vw, 605px\" \/><\/p>\n<p style=\"text-align: justify;\">Com um repert\u00f3rio de vinte m\u00fasicas \u2013 oito retiradas de seu disco de estreia, todas as onze de \u201cVista Pro Mar\u201d e mais uma releitura pra \u201cMais Feliz\u201d, de Cazuza, lan\u00e7ada no tributo \u201cAgenor\u201d, organizado pelo DJ Z\u00e9 Pedro \u2013, sua apresenta\u00e7\u00e3o \u00e9 extensa al\u00e9m do que deveria, oscilando entre momentos excelentes e outros extremamente frios e cansativos. Se algumas de suas m\u00fasicas est\u00e3o bem melhores ao vivo \u2013 com destaque pra \u201cMoletom\u201d, \u201cDisco Novo\u201d, \u201cImergir\u201d e a sequ\u00eancia final com \u201cA Visita\u201d, \u201cClarid\u00e3o\u201d, \u201c12 de Maio\u201d e \u201cJaneiro\u201d \u2013, outras, como \u201cAinda\u201d e \u201cMar\u00e9\u201d, parecem simplesmente n\u00e3o funcionar, puxando pra baixo a m\u00e9dia de um show que, em outras circunst\u00e2ncias, deixaria poucas margens para qualquer cr\u00edtica.<\/p>\n<p style=\"text-align: justify;\">Um pouco mais de carisma e confian\u00e7a, sem d\u00favida, faria bem ao jovem m\u00fasico. Mas isso \u00e9 coisa que s\u00f3 mesmo o tempo e a estrada podem trazer. Os maiores deslizes de Silva, por\u00e9m, podem ser resolvidos com poucos ajustes, como um repert\u00f3rio melhor estruturado e o senso de que uma apresenta\u00e7\u00e3o n\u00e3o precisa, necessariamente, contar com 80% de tudo o que j\u00e1 se gravou \u2013 mesmo que n\u00e3o se tenha gravado tanta coisa assim.<\/p>\n<p style=\"text-align: justify;\"><a href=\"https:\/\/screamyell.com.br\/site\/wp-content\/uploads\/2014\/04\/silva3.jpg\"><img decoding=\"async\" class=\"aligncenter size-full wp-image-24790\" title=\"silva3\" src=\"https:\/\/screamyell.com.br\/site\/wp-content\/uploads\/2014\/04\/silva3.jpg\" alt=\"\" \/><\/a><\/p>\n<p style=\"text-align: justify;\">Com meia d\u00fazia de m\u00fasicas a menos, talvez com uma vers\u00e3o a mais (m\u00fasicos: em doses homeop\u00e1ticas, quando devidamente selecionadas e trabalhadas, as vers\u00f5es s\u00e3o suas amigas; n\u00e3o tenham medo do cover; tenham medo de um trabalho autoral fraco), o capixaba poderia ter feito um show de m\u00e9dia 9 no \u00faltimo fim de semana. N\u00e3o o fez por uma \u00fanica raz\u00e3o: pecou pelo excesso.<\/p>\n<p style=\"text-align: justify;\">Artista em constru\u00e7\u00e3o, Silva j\u00e1 demonstrou que \u00e9 capaz de boas coisas. Se n\u00e3o demorar a entender que, de vez em quando, menos pode ser mais, vai melhorar consideravelmente suas passagens pelo palco ainda durante as apresenta\u00e7\u00f5es de \u201cVista Pro Mar\u201d. Do contr\u00e1rio, quem sabe nos shows do pr\u00f3ximo disco, com uma banda maior, com novos convidados, com um pouco mais de carisma, confian\u00e7a e experi\u00eancia.<\/p>\n<p style=\"text-align: justify;\"><img decoding=\"async\" class=\"aligncenter size-full wp-image-24791\" title=\"silva4\" src=\"https:\/\/screamyell.com.br\/site\/wp-content\/uploads\/2014\/04\/silva4.jpg\" alt=\"\" \/><\/p>\n<p style=\"text-align: justify;\"><span>&#8211; Jorge Wagner (siga <\/span><a href=\"http:\/\/twitter.com\/jotadablio\" target=\"_blank\" rel=\"noopener\">@jotablio<\/a><span>) \u00e9 jornalista e colabora com o Scream &amp; Yell desde 2006<\/span><\/p>\n","protected":false},"excerpt":{"rendered":"por Jorge Wagner\nO capixaba poderia ter feito um show de m\u00e9dia 9 no Rio de Janeiro. N\u00e3o o fez por uma \u00fanica raz\u00e3o: pecou pelo excesso.\n<a class=\"moretag\" href=\"https:\/\/screamyell.com.br\/site\/2014\/04\/29\/silva-ao-vivo-no-circo-voador\/\"> [...]<\/a>","protected":false},"author":20,"featured_media":0,"comment_status":"open","ping_status":"open","sticky":false,"template":"","format":"standard","meta":[],"categories":[3],"tags":[],"_links":{"self":[{"href":"https:\/\/screamyell.com.br\/site\/wp-json\/wp\/v2\/posts\/24787"}],"collection":[{"href":"https:\/\/screamyell.com.br\/site\/wp-json\/wp\/v2\/posts"}],"about":[{"href":"https:\/\/screamyell.com.br\/site\/wp-json\/wp\/v2\/types\/post"}],"author":[{"embeddable":true,"href":"https:\/\/screamyell.com.br\/site\/wp-json\/wp\/v2\/users\/20"}],"replies":[{"embeddable":true,"href":"https:\/\/screamyell.com.br\/site\/wp-json\/wp\/v2\/comments?post=24787"}],"version-history":[{"count":4,"href":"https:\/\/screamyell.com.br\/site\/wp-json\/wp\/v2\/posts\/24787\/revisions"}],"predecessor-version":[{"id":73690,"href":"https:\/\/screamyell.com.br\/site\/wp-json\/wp\/v2\/posts\/24787\/revisions\/73690"}],"wp:attachment":[{"href":"https:\/\/screamyell.com.br\/site\/wp-json\/wp\/v2\/media?parent=24787"}],"wp:term":[{"taxonomy":"category","embeddable":true,"href":"https:\/\/screamyell.com.br\/site\/wp-json\/wp\/v2\/categories?post=24787"},{"taxonomy":"post_tag","embeddable":true,"href":"https:\/\/screamyell.com.br\/site\/wp-json\/wp\/v2\/tags?post=24787"}],"curies":[{"name":"wp","href":"https:\/\/api.w.org\/{rel}","templated":true}]}}