{"id":24653,"date":"2014-04-20T10:43:57","date_gmt":"2014-04-20T13:43:57","guid":{"rendered":"https:\/\/screamyell.com.br\/site\/?p=24653"},"modified":"2023-04-19T23:00:16","modified_gmt":"2023-04-20T02:00:16","slug":"tres-perguntas-juliano-gauche","status":"publish","type":"post","link":"https:\/\/screamyell.com.br\/site\/2014\/04\/20\/tres-perguntas-juliano-gauche\/","title":{"rendered":"Tr\u00eas perguntas: Juliano Gauche"},"content":{"rendered":"<p style=\"text-align: center;\"><img decoding=\"async\" class=\"aligncenter size-full wp-image-24654\" title=\"juliano1\" src=\"https:\/\/screamyell.com.br\/site\/wp-content\/uploads\/2014\/04\/juliano1.jpg\" alt=\"\"><\/p>\n<p style=\"text-align: center;\"><strong>por <a href=\"https:\/\/www.facebook.com\/ti.aguiarfoliveira\" target=\"_blank\" rel=\"noopener\">Tiago Aguiar <\/a><\/strong><\/p>\n<p style=\"text-align: justify;\">Ap\u00f3s tr\u00eas \u00e1lbuns e mais de 10 anos de banda com o Solana e de circular por um ano pelo Brasil tocando \u201cHoje N\u00e3o!\u201d, \u00e1lbum de interpreta\u00e7\u00f5es de can\u00e7\u00f5es de S\u00e9rgio Sampaio, o mineiro Juliano Gauche, que se considera capixaba, lan\u00e7ou em 2013 seu primeiro disco solo e tra\u00e7a novos rumos para sua carreira.<\/p>\n<p style=\"text-align: justify;\">Juliano, que se descobriu em Drummond como um \u2018gauche\u2019, \u00e9 mais um brasileiro que circula longe de sua terra de cria\u00e7\u00e3o. Mora h\u00e1 tr\u00eas anos em S\u00e3o Paulo, mas foi s\u00f3 ap\u00f3s o lan\u00e7amento de seu hom\u00f4nimo disco solo em agosto do ano passado que se sentiu em paz para permitir tocar suas can\u00e7\u00f5es mais pessoais e, em grande medida, urgentes.<\/p>\n<p style=\"text-align: justify;\">Com muita personalidade, Juliano flutua \u00e0 vontade entre Fernando Pessoa, John Lennon e Jorge Mautner num disco que conta com participa\u00e7\u00f5es de Peri Pane, Tat\u00e1 Aeroplano, Junior Boca, Gustavo Galo e Meno del Picchia, entre outros. \u201cJuliano Gauche\u201d, o disco, encontra-se dispon\u00edvel para download gratuito no site oficial (<a href=\"http:\/\/www.julianogauche.com\/disco\/\" target=\"_blank\" rel=\"noopener\">http:\/\/www.julianogauche.com\/disco\/<\/a>).<\/p>\n<p style=\"text-align: justify;\">Abaixo, Juliano Gauche fala sobre a produ\u00e7\u00e3o do disco, enaltece S\u00e9rgio Sampaio e relembra sua ex-banda. Confira<\/p>\n<p style=\"text-align: center;\"><object classid=\"clsid:d27cdb6e-ae6d-11cf-96b8-444553540000\" width=\"600\" height=\"340\" codebase=\"http:\/\/download.macromedia.com\/pub\/shockwave\/cabs\/flash\/swflash.cab#version=6,0,40,0\"><param name=\"src\" value=\"http:\/\/www.youtube.com\/v\/srP78wk7MW8\"><embed type=\"application\/x-shockwave-flash\" width=\"600\" height=\"340\" src=\"http:\/\/www.youtube.com\/v\/srP78wk7MW8\"><\/object><\/p>\n<p style=\"text-align: justify;\"><strong>O disco chegou bem acompanhado, com Tat\u00e1 Aeroplano e Junior Boca na produ\u00e7\u00e3o, e com participa\u00e7\u00e3o de figuras que se intercalam nessa cena paulistana, como Gustavo Galo e Peri Pane. Quanto eles influenciaram no processo da grava\u00e7\u00e3o de um disco t\u00e3o autoral?<\/strong><br \/>\nO Tat\u00e1 Aeroplano foi meu grande parceiro neste disco. Tudo que ele me apresentou aqui em S\u00e3o Paulo, de m\u00fasicas a m\u00fasicos, entrou no meu processo de cria\u00e7\u00e3o. N\u00e3o \u00e0 toa eu o convidei para me produzir. E ele convidou o Junior Boca para produzir com ele, assim como toda a banda que trabalhou com a gente. Quando cheguei aqui, participei muito de uns encontros na casa de um poeta chamado Paulo C\u00e9sar de Carvalho, onde todo mundo (Tat\u00e1, Gustavo Galo, Peri Pane, P\u00e9lico&#8230;) mostravam suas m\u00fasicas novas ao viol\u00e3o. Esses encontros foram a grande base do processo das composi\u00e7\u00f5es que formaram este disco.<\/p>\n<p style=\"text-align: justify;\"><strong>Apesar da influ\u00eancia desse per\u00edodo morando em S\u00e3o Paulo, S\u00e9rgio Sampaio, capixaba, permanece como um homenageado explicitamente em sua obra. Por que essa admira\u00e7\u00e3o? O tempo na estrada tocando &#8220;Hoje n\u00e3o!&#8221; serviu de ponte para inspira\u00e7\u00e3o na composi\u00e7\u00e3o do disco?<\/strong><br \/>\nMinha liga\u00e7\u00e3o com o Sampaio foi o que me aproximou de toda esta turma, que tamb\u00e9m s\u00e3o Sampa\u00edstas assumidos. Comecei a canta-lo a convite do Jo\u00e3o Moraes (primo e divulgador militante do S\u00e9rgio) sem saber muito bem onde estava pisando. Mas hoje, n\u00e3o s\u00f3 neste disco, mas em todo meu jeito de compor, ele tem um grande peso. Encontrei nele uma encruzilhada de refer\u00eancias, al\u00e9m de uma postura extremamente firme no que toca a autenticidade, que sei que vou carregar pro resto da vida.<\/p>\n<p style=\"text-align: justify;\"><strong>\u201cVeneza\u201d, \u00faltimo trabalho com o Solana, acabou sendo lan\u00e7ado durante o processo de divulga\u00e7\u00e3o de seu disco hom\u00f4nimo, mesmo com o processo de composi\u00e7\u00e3o tendo come\u00e7ado antes. O \u00e1lbum foi bastante elogiado e, apesar da clara diferen\u00e7a de proposta com o trabalho solo, marca uma diferen\u00e7a de sonoridade com os dois anteriores da banda. Voc\u00ea ficou satisfeito com o resultado final? Podemos esperar um pouco deste lado &#8220;mais rock e mais rural&#8221; ainda nos pr\u00f3ximos discos?<\/strong><br \/>\nO \u201cVeneza\u201d \u00e9, pra mim, o melhor disco do Solana. Ali est\u00e1 o que eu realmente queria fazer com a banda. Ele foi finalizado comigo j\u00e1 fora do processo, ent\u00e3o o resultado geral tamb\u00e9m me surpreendeu um pouco; pude v\u00ea-lo com um olhar estrangeiro e ainda estou me acostumando. Sem querer defini-lo com estilos, o acho um disco forte, intenso. E \u00e9 isso que gosto de buscar. As coisas que estou compondo agora trazem um pouco desses dois \u00faltimos discos, e parece definir bem o que poderei chamar de meu estilo. Mas s\u00f3 mesmo na hora da grava\u00e7\u00e3o, quando o Tat\u00e1 e Boca colocarem as m\u00e3os nos arranjos \u00e9 que a coisa tomar\u00e1 sua forma definida. Os conceitos v\u00eam depois.<\/p>\n<p style=\"text-align: center;\"><object classid=\"clsid:d27cdb6e-ae6d-11cf-96b8-444553540000\" width=\"600\" height=\"340\" codebase=\"http:\/\/download.macromedia.com\/pub\/shockwave\/cabs\/flash\/swflash.cab#version=6,0,40,0\"><param name=\"src\" value=\"http:\/\/www.youtube.com\/v\/oO4sxzxp5VM\"><embed type=\"application\/x-shockwave-flash\" width=\"600\" height=\"340\" src=\"http:\/\/www.youtube.com\/v\/oO4sxzxp5VM\"><\/object><\/p>\n<p style=\"text-align: center;\"><object classid=\"clsid:d27cdb6e-ae6d-11cf-96b8-444553540000\" width=\"600\" height=\"340\" codebase=\"http:\/\/download.macromedia.com\/pub\/shockwave\/cabs\/flash\/swflash.cab#version=6,0,40,0\"><param name=\"src\" value=\"http:\/\/www.youtube.com\/v\/IqP9OP7xNSk\"><embed type=\"application\/x-shockwave-flash\" width=\"600\" height=\"340\" src=\"http:\/\/www.youtube.com\/v\/IqP9OP7xNSk\"><\/object><\/p>\n<p style=\"text-align: center;\"><object classid=\"clsid:d27cdb6e-ae6d-11cf-96b8-444553540000\" width=\"600\" height=\"340\" codebase=\"http:\/\/download.macromedia.com\/pub\/shockwave\/cabs\/flash\/swflash.cab#version=6,0,40,0\"><param name=\"src\" value=\"http:\/\/www.youtube.com\/v\/nIfsk3VebMo\"><embed type=\"application\/x-shockwave-flash\" width=\"600\" height=\"340\" src=\"http:\/\/www.youtube.com\/v\/nIfsk3VebMo\"><\/object><\/p>\n<p>&#8211; Tiago Aguiar Oliveira (<a href=\"https:\/\/www.facebook.com\/ti.aguiarfoliveira\" target=\"_blank\" rel=\"noopener\">https:\/\/www.facebook.com\/ti.aguiarfoliveira<\/a>) \u00e9 estudante de jornalismo<\/p>\n<p><strong>Tr\u00eas perguntas para:<\/strong><br \/>\n&#8211; Gustavo Galo: \u201cApesar do disco levar o meu nome, \u201cASA\u201d \u00e9 coletivo? (<a href=\"https:\/\/screamyell.com.br\/site\/2014\/03\/05\/tres-perguntas-gustavo-galo\/\">aqui<\/a>)<br \/>\n&#8211; Erika Martins: &#8220;Modinhas&#8221; \u00e9&nbsp; uma volta as minhas origens portuguesas (<a href=\"https:\/\/screamyell.com.br\/site\/2014\/03\/14\/tres-perguntas-erika-martins\/\">aqui<\/a>)<br \/>\n&#8211; Will Prestes: \u201cO WAHGEE nasceu m\u00f3vel e completo? (<a href=\"https:\/\/screamyell.com.br\/site\/2014\/02\/28\/tres-perguntas-wahgee\/\">aqui<\/a>)<br \/>\n&#8211; Jair Naves: \u201cDessa vez quero tentar algo diferente? (<a href=\"https:\/\/screamyell.com.br\/site\/2014\/02\/26\/tres-perguntas-jair-naves\/\">aqui<\/a>)<br \/>\n&#8211; Giallos: \u201cN\u00e3o precisa baixar as cal\u00e7as pra fazer um disco\u201d (<a href=\"https:\/\/screamyell.com.br\/site\/2014\/02\/02\/tres-perguntas-giallos\/\">aqui<\/a>)<br \/>\n&#8211; The Baggios: \u201cSe voc\u00ea ouvir nossas musicas ir\u00e1 notar Alceu, Raul Seixas\u2026\u201d (<a href=\"https:\/\/screamyell.com.br\/site\/2013\/12\/22\/tres-perguntas-the-baggios\/\">aqui<\/a>)<br \/>\n&#8211; Shotgun Wives: \u201cGostamos de colocar um timbre inesperado nas can\u00e7\u00f5es\u201d (<a href=\"https:\/\/screamyell.com.br\/site\/2013\/12\/18\/tres-perguntas-shotgun-wives\/\">aqui<\/a>)<br \/>\n&#8211; Constantina: \u201cM\u00fasica Instrumental esteve por muito tempo marginalizada\u201d (<a href=\"https:\/\/screamyell.com.br\/site\/2013\/11\/19\/tres-perguntas-constantina\/\">aqui<\/a>)<br \/>\n&#8211; Guri: \u201c\u00c9 hippie, mas parece que a m\u00fasica ajudou a fechar alguns buracos\u201d (<a href=\"https:\/\/screamyell.com.br\/site\/2013\/12\/03\/especial-sim-sao-paulo-guri\/\">aqui<\/a>)<br \/>\n&#8211; Stela Campos: \u201cSou uma colecionadora de discos \u00e0 moda antiga\u201d (<a href=\"https:\/\/screamyell.com.br\/site\/2013\/11\/28\/tres-perguntas-stela-campos\/\">aqui<\/a>)<\/p>\n","protected":false},"excerpt":{"rendered":"por Tiago Faria\nAp\u00f3s tr\u00eas \u00e1lbuns e mais de 10 anos de banda com o Solana, Juliano Gauche estreia solo e tra\u00e7a novos rumos para sua carreira\n<a class=\"moretag\" href=\"https:\/\/screamyell.com.br\/site\/2014\/04\/20\/tres-perguntas-juliano-gauche\/\"> [...]<\/a>","protected":false},"author":1,"featured_media":0,"comment_status":"open","ping_status":"open","sticky":false,"template":"","format":"standard","meta":[],"categories":[3],"tags":[52],"_links":{"self":[{"href":"https:\/\/screamyell.com.br\/site\/wp-json\/wp\/v2\/posts\/24653"}],"collection":[{"href":"https:\/\/screamyell.com.br\/site\/wp-json\/wp\/v2\/posts"}],"about":[{"href":"https:\/\/screamyell.com.br\/site\/wp-json\/wp\/v2\/types\/post"}],"author":[{"embeddable":true,"href":"https:\/\/screamyell.com.br\/site\/wp-json\/wp\/v2\/users\/1"}],"replies":[{"embeddable":true,"href":"https:\/\/screamyell.com.br\/site\/wp-json\/wp\/v2\/comments?post=24653"}],"version-history":[{"count":7,"href":"https:\/\/screamyell.com.br\/site\/wp-json\/wp\/v2\/posts\/24653\/revisions"}],"predecessor-version":[{"id":74122,"href":"https:\/\/screamyell.com.br\/site\/wp-json\/wp\/v2\/posts\/24653\/revisions\/74122"}],"wp:attachment":[{"href":"https:\/\/screamyell.com.br\/site\/wp-json\/wp\/v2\/media?parent=24653"}],"wp:term":[{"taxonomy":"category","embeddable":true,"href":"https:\/\/screamyell.com.br\/site\/wp-json\/wp\/v2\/categories?post=24653"},{"taxonomy":"post_tag","embeddable":true,"href":"https:\/\/screamyell.com.br\/site\/wp-json\/wp\/v2\/tags?post=24653"}],"curies":[{"name":"wp","href":"https:\/\/api.w.org\/{rel}","templated":true}]}}