{"id":2247,"date":"2009-10-12T15:07:07","date_gmt":"2009-10-12T18:07:07","guid":{"rendered":"https:\/\/screamyell.com.br\/site\/?p=2247"},"modified":"2009-11-09T07:45:26","modified_gmt":"2009-11-09T10:45:26","slug":"ao-vivo-wado-e-cidadao-instigado","status":"publish","type":"post","link":"https:\/\/screamyell.com.br\/site\/2009\/10\/12\/ao-vivo-wado-e-cidadao-instigado\/","title":{"rendered":"Ao vivo: Wado e Cidad\u00e3o Instigado"},"content":{"rendered":"<p style=\"text-align: center;\"><strong>Texto e fotos por Marcelo Costa<\/strong><\/p>\n<p style=\"text-align: justify;\">Respons\u00e1veis por dois discos que devem aparecer em v\u00e1rias listas de Melhores de 2009, Wado e Cidad\u00e3o Instigado subiram ao palco para apresentar suas novas can\u00e7\u00f5es ao vivo, o primeiro na quinta-feira (08\/10) no Studio SP, e o segundo na Choperia do Sesc Pomp\u00e9ia no s\u00e1bado (10\/10).<\/p>\n<p style=\"text-align: center;\"><a href=\"http:\/\/www.flickr.com\/photos\/maccosta\/sets\/72157622445840131\/\" target=\"_blank\"><img decoding=\"async\" loading=\"lazy\" width=\"600\" height=\"450\" class=\"size-full wp-image-2248 aligncenter\" title=\"Wado no Studio SP \/ Foto: Marcelo Costa\" src=\"https:\/\/screamyell.com.br\/site\/wp-content\/uploads\/2009\/10\/wado_studio.jpg\" alt=\"\" srcset=\"https:\/\/screamyell.com.br\/site\/wp-content\/uploads\/2009\/10\/wado_studio.jpg 600w, https:\/\/screamyell.com.br\/site\/wp-content\/uploads\/2009\/10\/wado_studio-300x225.jpg 300w\" sizes=\"(max-width: 600px) 100vw, 600px\" \/><\/a><\/p>\n<p style=\"text-align: justify;\">Em seu segundo show em dois meses na capital paulista, Wado desta vez seguiu a linha afox\u00e9 que marca o lan\u00e7amento de &#8220;Atl\u00e2ntico Negro&#8221;, quinto \u00e1lbum solo do compositor, apoiado pelo Projeto Pixinguinha e distribu\u00eddo gratuitamente em download em seu <a href=\"http:\/\/www2.uol.com.br\/wado\/index2.html\" target=\"_blank\">site oficial<\/a>. O primeiro show, em agosto no Sesc Vila Mariana, com uma forma\u00e7\u00e3o feita \u00e0s pressas tendo apenas um ensaio, foi mais cru, roqueiro e bastante empolgante com o repert\u00f3rio centrando foco no fino da discografia de Wado.<\/p>\n<p style=\"text-align: justify;\">Neste retorno com sua banda atual (a mesma que gravou os dois \u00faltimos discos) mais afinada nas apostas musicais de Wado, a guitarra pontua a apresenta\u00e7\u00e3o em algumas partes, mas descansa e deixa o bloco passar sambando e suingando desde o come\u00e7o da noite, com &#8220;Tarja Preta\/Faf\u00e1&#8221;, que abre o show, seguida do sambinha &#8220;Alguma Coisa Mais Pra Frente&#8221; e da densa &#8220;Tormenta&#8221; at\u00e9 abra\u00e7ar as boas faixas de &#8220;Terceiro Mundo Festivo&#8221;, coisas belas como &#8220;Melhor&#8221; e &#8220;Fortalece A\u00ed&#8221; al\u00e9m de &#8220;Pendurado&#8221;, &#8220;Reforma Agr\u00e1ria do Ar&#8221; e a \u00f3tima e deliciosamente pornogr\u00e1fica &#8220;Teta&#8221;.<\/p>\n<p style=\"text-align: justify;\">O disco novo abre o segundo bloco com &#8220;Estrada&#8221;, e Wado cita o soci\u00f3logo ingl\u00eas Paul Gilroy, cujo livro &#8220;The Black Atlantic&#8221; (1993) serve de refer\u00eancia para o novo \u00e1lbum, e continua a festa com o pot-pourri &#8220;Jejum\/Cavaleiro de Aruanda&#8221; e as \u00f3timas &#8220;Martelo de Ogum&#8221; (que cita Hot Chip) e &#8220;Cord\u00e3o de Isolamento&#8221; (cutucada no delicado assunto das cordas que separam classes sociais em carnavais e micaretas e que, em S\u00e3o Paulo, poderia ser traduzido como \u00e1rea vip). As bel\u00edssimas baladas &#8220;Pav\u00e3o Macaco&#8221; (assista ao clipe <a href=\"http:\/\/www.youtube.com\/watch?v=fyMNekcjl6s\" target=\"_blank\">aqui<\/a>), &#8220;Fr\u00e1gil&#8221; e &#8220;Vai Querer?&#8221; rendem o momento calmo e l\u00edrico da noite.<\/p>\n<p style=\"text-align: justify;\">Para o final, &#8220;Ontem Eu Sambei&#8221;, brilhante n\u00famero de &#8220;O Manifesto da Arte Perif\u00e9rica&#8221;, disco de estr\u00e9ia (2001) que abria \u00f3timas perspectivas para a d\u00e9cada, atreladas a redescoberta do samba via Los Hermanos e por uma necessidade de levar a m\u00fasica brasileira para o s\u00e9culo 21. Gravadoras deram as costas, o emo comprou as r\u00e1dios, Wado lan\u00e7ou um \u00e1lbum obrigat\u00f3rio (&#8220;A Farsa do Samba Nublado&#8221;, de 2004) e continua distribuindo p\u00e9rolas aos porcos. Que o digam &#8220;Melhor&#8221;, &#8220;Pav\u00e3o Macaco&#8221;, &#8220;Fita Bruta&#8221; (ausente na noite) e &#8220;N\u00e3o Para&#8221;, can\u00e7\u00e3o gravada (numa vers\u00e3o excelente) por Maria Alcina, e que encerra a noite de forma precisa: &#8220;Me acorda, me emociona de novo: n\u00e3o para, n\u00e3o para, n\u00e3o para n\u00e3o&#8221;.<\/p>\n<p style=\"text-align: center;\"><a href=\"http:\/\/www.flickr.com\/photos\/maccosta\/sets\/72157622570453752\/\" target=\"_blank\"><img decoding=\"async\" loading=\"lazy\" width=\"600\" height=\"431\" class=\"size-full wp-image-2249 aligncenter\" title=\"Cidad\u00e3o Instigado com Arnando Antunes \/ Foto: Marcelo Costa\" src=\"https:\/\/screamyell.com.br\/site\/wp-content\/uploads\/2009\/10\/cidadao_1.jpg\" alt=\"\" srcset=\"https:\/\/screamyell.com.br\/site\/wp-content\/uploads\/2009\/10\/cidadao_1.jpg 600w, https:\/\/screamyell.com.br\/site\/wp-content\/uploads\/2009\/10\/cidadao_1-300x215.jpg 300w\" sizes=\"(max-width: 600px) 100vw, 600px\" \/><\/a><\/p>\n<p style=\"text-align: justify;\">Candidato fort\u00edssimo ao posto de melhor disco de 2009, &#8220;Uhuuu&#8221;, terceiro disco do Cidad\u00e3o Instigado, mostrou toda sua for\u00e7a no palco da choperia do Sesc Pomp\u00e9ia para um bom p\u00fablico. A trupe afiada de Fernando Catatau seguiu a risca a seq\u00fc\u00eancia do disco, e abriu a noite com a poderosa &#8220;O Nada&#8221;, em que o cantor atropela a m\u00e9trica, desafina horrores nos gritos, e ainda assim arrepia numa bel\u00edssima execu\u00e7\u00e3o. &#8220;Contando Estrelas&#8221; surgiu em vers\u00e3o redentora, e exteriorizou ainda outras influ\u00eancias, mostrando um instrumental coeso e uma execu\u00e7\u00e3o l\u00edrica.<\/p>\n<p style=\"text-align: justify;\">\u00c9 impressionante como todas as can\u00e7\u00f5es, que j\u00e1 s\u00e3o excelentes em est\u00fadio, cresceram absurdos ao vivo. A batida tribal de &#8220;Doido&#8221; (com um q do Franz Ferdinand de &#8220;Tonight&#8221;) veio ainda mais contagiante e contou com Arnaldo Antunes no palco declamando maluquices. J\u00e1 a bonita &#8220;D\u00f3i&#8221;, com participa\u00e7\u00e3o de Edgard Scandurra na terceira guitarra e nos vocais, subiu aos c\u00e9us. A longa &#8220;Escolher Pra Qu\u00ea?&#8221;, m\u00fasica escolhida para antecipar o disco via My Space, conseguiu impressionar ainda mais.<\/p>\n<p style=\"text-align: justify;\">A linda &#8220;Como as Luzes&#8221; ganhou uma vers\u00e3o emocionante que valorizou o seu refr\u00e3o l\u00edrico e seu q de faroeste a l\u00e1 Ennio Morricone enquanto &#8220;Ovelinhas&#8221; destacou o lado country da segunda metade da can\u00e7\u00e3o. &#8220;A Radia\u00e7\u00e3o na Terra&#8221;, jun\u00e7\u00e3o de Caetano Veloso fase &#8220;Ara\u00e7\u00e1 Azul&#8221; com o Radiohead de &#8220;Ok Computer&#8221;, foi um dos grandes momentos da noite, que ainda teria na seq\u00fc\u00eancia as \u00f3timas &#8220;Deus \u00e9 Uma Viagem&#8221; e &#8220;O Homem Velho&#8221;, e o batuque psicod\u00e9lico de &#8220;Cabe\u00e7\u00e3o&#8221;.<\/p>\n<p style=\"text-align: justify;\">No bis, Scandurra e Arnando voltaram sozinhos para uma vers\u00e3o de &#8220;O Buraco do Espelho&#8221;, parceria dos dois gravada no disco &#8220;O Sil\u00eancio&#8221;, de Arnaldo. Aos poucos, cada integrante do Cidad\u00e3o entrava para engrossar o arranjo at\u00e9 a m\u00fasica virar &#8220;Bandeira Branca&#8221;, cl\u00e1ssico de Dalva Oliveira. Bonito. Sem os convidados, o Cidad\u00e3o partiu para o encerramento com a sensacional dobradinha &#8220;Os Urubus S\u00f3 Pensam Em Te Comer&#8221; e &#8220;O Pobre dos Dentes de Ouro&#8221;, e um constrangedor momento Tim Maia de Fernando Catatau, que poderia at\u00e9 estragar a noite, se o show tivesse mediano. N\u00e3o foi. O Cidad\u00e3o \u00e9 hoje uma das grandes bandas brasileiras sobre um palco. S\u00f3 precisa tomar cuidado com as mancadas&#8230;<\/p>\n<p style=\"text-align: center;\"><a href=\"http:\/\/www.flickr.com\/photos\/maccosta\/sets\/72157622570453752\/\" target=\"_blank\"><img decoding=\"async\" class=\"size-full wp-image-2250 aligncenter\" title=\"Cidad\u00e3o Instigado com Edgard Scandurra \/ Foto: Marcelo Costa\" src=\"https:\/\/screamyell.com.br\/site\/wp-content\/uploads\/2009\/10\/cidadao_2.jpg\" alt=\"\" \/><\/a><\/p>\n<p style=\"text-align: justify;\"><strong>Leia tamb\u00e9m:<\/strong><br \/>\n&#8211; Faixa a faixa de &#8220;Atl\u00e2ntico Negro&#8221;, por Wado (<a href=\"https:\/\/screamyell.com.br\/blog\/2009\/08\/05\/atlantico-negro-de-wado-para-download\/\">aqui<\/a>)<br \/>\n&#8211; Cidad\u00e3o Instigado e Little Joy ao vivo, por Marcelo Costa (<a href=\"https:\/\/screamyell.com.br\/blog\/2009\/01\/31\/diversao-descompromisso-e-pontos-nos-is\/\">aqui<\/a>)<br \/>\n&#8211; Baixe os cinco de Wado gratuitamente no site oficial (<a href=\"http:\/\/www2.uol.com.br\/wado\/index2.html\">aqui<\/a>)<\/p>\n","protected":false},"excerpt":{"rendered":"Por Marcelo Costa\nWado mostrou seu lado afox\u00e9 no Studio SP e Fernando Catatau lan\u00e7ou &#8220;Uhuuu&#8221; com Scandurra e Arnaldo Antunes no Sesc.\n<a class=\"moretag\" href=\"https:\/\/screamyell.com.br\/site\/2009\/10\/12\/ao-vivo-wado-e-cidadao-instigado\/\"> [...]<\/a>","protected":false},"author":2,"featured_media":0,"comment_status":"open","ping_status":"open","sticky":false,"template":"","format":"standard","meta":[],"categories":[3],"tags":[],"_links":{"self":[{"href":"https:\/\/screamyell.com.br\/site\/wp-json\/wp\/v2\/posts\/2247"}],"collection":[{"href":"https:\/\/screamyell.com.br\/site\/wp-json\/wp\/v2\/posts"}],"about":[{"href":"https:\/\/screamyell.com.br\/site\/wp-json\/wp\/v2\/types\/post"}],"author":[{"embeddable":true,"href":"https:\/\/screamyell.com.br\/site\/wp-json\/wp\/v2\/users\/2"}],"replies":[{"embeddable":true,"href":"https:\/\/screamyell.com.br\/site\/wp-json\/wp\/v2\/comments?post=2247"}],"version-history":[{"count":6,"href":"https:\/\/screamyell.com.br\/site\/wp-json\/wp\/v2\/posts\/2247\/revisions"}],"predecessor-version":[{"id":2445,"href":"https:\/\/screamyell.com.br\/site\/wp-json\/wp\/v2\/posts\/2247\/revisions\/2445"}],"wp:attachment":[{"href":"https:\/\/screamyell.com.br\/site\/wp-json\/wp\/v2\/media?parent=2247"}],"wp:term":[{"taxonomy":"category","embeddable":true,"href":"https:\/\/screamyell.com.br\/site\/wp-json\/wp\/v2\/categories?post=2247"},{"taxonomy":"post_tag","embeddable":true,"href":"https:\/\/screamyell.com.br\/site\/wp-json\/wp\/v2\/tags?post=2247"}],"curies":[{"name":"wp","href":"https:\/\/api.w.org\/{rel}","templated":true}]}}