{"id":20886,"date":"2013-10-23T09:04:05","date_gmt":"2013-10-23T11:04:05","guid":{"rendered":"https:\/\/screamyell.com.br\/site\/?p=20886"},"modified":"2019-04-06T18:02:32","modified_gmt":"2019-04-06T21:02:32","slug":"selton-e-barbara-eugenia-ao-vivo","status":"publish","type":"post","link":"https:\/\/screamyell.com.br\/site\/2013\/10\/23\/selton-e-barbara-eugenia-ao-vivo\/","title":{"rendered":"Selton e Barbara Eugenia ao vivo"},"content":{"rendered":"<p style=\"text-align: center;\"><img decoding=\"async\" loading=\"lazy\" class=\"aligncenter size-full wp-image-20887\" title=\"selton1\" src=\"https:\/\/screamyell.com.br\/site\/wp-content\/uploads\/2013\/10\/selton1.jpg\" alt=\"\" width=\"605\" height=\"400\" srcset=\"https:\/\/screamyell.com.br\/site\/wp-content\/uploads\/2013\/10\/selton1.jpg 605w, https:\/\/screamyell.com.br\/site\/wp-content\/uploads\/2013\/10\/selton1-300x198.jpg 300w\" sizes=\"(max-width: 605px) 100vw, 605px\" \/><\/p>\n<p style=\"text-align: center;\"><strong>Texto e fotos por Bruno Capelas<\/strong><\/p>\n<p style=\"text-align: justify;\">Em um s\u00e1bado no qual S\u00e3o Paulo oferecia a seus habitantes uma programa\u00e7\u00e3o cultural com op\u00e7\u00f5es t\u00e3o d\u00edspares como Criolo, Vanguart, Team Ghost, Limp Bizkit e a 37\u00aa Mostra Internacional de Cinema da cidade, o Beco 203, na Rua Augusta, foi palco para shows baseados em dois belos discos lan\u00e7ados no Brasil em 2013. Aos \u00edtalo-brasileiros do Selton coube o trabalho de iniciar a noite mostrando o repert\u00f3rio do \u00e1lbum &#8220;Saudade&#8221;, enquanto, logo depois, a cantora carioca B\u00e1rbara Eug\u00eania abriria o cora\u00e7\u00e3o ao revelar as m\u00fasicas de &#8220;\u00c9 o Que Temos&#8221;, seu segundo disco.<\/p>\n<p style=\"text-align: center;\"><img decoding=\"async\" loading=\"lazy\" class=\"aligncenter size-full wp-image-20888\" title=\"selton2\" src=\"https:\/\/screamyell.com.br\/site\/wp-content\/uploads\/2013\/10\/selton2.jpg\" alt=\"\" width=\"605\" height=\"400\" srcset=\"https:\/\/screamyell.com.br\/site\/wp-content\/uploads\/2013\/10\/selton2.jpg 605w, https:\/\/screamyell.com.br\/site\/wp-content\/uploads\/2013\/10\/selton2-300x198.jpg 300w\" sizes=\"(max-width: 605px) 100vw, 605px\" \/><\/p>\n<p style=\"text-align: justify;\">Entrando no palco com mais de uma hora de atraso (perto das 21h30, quando o evento anunciava a presen\u00e7a da banda \u00e0s 20h), a Selton fez um show pop sem ser vulgar para ningu\u00e9m botar defeito, pronto para iniciar um burburinho capaz de tornar a banda grande tamb\u00e9m no Brasil. Sim, tamb\u00e9m: formada em 2006 por quatro amigos ga\u00fachos que faziam interc\u00e2mbio em Barcelona, o grupo hoje faz bastante sucesso na It\u00e1lia, para onde se mudou logo ap\u00f3s uma temporada curta fazendo covers de Beatles no Parque Guell (um dos lugares mais bonitos da capital catal\u00e3, projetado por Gaud\u00ed) em troca de algumas moedas.<\/p>\n<p style=\"text-align: center;\"><img decoding=\"async\" loading=\"lazy\" class=\"aligncenter size-full wp-image-20889\" title=\"selton3\" src=\"https:\/\/screamyell.com.br\/site\/wp-content\/uploads\/2013\/10\/selton3.jpg\" alt=\"\" width=\"605\" height=\"400\" srcset=\"https:\/\/screamyell.com.br\/site\/wp-content\/uploads\/2013\/10\/selton3.jpg 605w, https:\/\/screamyell.com.br\/site\/wp-content\/uploads\/2013\/10\/selton3-300x198.jpg 300w\" sizes=\"(max-width: 605px) 100vw, 605px\" \/><\/p>\n<p style=\"text-align: justify;\">Na terra de Eros Ramazotti e Andrea Bocelli, Ramiro (vocal, guitarra e ukelele), Eduardo (baixo e voz), Ricardo (voz, teclado e guitarra) e Daniel (bateria e voz) cantam em ingl\u00eas e italiano, mas em &#8220;Saudade&#8221;, lan\u00e7ado no meio do ano, eles voltaram ao idioma p\u00e1trio, em um belo resultado tril\u00edngue, que pode ser visto e ouvido no Beco. Em menos de uma hora, a banda pegou o p\u00fablico pela m\u00e3o, o tirou pra dan\u00e7ar e despertou sorrisos com expedientes simples, como refr\u00f5es f\u00e1ceis (&#8220;<a href=\"http:\/\/www.youtube.com\/watch?v=JVx9NJYtNmY\" target=\"_blank\" rel=\"noopener noreferrer\">Across the Sea<\/a>&#8220;, &#8220;<a href=\"http:\/\/www.youtube.com\/watch?v=CueJ534biUo\" target=\"_blank\" rel=\"noopener noreferrer\">Ghost Song<\/a>&#8220;) e conversas curtas, mas que s\u00e3o bastante eficazes em uma cena cada vez mais marcada pela timidez e pela dist\u00e2ncia entre artista e plateia.<\/p>\n<p style=\"text-align: center;\"><img decoding=\"async\" loading=\"lazy\" class=\"aligncenter size-full wp-image-20890\" title=\"selton4\" src=\"https:\/\/screamyell.com.br\/site\/wp-content\/uploads\/2013\/10\/selton4.jpg\" alt=\"\" width=\"605\" height=\"756\" srcset=\"https:\/\/screamyell.com.br\/site\/wp-content\/uploads\/2013\/10\/selton4.jpg 605w, https:\/\/screamyell.com.br\/site\/wp-content\/uploads\/2013\/10\/selton4-240x300.jpg 240w\" sizes=\"(max-width: 605px) 100vw, 605px\" \/><\/p>\n<p style=\"text-align: justify;\">A coes\u00e3o da banda \u00e9 t\u00e3o impressionante que, nos dois momentos em que convidados subiram ao palco, algo pareceu se perder naquela energia. Alexandre Kumpinski e Felipe Zancanaro, da Apanhador S\u00f3, dividiram com a banda a sua &#8220;N\u00e3o Se Precipite&#8221;, que, apesar da adi\u00e7\u00e3o do coro da Selton, gerou uma sensa\u00e7\u00e3o de anti-cl\u00edmax no local. B\u00e1rbara Eug\u00eania, por sua vez, fez um dueto dan\u00e7ante e cheio de dengo com Ramiro em &#8220;Baby&#8221;, de Devendra Banhart, n\u00e3o exatamente inspirado, mas ainda assim interessante.<\/p>\n<p style=\"text-align: center;\"><img decoding=\"async\" loading=\"lazy\" class=\"aligncenter size-full wp-image-20891\" title=\"selton6\" src=\"https:\/\/screamyell.com.br\/site\/wp-content\/uploads\/2013\/10\/selton6.jpg\" alt=\"\" width=\"605\" height=\"336\" srcset=\"https:\/\/screamyell.com.br\/site\/wp-content\/uploads\/2013\/10\/selton6.jpg 605w, https:\/\/screamyell.com.br\/site\/wp-content\/uploads\/2013\/10\/selton6-300x166.jpg 300w\" sizes=\"(max-width: 605px) 100vw, 605px\" \/><\/p>\n<p style=\"text-align: justify;\">Dona de refer\u00eancias espertas, como se comprova na cover marota de &#8220;Qui Nem Gil\u00f3&#8221;, de Luiz Gonzaga ou nas belas harmonias vocais que remetem tanto \u00e0 era do r\u00e1dio da MPB como aos Beach Boys e aos Dirty Projectors (&#8220;Vado Via&#8221;, em italiano e portugu\u00eas, parece retirada do repert\u00f3rio da \u00faltima), mas sem deixar de soar autoral, o Selton conquistou um lugar no cora\u00e7\u00e3o do p\u00fablico e na lista dos melhores shows do ano com folga, daqueles que a gente j\u00e1 sente saudade meia hora depois de acabar.<\/p>\n<p style=\"text-align: justify;\"><a href=\"https:\/\/screamyell.com.br\/site\/wp-content\/uploads\/2013\/10\/barbara3.jpg\"><img decoding=\"async\" class=\"aligncenter size-full wp-image-20892\" title=\"barbara3\" src=\"https:\/\/screamyell.com.br\/site\/wp-content\/uploads\/2013\/10\/barbara3.jpg\" alt=\"\" \/><\/a><\/p>\n<p style=\"text-align: justify;\">Na sequ\u00eancia, B\u00e1rbara Eug\u00eania teve trabalho para fazer engatar sua apresenta\u00e7\u00e3o ap\u00f3s a festa do Selton. Tamb\u00e9m, pudera: o clima da cantora \u00e9 distante da farra dos ga\u00fachos, mais pr\u00f3ximo do blues, da can\u00e7\u00e3o de cabar\u00e9 e da m\u00fasica rom\u00e2ntica brasileira (leia-se: brega), e talvez se encaixasse melhor em um teatro que em uma casa noturna. Afinal, n\u00e3o foram raros os momentos em que se podia ouvir o p\u00fablico conversando durante o show.<\/p>\n<p style=\"text-align: center;\"><img decoding=\"async\" loading=\"lazy\" class=\"aligncenter size-full wp-image-20893\" title=\"barbara4\" src=\"https:\/\/screamyell.com.br\/site\/wp-content\/uploads\/2013\/10\/barbara4.jpg\" alt=\"\" width=\"605\" height=\"400\" srcset=\"https:\/\/screamyell.com.br\/site\/wp-content\/uploads\/2013\/10\/barbara4.jpg 605w, https:\/\/screamyell.com.br\/site\/wp-content\/uploads\/2013\/10\/barbara4-300x198.jpg 300w\" sizes=\"(max-width: 605px) 100vw, 605px\" \/><\/p>\n<p style=\"text-align: justify;\">Aos poucos, e apesar dos gritos de &#8220;linda!&#8221; vindos da plateia, que a deixavam mais t\u00edmida, B\u00e1rbara soube virar o jogo, com especial ajuda de sua banda, encabe\u00e7ada por Astronauta Pinguim (teclados) e Jesus Sanchez (do Los Pirata, no baixo). Isso para n\u00e3o falar no guitarrista Guri Assis Brasil, homem forte da P\u00fablica <a href=\"http:\/\/www.guriassisbrasil.com.br\/\" target=\"_blank\" rel=\"noopener noreferrer\">que recentemente lan\u00e7ou \u00e1lbum solo<\/a> e n\u00e3o se intimidou em ocupar um lugar que, em disco, \u00e9 de ningu\u00e9m menos que Edgard Scandurra. A participa\u00e7\u00e3o em palco de Guri come\u00e7ou discreta, mas nas quatro can\u00e7\u00f5es finais, n\u00e3o por coincid\u00eancia tamb\u00e9m as melhores de &#8220;\u00c9 o Que Temos&#8221; (&#8220;Jusqu&#8217; \u00e0 la mort&#8221;, &#8220;Ugabuga Feelings&#8221;, &#8220;Porque Brigamos&#8221;, esta uma vers\u00e3o de \u201cI Am&#8230; I Said\u201d recuperada do repert\u00f3rio da ex-mulher de Odair Jos\u00e9, Diana, e &#8220;You Wish, You Get It&#8221;), seus solos fizeram a diferen\u00e7a, transformando em fogo o que eram as fa\u00edscas propostas por B\u00e1rbara Eug\u00eania.<\/p>\n<p style=\"text-align: justify;\"><img decoding=\"async\" class=\"aligncenter size-full wp-image-20894\" title=\"guri\" src=\"https:\/\/screamyell.com.br\/site\/wp-content\/uploads\/2013\/10\/guri.jpg\" alt=\"\" \/><\/p>\n<p style=\"text-align: justify;\">N\u00e3o que B\u00e1rbara n\u00e3o tenha brilhado sozinha: sua interpreta\u00e7\u00e3o para &#8220;Eu Desatino&#8221;, de \u00c2ngela R\u00f4 R\u00f4, \u00e9 algo intenso, e mostra um caminho interessante a ser seguido. Entre a for\u00e7a e a fragilidade, entre o amor rom\u00e2ntico e a liberalidade, a cantora \u00e9 uma persona em palco, mas precisa se soltar um bocado mais, como fez ao revisitar a can\u00e7\u00e3o de uma das melhores blues women que o Brasil j\u00e1 teve. Seja como for, \u00e9 um belo come\u00e7o.<\/p>\n<p style=\"text-align: justify;\"><img decoding=\"async\" class=\"aligncenter size-full wp-image-20895\" title=\"barbara1\" src=\"https:\/\/screamyell.com.br\/site\/wp-content\/uploads\/2013\/10\/barbara1.jpg\" alt=\"\" \/><\/p>\n<p style=\"text-align: justify;\">No momento em que cavalos, camelos e outros bichos tomam conta dos holofotes da nova m\u00fasica brasileira, a noite do \u00faltimo s\u00e1bado no Beco 203 revelou que \u00e9 poss\u00edvel arejar o pop nacional sem seguir a cartilha p\u00f3s-herm\u00e2nica. Selton e B\u00e1rbara Eug\u00eania nasceram no meio de um monte de gente, mas s\u00e3o parte do melhor que temos hoje em dia. A gente agradece.<\/p>\n<p style=\"text-align: center;\"><img decoding=\"async\" loading=\"lazy\" class=\"aligncenter size-full wp-image-20896\" title=\"barbaras3\" src=\"https:\/\/screamyell.com.br\/site\/wp-content\/uploads\/2013\/10\/barbaras3.jpg\" alt=\"\" width=\"605\" height=\"484\" srcset=\"https:\/\/screamyell.com.br\/site\/wp-content\/uploads\/2013\/10\/barbaras3.jpg 605w, https:\/\/screamyell.com.br\/site\/wp-content\/uploads\/2013\/10\/barbaras3-300x240.jpg 300w\" sizes=\"(max-width: 605px) 100vw, 605px\" \/><\/p>\n<p>&#8211; <span> Bruno Capelas (<\/span><a href=\"https:\/\/twitter.com\/#%21\/noacapelas\" target=\"_blank\" rel=\"noopener noreferrer\">@noacapelas<\/a><span>) \u00e9 jornalista, escreve para o Scream &amp; Yell desde 2010 e assina o blog <\/span><a href=\"http:\/\/pergunteaopop.blogspot.com.br\/\" target=\"_blank\" rel=\"noopener noreferrer\">Pergunte ao Pop<\/a>.<\/p>\n<p><strong>Leia tamb\u00e9m:<\/strong><br \/>\n&#8211; &#8220;Saudade&#8221;, do Selton, \u00e9 um dos grandes discos nacionais de 2013 (<a href=\"https:\/\/screamyell.com.br\/site\/2013\/08\/03\/andre-mendes-chimpanzes-selton\/\">aqui<\/a>)<br \/>\n&#8211; Show: Vanguart lan\u00e7a &#8220;Muito Mais Que o Amor&#8221; um degrau acima da concorr\u00eancia (<a href=\"https:\/\/screamyell.com.br\/site\/2013\/10\/22\/vanguart-ao-vivo-em-sao-paulo\/\">aqui<\/a>)<br \/>\n&#8211; Show: Fernanda Takai e Graveola promovem noite mineira em S\u00e3o Paulo (<a href=\"https:\/\/screamyell.com.br\/site\/2013\/10\/14\/uma-noite-mineira-em-sao-paulo\/\">aqui<\/a>)<br \/>\n&#8211; Show: Apanhador S\u00f3 amplifica ao vivo um dos melhores discos de 2013 (<a href=\"https:\/\/screamyell.com.br\/site\/2013\/08\/31\/apanhador-so-ao-vivo-em-sao\/\">aqui<\/a>)<br \/>\n&#8211; Show: M\u00f3veis Coloniais de Acaju refor\u00e7a per\u00edodo de mudan\u00e7as (<a href=\"https:\/\/screamyell.com.br\/site\/2013\/08\/22\/moveis-coloniais-de-acaju-em-sp\/\">aqui<\/a>)<br \/>\n&#8211; Show: Wado lan\u00e7a \u201cVazio Tropical\u201d com Camelo, C\u00edcero, Momo e Faf\u00e1 (<a href=\"https:\/\/screamyell.com.br\/site\/2013\/07\/22\/wado-lanca-vazio-tropical-em-sp\/\" target=\"_self\" rel=\"noopener noreferrer\">aqui<\/a>)<\/p>\n","protected":false},"excerpt":{"rendered":"por Bruno Capelas\nSelton e Barbara Eugenia provam, ao vivo, que \u00e9 poss\u00edvel arejar o pop nacional sem seguir a cartilha p\u00f3s-herm\u00e2nica\n<a class=\"moretag\" href=\"https:\/\/screamyell.com.br\/site\/2013\/10\/23\/selton-e-barbara-eugenia-ao-vivo\/\"> [...]<\/a>","protected":false},"author":14,"featured_media":0,"comment_status":"open","ping_status":"open","sticky":false,"template":"","format":"standard","meta":[],"categories":[3],"tags":[260,122,29],"_links":{"self":[{"href":"https:\/\/screamyell.com.br\/site\/wp-json\/wp\/v2\/posts\/20886"}],"collection":[{"href":"https:\/\/screamyell.com.br\/site\/wp-json\/wp\/v2\/posts"}],"about":[{"href":"https:\/\/screamyell.com.br\/site\/wp-json\/wp\/v2\/types\/post"}],"author":[{"embeddable":true,"href":"https:\/\/screamyell.com.br\/site\/wp-json\/wp\/v2\/users\/14"}],"replies":[{"embeddable":true,"href":"https:\/\/screamyell.com.br\/site\/wp-json\/wp\/v2\/comments?post=20886"}],"version-history":[{"count":3,"href":"https:\/\/screamyell.com.br\/site\/wp-json\/wp\/v2\/posts\/20886\/revisions"}],"predecessor-version":[{"id":51066,"href":"https:\/\/screamyell.com.br\/site\/wp-json\/wp\/v2\/posts\/20886\/revisions\/51066"}],"wp:attachment":[{"href":"https:\/\/screamyell.com.br\/site\/wp-json\/wp\/v2\/media?parent=20886"}],"wp:term":[{"taxonomy":"category","embeddable":true,"href":"https:\/\/screamyell.com.br\/site\/wp-json\/wp\/v2\/categories?post=20886"},{"taxonomy":"post_tag","embeddable":true,"href":"https:\/\/screamyell.com.br\/site\/wp-json\/wp\/v2\/tags?post=20886"}],"curies":[{"name":"wp","href":"https:\/\/api.w.org\/{rel}","templated":true}]}}