{"id":19169,"date":"2013-07-31T14:58:35","date_gmt":"2013-07-31T17:58:35","guid":{"rendered":"https:\/\/screamyell.com.br\/site\/?p=19169"},"modified":"2026-02-20T23:20:31","modified_gmt":"2026-02-21T02:20:31","slug":"tres-perguntas-pedro-verissimo","status":"publish","type":"post","link":"https:\/\/screamyell.com.br\/site\/2013\/07\/31\/tres-perguntas-pedro-verissimo\/","title":{"rendered":"Tr\u00eas perguntas: Pedro Ver\u00edssimo"},"content":{"rendered":"<p style=\"text-align: center;\"><img decoding=\"async\" class=\"aligncenter size-full wp-image-19158\" title=\"pedro1\" src=\"https:\/\/screamyell.com.br\/site\/wp-content\/uploads\/2013\/07\/pedro1.jpg\" alt=\"\"><\/p>\n<p style=\"text-align: center;\"><strong>por Marcelo Costa<\/strong><\/p>\n<p style=\"text-align: justify;\">Ap\u00f3s um EP e dois \u00f3timos \u00e1lbuns com a Tom Bloch (\u201cDemo Deluxe\u201d, 2000, \u201cTom Bloch\u201d, 2002 e \u201c2\u201d, de 2008), o letrista e vocalista Pedro Verissimo decidiu sair em carreira solo. \u201cEsbo\u00e7os\u201d, seu primeiro disco, foi disponibilizado, uma m\u00fasica por m\u00eas, no ano passado, em um projeto que ainda buscava intera\u00e7\u00e3o com o p\u00fablico, com internautas respondendo aos singles postados a cada m\u00eas com imagens de cria\u00e7\u00e3o livre inspiradas pelas can\u00e7\u00f5es.<\/p>\n<p style=\"text-align: justify;\">\u201cAl\u00e9m da bela galeria de desenhos, fotos e afins que ficou no site por um tempo, o projeto gerou essa cole\u00e7\u00e3o de m\u00fasicas que gostei e com as quais passei um tempo sem saber o que fazer\u201d, conta Pedro, que optou, agora, por liberar \u201cEsbo\u00e7os\u201d gratuitamente. \u201cUm clic s\u00f3 e baixa o \u00e1lbum todo \u2013 na ordem, com ficha t\u00e9cnica capinha pra imprimir e tudo o mais\u201d, explica o compositor, que avisa na conversa abaixo que a Tom Bloch nunca acabou.<\/p>\n<p style=\"text-align: justify;\">\u201cQuero logo come\u00e7ar a gravar o pr\u00f3ximo solo e ao mesmo tempo j\u00e1 comecei a planejar a pr\u00f3xima investida da banda &#8211; porque a Tom Bloch nunca acabou, como muita gente pensa\u201d, avisa o m\u00fasico. \u201cEsbo\u00e7os\u201d destaca can\u00e7\u00f5es como &#8220;Eu Sempre Digo Adeus&#8221;, &#8220;Fantasia Triste&#8221; e &#8220;Daqui Pra Frente&#8221; e pode ser baixado gratuitamente no site <a href=\"http:\/\/www.pedroverissimo.com.br\/\" target=\"_blank\" rel=\"noopener\">www.pedroverissimo.com.br<\/a>. Abaixo, tr\u00eas perguntas para Pedro Ver\u00edssimo.<\/p>\n<p style=\"text-align: justify;\"><img decoding=\"async\" class=\"aligncenter size-full wp-image-19161\" title=\"esbocos\" src=\"https:\/\/screamyell.com.br\/site\/wp-content\/uploads\/2013\/07\/esbocos.jpg\" alt=\"\"><\/p>\n<p style=\"text-align: justify;\"><strong>Voc\u00ea est\u00e1 disponibilizando o projeto &#8220;Esbo\u00e7os&#8221;. Por que a op\u00e7\u00e3o pelo download gratuito?<\/strong><br \/>\nO \u00e1lbum \u00e9 a parte musical de um projeto interativo que teve patroc\u00ednio da Petrobr\u00e1s Cultural &#8211; ou seja, foi todo pago por meio da Lei Rouanet &#8211; ent\u00e3o n\u00e3o me senti confort\u00e1vel de colocar pra vender, fosse atrav\u00e9s de um selo ou por meios pr\u00f3prios. Al\u00e9m do que, venda de CD (ou mesmo de \u00e1lbum digital) \u00e9 t\u00e3o pequena hoje em dia que acaba virando um limitador. N\u00e3o vejo &#8211; nesse momento, ao menos &#8211; muito sentido. Meu maior interesse \u00e9 que o \u00e1lbum chegue ao maior n\u00famero de pessoas da forma mais simples e direta poss\u00edvel: um clic e \u00e9 seu. Que circule, que passem adiante sem barreira e sem culpa. E que fiquem curiosas pra ver ao vivo.<\/p>\n<p style=\"text-align: justify;\"><strong>O que &#8220;Esbo\u00e7os&#8221; representa para voc\u00ea?<\/strong><br \/>\nTem um pouco de autodescoberta, por mais piegas que isso possa soar. Foram as primeiras can\u00e7\u00f5es que escrevi pra mim e n\u00e3o pra Tom Bloch ou pra outros artistas &#8211; como a Erika Martins ou Nico Nicolaiewsky, por exemplo &#8211; ent\u00e3o eu mesmo estava curioso pra saber que caminho tomariam. E acho que o nome diz muito. Mas n\u00e3o s\u00e3o esbo\u00e7os no sentido de inacabadas ou mal-acabadas. Mais como estudos, como parte de um processo que ainda est\u00e1 levando a algum lugar.<\/p>\n<p style=\"text-align: justify;\">Tom Bloch j\u00e1 nasceu com um conceito muito definido, uma proposta de misturar eletr\u00f4nica com poprock, de usar o que o est\u00fadio podia oferecer. Tinha uma vontade ali de ser contempor\u00e2neo, de ser de agora (aquele agora da \u00e9poca). Ou seja, j\u00e1 come\u00e7amos sabendo mais ou menos o que iriamos\/quer\u00edamos fazer.<\/p>\n<p style=\"text-align: justify;\">E esse meu trabalho n\u00e3o, foi tomando forma enquanto era feito, aos poucos. E foi exatamente na maneira de fazer que a diferen\u00e7a apareceu mais. Acho ir\u00f4nico que a Tom Bloch era uma banda sem a menor preocupa\u00e7\u00e3o de soar como banda, enquanto esse \u00e9 um trabalho solo que n\u00e3o s\u00f3 soa como se originou de um trabalho de banda mesmo. Foi nos ensaios, tocando com o Fernando Aranha, o Marcello Cals, o Lancaster Pinto e depois o Claudio Alves, que as m\u00fasicas foram sendo feitas. E o som \u00e9 o mesmo que se ouve ao vivo.<\/p>\n<p style=\"text-align: justify;\">N\u00e3o tem nada no \u00e1lbum que n\u00e3o seja guitarra, bateria e baixo ac\u00fastico. Tudo muito org\u00e2nico e real. De extra ali, s\u00f3 um vibrafone que aparece em duas faixas e umas ambi\u00eancias que o JR Tostoi (produtor do \u00e1lbum) colocou na mixagem. Apesar da tem\u00e1tica n\u00e3o mudar muito, a sonoridade \u00e9 bem oposta ao que eu j\u00e1 tinha feito antes.<\/p>\n<p style=\"text-align: justify;\"><strong>Esse disco encerra uma fase, certo? O que podemos esperar de Pedro Ver\u00edssimo daqui pra frente?<\/strong><br \/>\nEncerra ou inicia, ainda n\u00e3o sei bem. Talvez os dois. O certo \u00e9 que deixou mais separado na minha cabe\u00e7a o que \u00e9 Tom Bloch e o que sou eu, artisticamente falando. Tanto que quero logo come\u00e7ar a gravar o pr\u00f3ximo solo e ao mesmo tempo j\u00e1 comecei a planejar a pr\u00f3xima investida da banda &#8211; porque a Tom Bloch nunca acabou, como muita gente pensa. Pode estar ligada a aparelhos nesse momento, mas o pulso segue. Daqui a pouco acorda. E ter dupla personalidade n\u00e3o \u00e9 necessariamente uma coisa ruim.<\/p>\n<p><iframe loading=\"lazy\" title=\"Pedro Ver\u00edssimo - Eu Sempre Digo Adeus\" width=\"747\" height=\"560\" src=\"https:\/\/www.youtube.com\/embed\/vbu5bMHwkxo?feature=oembed\" frameborder=\"0\" allow=\"accelerometer; autoplay; clipboard-write; encrypted-media; gyroscope; picture-in-picture; web-share\" referrerpolicy=\"strict-origin-when-cross-origin\" allowfullscreen><\/iframe><\/p>\n<p><iframe loading=\"lazy\" title=\"paralisa - pedro verissimo\" width=\"747\" height=\"420\" src=\"https:\/\/www.youtube.com\/embed\/lxKBvpsFGM4?feature=oembed\" frameborder=\"0\" allow=\"accelerometer; autoplay; clipboard-write; encrypted-media; gyroscope; picture-in-picture; web-share\" referrerpolicy=\"strict-origin-when-cross-origin\" allowfullscreen><\/iframe><\/p>\n<p style=\"text-align: justify;\">&#8211; Marcelo Costa (<a href=\"https:\/\/twitter.com\/screamyell\" target=\"_blank\" rel=\"noopener\">@screamyell<\/a>) \u00e9 editor do Scream &amp; Yell e assina a <a href=\"https:\/\/screamyell.com.br\/blog\/\" target=\"_blank\" rel=\"noopener\">Calmantes com Champagne<\/a><\/p>\n<p style=\"text-align: justify;\"><strong>Leia tamb\u00e9m:<\/strong><br \/>\n&#8211; \u201c2&#8243;, da Tom Bloch, \u00e9 daqueles discos sensacionais, por Marcelo Costa (<a href=\"https:\/\/screamyell.com.br\/blog\/2008\/02\/27\/o-segundo-album-da-tom-bloch\/\" target=\"_self\" rel=\"noopener\">aqui<\/a>)<br \/>\n&#8211; Entrevista: Iuri Freiberger -&gt; &#8220;A qualquer hora resolvemos fazer um disco&#8221; (<a href=\"https:\/\/screamyell.com.br\/site\/2010\/08\/11\/entrevista-iuri-freiberger\/\">aqui<\/a>)<\/p>\n","protected":false},"excerpt":{"rendered":"por Marcelo Costa\n&#8220;Quero logo come\u00e7ar a gravar o pr\u00f3ximo solo e ao mesmo tempo j\u00e1 comecei a planejar a pr\u00f3xima investida da Tom Bloch&#8221;\n<a class=\"moretag\" href=\"https:\/\/screamyell.com.br\/site\/2013\/07\/31\/tres-perguntas-pedro-verissimo\/\"> [...]<\/a>","protected":false},"author":2,"featured_media":0,"comment_status":"open","ping_status":"open","sticky":false,"template":"","format":"standard","meta":[],"categories":[3],"tags":[52],"_links":{"self":[{"href":"https:\/\/screamyell.com.br\/site\/wp-json\/wp\/v2\/posts\/19169"}],"collection":[{"href":"https:\/\/screamyell.com.br\/site\/wp-json\/wp\/v2\/posts"}],"about":[{"href":"https:\/\/screamyell.com.br\/site\/wp-json\/wp\/v2\/types\/post"}],"author":[{"embeddable":true,"href":"https:\/\/screamyell.com.br\/site\/wp-json\/wp\/v2\/users\/2"}],"replies":[{"embeddable":true,"href":"https:\/\/screamyell.com.br\/site\/wp-json\/wp\/v2\/comments?post=19169"}],"version-history":[{"count":5,"href":"https:\/\/screamyell.com.br\/site\/wp-json\/wp\/v2\/posts\/19169\/revisions"}],"predecessor-version":[{"id":94390,"href":"https:\/\/screamyell.com.br\/site\/wp-json\/wp\/v2\/posts\/19169\/revisions\/94390"}],"wp:attachment":[{"href":"https:\/\/screamyell.com.br\/site\/wp-json\/wp\/v2\/media?parent=19169"}],"wp:term":[{"taxonomy":"category","embeddable":true,"href":"https:\/\/screamyell.com.br\/site\/wp-json\/wp\/v2\/categories?post=19169"},{"taxonomy":"post_tag","embeddable":true,"href":"https:\/\/screamyell.com.br\/site\/wp-json\/wp\/v2\/tags?post=19169"}],"curies":[{"name":"wp","href":"https:\/\/api.w.org\/{rel}","templated":true}]}}