{"id":18278,"date":"2013-04-10T13:45:46","date_gmt":"2013-04-10T16:45:46","guid":{"rendered":"https:\/\/screamyell.com.br\/site\/?p=18278"},"modified":"2020-11-09T00:05:19","modified_gmt":"2020-11-09T03:05:19","slug":"auto-entrevista-leonardo-vinhas","status":"publish","type":"post","link":"https:\/\/screamyell.com.br\/site\/2013\/04\/10\/auto-entrevista-leonardo-vinhas\/","title":{"rendered":"Auto entrevista: Leonardo Vinhas"},"content":{"rendered":"<p style=\"text-align: center;\"><img decoding=\"async\" loading=\"lazy\" class=\"aligncenter size-full wp-image-18797\" title=\"vinhas2\" src=\"https:\/\/screamyell.com.br\/site\/wp-content\/uploads\/2013\/04\/vinhas2.jpg\" alt=\"\" width=\"466\" height=\"720\" \/><\/p>\n<p style=\"text-align: justify;\">N\u00e3o me lembro h\u00e1 quanto tempo conhe\u00e7o Leonardo Vinhas. Mor\u00e1vamos na mesma cidade, Taubat\u00e9, que ele visita com mais regularidade que eu, e nos esbarramos quando o Scream &amp; Yell j\u00e1 era um fanzine de papel, e eu vivia metido no cen\u00e1rio underground do Vale do Para\u00edba procurando conhecer bandas novas. A vontade de sacudir as outras pessoas atrav\u00e9s de textos nos aproximou e ele participou ativamente dos anos iniciais. L\u00e1 se v\u00e3o uns 15 anos, e muita \u00e1gua passou por debaixo dessa ponte.<\/p>\n<p style=\"text-align: justify;\">Leonardo Vinhas \u00e9 uma pessoa de personalidade forte, que fala apaixonadamente e sem papas na l\u00edngua. Em \u201cO Estuprador Deprimido e Outras Pessoas Comuns\u201d, seu primeiro livro de contos (ele j\u00e1 lan\u00e7ado um livro de poesias em 2000, \u201cAs P\u00e9rolas Que Enriquecem os Porcos\u201d), ele faz o favor de colocar para fora alguns pensamentos que eu, voc\u00ea, o rapaz que guarda carros na esquina e mesmo alguns milion\u00e1rios guardamos no fundo do nosso \u00e2mago, mas n\u00e3o temos coragem de admitir e\/ou enfrentar. Como define de forma perfeita o poeta Amarildo Anzolin na contracapa, \u201cVoc\u00ea para de ler. E continua sangrando\u201d.<\/p>\n<p style=\"text-align: justify;\">Lan\u00e7ado em 2012 pela Editora Multifoco, \u201cO Estuprador Deprimido e Outras Pessoas Comuns\u201d pode ser encontrado em boas livrarias, ou mesmo adquirido diretamente com o autor (R$ 31,00, frete inclu\u00eddo ou R$ 25,00, direto com Leonardo no leonardo.vinhas@gmail.com). <\/p>\n<p style=\"text-align: center;\"><img decoding=\"async\" loading=\"lazy\" class=\"aligncenter size-full wp-image-18798\" title=\"vinhas21\" src=\"https:\/\/screamyell.com.br\/site\/wp-content\/uploads\/2013\/04\/vinhas21.jpg\" alt=\"\" width=\"605\" height=\"412\" \/><\/p>\n<p><strong>O jornalista Leonardo Vinhas entrevista o escritor Leonardo Vinhas<\/strong><\/p>\n<p style=\"text-align: justify;\"><strong>De onde sa\u00edram as inspira\u00e7\u00f5es para os personagens e as hist\u00f3rias?<\/strong><br \/>\nDas pessoas comuns. Da\u00ed o t\u00edtulo do livro. Ao nosso lado no metr\u00f4, no apartamento de frente, na fam\u00edlia \u2013 em qualquer lugar h\u00e1 pessoas com algo que \u201cdesvia da norma\u201d em seu \u00edntimo. Na verdade, gosto de pensar que todo mundo tem esse aspecto. O que fa\u00e7o no livro e olhar para algumas dessas pessoas e tirar o que penso ser a hist\u00f3ria delas, mesmo se, para isso, me baseio apenas num trecho de uma frase entreouvido na fila do banco.<\/p>\n<p style=\"text-align: justify;\"><strong>Voc\u00ea vivenciou ou testemunhou algumas dessas hist\u00f3rias?<\/strong><br \/>\nSim. Todas, de uma forma ou de outra. O que n\u00e3o quer dizer que elas tenham acontecido de fato<\/p>\n<p style=\"text-align: justify;\"><strong>O que voc\u00ea espera ganhar com o livro? N\u00e3o d\u00e1 para imaginar um t\u00edtulo como \u201cO Estuprador Deprimido\u201d virando literatura obrigat\u00f3ria nas escolas&#8230;<\/strong><br \/>\nEu adoraria ganhar fama, royalties que rendessem a vida toda e acesso a sexo f\u00e1cil e sem repercuss\u00f5es s\u00e9rias. Mas como isso n\u00e3o vai acontecer, entendo que o livro atende a outros objetivos. O primeiro \u00e9 fechar um ciclo, publicando o que vinha escrevendo h\u00e1 anos e podendo enfim me ver livre para tentar outras coisas. Assim, posso tirar esses contos de dentro de mim e torn\u00e1-los do leitor (mas ainda me reservo os direitos autorais). O terceiro \u00e9 vaidade. O quarto, e talvez mais importante, \u00e9 outra necessidade: a de n\u00e3o me acomodar, de me dedicar a algo que realmente importa para mim. Agora, porque importa&#8230; j\u00e1 n\u00e3o sei bem.<\/p>\n<p style=\"text-align: justify;\"><strong>Voc\u00ea, como jornalista, resenha discos, filmes, quadrinhos. E livros. Est\u00e1 pronto para ler cr\u00edticas sobre o seu?<\/strong><br \/>\nSe n\u00e3o estivesse, n\u00e3o poderia t\u00ea-lo lan\u00e7ado. Se nego faz uma obra art\u00edstica, quer que ela seja vista. E avaliada, para o bem ou para o mal.<\/p>\n<p style=\"text-align: justify;\"><strong>Se voc\u00ea n\u00e3o tivesse nenhum pudor, mod\u00e9stia ou ego, o que voc\u00ea diria sobre seu pr\u00f3prio livro?<\/strong><br \/>\nQue ele deve ser comprado. Mas ok, pode pegar emprestado do amigo pra ler.<\/p>\n<p style=\"text-align: justify;\"><strong>Quem \u00e9 seu p\u00fablico?<\/strong><br \/>\nQuem quiser ler. Quem se interessa por gente, e ao mesmo tempo sabe que gente \u00e9 bicho, s\u00f3 \u00e9 um pouquinho mais complicado que esses bichos que os veterin\u00e1rios estudam. Espero que n\u00e3o sejam malucos que vejam no livro \u201crevela\u00e7\u00f5es pessoais\u201d \u2013 como uma doida que pirou num poema do meu primeiro livro, &#8220;As P\u00e9rolas que Enriquecem os Porcos&#8221;.<\/p>\n<p style=\"text-align: justify;\"><object classid=\"clsid:d27cdb6e-ae6d-11cf-96b8-444553540000\" width=\"600\" height=\"340\" codebase=\"http:\/\/download.macromedia.com\/pub\/shockwave\/cabs\/flash\/swflash.cab#version=6,0,40,0\"><param name=\"src\" value=\"http:\/\/www.youtube.com\/v\/mM3s6evYvMg\" \/><embed type=\"application\/x-shockwave-flash\" width=\"600\" height=\"340\" src=\"http:\/\/www.youtube.com\/v\/mM3s6evYvMg\"><\/embed><\/object><\/p>\n","protected":false},"excerpt":{"rendered":"por Leonardo Vinhas\nLeo Vinhas est\u00e1 lan\u00e7ando o livro &#8220;O Estuprador Deprimido e Outras Pessoas Comuns\u201d e responde algumas perguntas&#8230;\n<a class=\"moretag\" href=\"https:\/\/screamyell.com.br\/site\/2013\/04\/10\/auto-entrevista-leonardo-vinhas\/\"> [...]<\/a>","protected":false},"author":6,"featured_media":0,"comment_status":"open","ping_status":"open","sticky":false,"template":"","format":"standard","meta":[],"categories":[9],"tags":[],"_links":{"self":[{"href":"https:\/\/screamyell.com.br\/site\/wp-json\/wp\/v2\/posts\/18278"}],"collection":[{"href":"https:\/\/screamyell.com.br\/site\/wp-json\/wp\/v2\/posts"}],"about":[{"href":"https:\/\/screamyell.com.br\/site\/wp-json\/wp\/v2\/types\/post"}],"author":[{"embeddable":true,"href":"https:\/\/screamyell.com.br\/site\/wp-json\/wp\/v2\/users\/6"}],"replies":[{"embeddable":true,"href":"https:\/\/screamyell.com.br\/site\/wp-json\/wp\/v2\/comments?post=18278"}],"version-history":[{"count":3,"href":"https:\/\/screamyell.com.br\/site\/wp-json\/wp\/v2\/posts\/18278\/revisions"}],"predecessor-version":[{"id":58203,"href":"https:\/\/screamyell.com.br\/site\/wp-json\/wp\/v2\/posts\/18278\/revisions\/58203"}],"wp:attachment":[{"href":"https:\/\/screamyell.com.br\/site\/wp-json\/wp\/v2\/media?parent=18278"}],"wp:term":[{"taxonomy":"category","embeddable":true,"href":"https:\/\/screamyell.com.br\/site\/wp-json\/wp\/v2\/categories?post=18278"},{"taxonomy":"post_tag","embeddable":true,"href":"https:\/\/screamyell.com.br\/site\/wp-json\/wp\/v2\/tags?post=18278"}],"curies":[{"name":"wp","href":"https:\/\/api.w.org\/{rel}","templated":true}]}}