{"id":17947,"date":"2013-02-05T15:48:26","date_gmt":"2013-02-05T18:48:26","guid":{"rendered":"https:\/\/screamyell.com.br\/site\/?p=17947"},"modified":"2022-07-14T01:32:13","modified_gmt":"2022-07-14T04:32:13","slug":"festival-sensacional-2013","status":"publish","type":"post","link":"https:\/\/screamyell.com.br\/site\/2013\/02\/05\/festival-sensacional-2013\/","title":{"rendered":"Balan\u00e7o: Festival S.E.N.S.A.C.I.O.N.A.L. 2013 \u00e9 daqueles que deve ser admirado e copiado"},"content":{"rendered":"<p style=\"text-align: center;\"><img decoding=\"async\" loading=\"lazy\" class=\"aligncenter size-full wp-image-17948\" title=\"sensa1\" src=\"https:\/\/screamyell.com.br\/site\/wp-content\/uploads\/2013\/02\/sensa1.jpg\" alt=\"\" width=\"605\" height=\"404\" srcset=\"https:\/\/screamyell.com.br\/site\/wp-content\/uploads\/2013\/02\/sensa1.jpg 605w, https:\/\/screamyell.com.br\/site\/wp-content\/uploads\/2013\/02\/sensa1-300x200.jpg 300w\" sizes=\"(max-width: 605px) 100vw, 605px\" \/><\/p>\n<p style=\"text-align: center;\"><strong>por Marcelo Costa<\/strong><\/p>\n<p style=\"text-align: justify;\">Pouco mais de duas semanas antes do carnaval 2013, recebi um convite para conferir o pr\u00e9-carnaval de Belo Horizonte, que aconteceria (e aconteceu) no dia 02 de fevereiro, quando blocos como Banda Mole, Praia da Esta\u00e7\u00e3o e Mam\u00e1 na Vaca!, entre outros, cruzariam as ruas da capital mineira. O convite veio da produ\u00e7\u00e3o do Festival S.E.N.S.A.C.I.O.N.A.L., que naquele mesmo dia iria fechar a Savassi com dois palcos e mais de 10 atra\u00e7\u00f5es independentes, que inclu\u00eda nomes da nova cena da cidade al\u00e9m de gente do Rio, Par\u00e1, Argentina e Col\u00f4mbia em shows gratuitos.<\/p>\n<p style=\"text-align: justify;\">A primeira quest\u00e3o surgiu ainda em S\u00e3o Paulo, quando amigos ficaram surpresos n\u00e3o s\u00f3 pela exist\u00eancia de carnaval em Belo Horizonte, mas ainda mais de um pr\u00e9-carnaval. A sensa\u00e7\u00e3o \u2013 refor\u00e7ada em conversas com amigos durante o fim de semana de folia na cidade \u2013 era de que o carnaval era para os mineiros (como para muita gente no pa\u00eds) um feriado estendido em que o povo buscava destinos na serra, em Ouro Preto ou mesmo em praias distantes e deixava a cidade vazia para aqueles que n\u00e3o pudessem (por trabalho) viajar. O \u00faltimo apagava a luz.<\/p>\n<p style=\"text-align: justify;\">\u00c9 uma vis\u00e3o de forasteiro corroborada por locais, que tamb\u00e9m indicaram um <a href=\"http:\/\/variavel5.com.br\/blog\/caps-lock-carnaval\/\" target=\"_blank\" rel=\"noopener\">belo texto<\/a> de Guto Borges, da banda Dead Lover&#8217;s Twisted Heart (grande abra\u00e7o Thiago Pereira), como uma carta de inten\u00e7\u00f5es sobre a folia belo-horizontina. \u201cNa verdade, quando se diz \u2018renascimento\u2019 do carnaval de rua n\u00e3o \u00e9 bem verdade. O carnaval aqui nunca morreu\u201d, defende Guto no texto \u201cConfundir: Carnavais e Revolu\u00e7\u00f5es\u201d, que tra\u00e7a um interessante paralelo entre o poder pol\u00edtico que nos afasta da cidade e a manifesta\u00e7\u00e3o de liberdade que tenta nos aproximar a ela.<\/p>\n<p style=\"text-align: justify;\">Ainda assim, o fato que impressiona nessa manifesta\u00e7\u00e3o de liberdade \u00e9 a retomada da cidade. Nos \u00faltimos anos, a folia mineira (e, interessante, paulistana tamb\u00e9m) tem ganhado for\u00e7a, e muitos s\u00e3o os que desistem de viajar para aproveitar o carnaval (e o pr\u00e9) na pr\u00f3pria cidade. No ano passado, a 3\u00aa edi\u00e7\u00e3o do Festival S.E.N.S.A.C.I.O.N.A.L., recebeu 15 mil pessoas na Pra\u00e7a da Liberdade. Neste ano, fechando a Savassi (desde 1997, quando o Pato Fu lan\u00e7ava \u201cTelevis\u00e3o de Cachorro\u201d, o cruzamento n\u00e3o era fechado para um evento), eram esperadas 20 mil.<\/p>\n<p style=\"text-align: center;\"><img decoding=\"async\" loading=\"lazy\" class=\"aligncenter size-full wp-image-17950\" title=\"sensa3\" src=\"https:\/\/screamyell.com.br\/site\/wp-content\/uploads\/2013\/02\/sensa3.jpg\" alt=\"\" width=\"605\" height=\"404\" srcset=\"https:\/\/screamyell.com.br\/site\/wp-content\/uploads\/2013\/02\/sensa3.jpg 605w, https:\/\/screamyell.com.br\/site\/wp-content\/uploads\/2013\/02\/sensa3-300x200.jpg 300w\" sizes=\"(max-width: 605px) 100vw, 605px\" \/><\/p>\n<p style=\"text-align: justify;\">E o dia prometia muito, embora o c\u00e9u nublado previsse chuva. O p\u00fablico, desde o come\u00e7o da tarde, come\u00e7ou a tomar as ruas em torno do cruzamento da Savassi, para ver nomes como o desencanado duo 7 Estrello praticando um som que une baixo, batidas eletr\u00f4nicas e flauta; o rock de riffs fortes do Tempo Pl\u00e1stico, que remete a nomes do underground da cidade nos anos 80 como Overdose e Diverg\u00eancia Socialista, embora o vocal de Fabio Gruppi seja mais punk e sua apresenta\u00e7\u00e3o no palco mais vigorosa; ou o funk rap jazz do Zimum.<\/p>\n<p style=\"text-align: justify;\">A chuva deu o ar de sua gra\u00e7a assim que a noite caiu e veio forte. Pouco antes, mais de 15 mil pessoas circulava pela Savassi, com um grande contingente de jovens marcando presen\u00e7a para conferir e prestigiar um line-up de bandas independentes. Assim que o p\u00e9 d\u2019agua se fez, o Dona Joana, do Rio, entretia a audi\u00eancia. A grande maioria do p\u00fablico correu para os marquises protegendo-se da \u00e1gua que caia, mas muita gente levou ao p\u00e9 do letra o ditado que diz que \u201cquem t\u00e1 na chuva \u00e9 pra se molhar\u201d, e n\u00e3o arredou o p\u00e9 da frente do palco at\u00e9 o momento da chuva parar, quase duas horas depois.<\/p>\n<p style=\"text-align: center;\"><img decoding=\"async\" loading=\"lazy\" class=\"aligncenter size-full wp-image-17951\" title=\"sensa4\" src=\"https:\/\/screamyell.com.br\/site\/wp-content\/uploads\/2013\/02\/sensa4.jpg\" alt=\"\" width=\"605\" height=\"403\" srcset=\"https:\/\/screamyell.com.br\/site\/wp-content\/uploads\/2013\/02\/sensa4.jpg 605w, https:\/\/screamyell.com.br\/site\/wp-content\/uploads\/2013\/02\/sensa4-300x199.jpg 300w\" sizes=\"(max-width: 605px) 100vw, 605px\" \/><\/p>\n<p style=\"text-align: justify;\">Nesse meio tempo passaram pelo palco o elogiado Iconilli, com uma apresenta\u00e7\u00e3o intensa, o contagiante swing cigano (na <a href=\"http:\/\/cambioradio.blogspot.com.br\/2013\/02\/monseur-perne-swng-cgano_3.html\" target=\"_blank\" rel=\"noopener\">defini\u00e7\u00e3o precisa<\/a> do especialista em m\u00fasica latina Marcos Losanoff) dos colombianos da Monsieur Perin\u00e9 (meu show preferido de todo festival) e o ska competente do cada vez mais conhecido Pequena Morte, que teve suas can\u00e7\u00f5es cantadas em coro pela boa plateia presente p\u00f3s-chuva e encerrou a noitada chamando ao palco a bateria da Escola de Samba Cidade Jardim formando uma parede sonora de ska e samba.<\/p>\n<p style=\"text-align: justify;\">Conferi tudo isso tendo em mente uma pergunta \u00e0 queima roupa (risos) da Mariana Campos, uma das produtoras do festival, assim que cheguei ao aeroporto de Confins, na madrugada de sexta para s\u00e1bado. \u201cPor que voc\u00eas gostam tanto de m\u00fasica triste?\u201d, foi a quest\u00e3o que tinha como base o resultado do <a href=\"https:\/\/screamyell.com.br\/site\/2013\/01\/22\/top-seven-2012-scream-yell\/\" target=\"_blank\" rel=\"noopener\">Pr\u00eamio Melhores do Ano do Scream &amp; Yell<\/a>. Tentei defender, tergiversei, mas acabei concordando e lembrando-me da famosa quest\u00e3o Tostines de Rob Fleming: \u201cSou triste porque ou\u00e7o m\u00fasica pop ou ou\u00e7o m\u00fasica pop porque estou triste?\u201d.<\/p>\n<p style=\"text-align: justify;\"><img decoding=\"async\" class=\"aligncenter size-full wp-image-17952\" title=\"sensa5\" src=\"https:\/\/screamyell.com.br\/site\/wp-content\/uploads\/2013\/02\/sensa5.jpg\" alt=\"\" \/><\/p>\n<p style=\"text-align: justify;\">Mariana me preparou para o festival garantindo que haveria muita coisa alegre, e, de fato, esse foi o cen\u00e1rio que encontrei no Festival S.E.N.S.A.C.I.O.N.A.L., e que amigos mineiros em mesa de bar confirmaram como sendo o reflexo da nova gera\u00e7\u00e3o mineira, com poucos dissidentes tristes. Voltei no tempo para perceber que os \u00faltimos grandes expoentes da cena mineira no universo pop, o triunvirato Skank, Jota Quest e Pato Fu, mesmo com suas baladas e momentos reflexivos, s\u00e3o bandas alegres \u2013 e mesmo a Transmissor, que, para mim, \u00e9 a grande banda mineira da atualidade, \u00e9 feliz mesmo quando soa&#8230; reflexiva.<\/p>\n<p style=\"text-align: justify;\">Nesse pacote de reflex\u00f5es, chocando o ide\u00e1rio dos blocos carnavalescos \u2013 que come\u00e7am a se multiplicar como coelhos pelas ruas antes cinzas de Belo Horizonte \u2013 com a nova cena musical local (que estampa a liberdade do sorriso em riffs e can\u00e7\u00f5es) ao lado de movimentos como o da Praia da Esta\u00e7\u00e3o (<a href=\"http:\/\/pracalivrebh.wordpress.com\/category\/praia-da-estacao\/\" target=\"_blank\" rel=\"noopener\">vale ler esse texto<\/a> de Nuno Manna sobre a comemora\u00e7\u00e3o do dia de Iemanj\u00e1 a 450 quil\u00f4metros do oceano Atl\u00e2ntico) mostram que a capital mineira vive um momento especial\u00edssimo, que se reflete no sucesso de festivais como o S.E.N.S.A.C.I.O.N.A.L. e na busca do belo-horizontino em tomar a cidade para si (novamente).<\/p>\n<p style=\"text-align: justify;\">Desta forma, a sigla quilom\u00e9trica S.E.N.S.A.C.I.O.N.A.L. \u2013 Simp\u00f3sio de Empreendedorismo Nada Sensato Articulado no Cen\u00e1rio Internacional e Organizado por Nossos Amigos Legais! \u2013 tenta disfar\u00e7ar, mas parece t\u00e3o sensata e articulada com um novo modo de pensar e viver a cidade que merece aplausos e admira\u00e7\u00e3o. Num cen\u00e1rio balizado por imers\u00f5es, viv\u00eancias e discuss\u00f5es pol\u00edticas que se revelam meros interesses pessoais e pol\u00edticos, o exemplo do Festival S.E.N.S.A.C.I.O.N.A.L. \u00e9 daqueles que deve ser admirado e copiado. Um viva ao (pr\u00e9-)carnaval mineiro.<\/p>\n<p style=\"text-align: justify;\"><img decoding=\"async\" class=\"aligncenter size-full wp-image-17953\" title=\"sensa6\" src=\"https:\/\/screamyell.com.br\/site\/wp-content\/uploads\/2013\/02\/sensa6.jpg\" alt=\"\" \/><\/p>\n<p style=\"text-align: justify;\">&#8211; Marcelo Costa (<a href=\"https:\/\/twitter.com\/screamyell\" target=\"_blank\" rel=\"noopener\">@screamyell<\/a>) \u00e9 editor do Scream &amp; Yell e assina a\u00a0<a href=\"https:\/\/screamyell.com.br\/blog\/\" target=\"_blank\" rel=\"noopener\">Calmantes com Champagne<\/a><br \/>\n&#8211; Fotos 1, 3, 5 e 6 por Jo\u00e3o Miranda \/ Divulga\u00e7\u00e3o S!4; 2 e 4 por Marcelo Costa.<\/p>\n<p><strong>Leia tamb\u00e9m: Di\u00e1rio de Festivais, por Marcelo Costa<\/strong><br \/>\n&#8211; 51 Festivais 2013: Agenda Estados Unidos e Europa (<a href=\"https:\/\/screamyell.com.br\/blog\/2013\/01\/16\/festivais-2013-uma-lista-in-progress\/\">aqui<\/a>)<br \/>\n&#8211; Festivais 2012: Primavera Sound (<a href=\"https:\/\/screamyell.com.br\/blog\/tag\/primavera2012\">aqui<\/a>) e ATP 2012 (<a href=\"https:\/\/screamyell.com.br\/blog\/tag\/atp2012\">aqui<\/a>)<br \/>\n&#8211; Festivais 2011: Coachella (<a href=\"https:\/\/screamyell.com.br\/blog\/tag\/coachella\">aqui<\/a>), Primavera Sound (<a href=\"https:\/\/screamyell.com.br\/blog\/tag\/primavera2011\">aqui<\/a>) e Benic\u00e0ssim (<a href=\"https:\/\/screamyell.com.br\/blog\/tag\/fib2011\">aqui<\/a>)<br \/>\n&#8211; Festivais 2010: Primavera Sound (<a href=\"https:\/\/screamyell.com.br\/blog\/tag\/primavera2010\">aqui<\/a>) e Isle of Wight (<a href=\"https:\/\/screamyell.com.br\/blog\/2010\/06\/16\/paul-mccartney-na-ilha-de-wight\/\">aqui<\/a>)<br \/>\n&#8211; Festivais 2009: Cactus (<a href=\"https:\/\/screamyell.com.br\/blog\/tag\/cactus\">aqui<\/a>), Rock Werchter (<a href=\"https:\/\/screamyell.com.br\/blog\/2009\/07\/06\/um-fim-de-semana-na-belgica\/\">aqui<\/a>) Serpentine (<a href=\"https:\/\/screamyell.com.br\/blog\/2009\/07\/02\/hyde-park-big-star-e-tindersticks\/\">aqui<\/a>)<br \/>\n&#8211; Festivais 2008: Benic\u00e0ssim (<a href=\"https:\/\/screamyell.com.br\/blog\/tag\/fib2008\">aqui<\/a>), T In The Park (<a href=\"https:\/\/screamyell.com.br\/blog\/tag\/tinthepark\">aqui<\/a>) Werchter (<a href=\"https:\/\/screamyell.com.br\/blog\/tag\/werchter2008\">aqui<\/a>)<\/p>\n","protected":false},"excerpt":{"rendered":"A capital mineira vive um momento muito especial, que se reflete no sucesso de festivais como o S.E.N.S.A.C.I.O.N.A.L.\n<a class=\"moretag\" href=\"https:\/\/screamyell.com.br\/site\/2013\/02\/05\/festival-sensacional-2013\/\"> [...]<\/a>","protected":false},"author":2,"featured_media":0,"comment_status":"open","ping_status":"open","sticky":false,"template":"","format":"standard","meta":[],"categories":[3],"tags":[],"_links":{"self":[{"href":"https:\/\/screamyell.com.br\/site\/wp-json\/wp\/v2\/posts\/17947"}],"collection":[{"href":"https:\/\/screamyell.com.br\/site\/wp-json\/wp\/v2\/posts"}],"about":[{"href":"https:\/\/screamyell.com.br\/site\/wp-json\/wp\/v2\/types\/post"}],"author":[{"embeddable":true,"href":"https:\/\/screamyell.com.br\/site\/wp-json\/wp\/v2\/users\/2"}],"replies":[{"embeddable":true,"href":"https:\/\/screamyell.com.br\/site\/wp-json\/wp\/v2\/comments?post=17947"}],"version-history":[{"count":14,"href":"https:\/\/screamyell.com.br\/site\/wp-json\/wp\/v2\/posts\/17947\/revisions"}],"predecessor-version":[{"id":67736,"href":"https:\/\/screamyell.com.br\/site\/wp-json\/wp\/v2\/posts\/17947\/revisions\/67736"}],"wp:attachment":[{"href":"https:\/\/screamyell.com.br\/site\/wp-json\/wp\/v2\/media?parent=17947"}],"wp:term":[{"taxonomy":"category","embeddable":true,"href":"https:\/\/screamyell.com.br\/site\/wp-json\/wp\/v2\/categories?post=17947"},{"taxonomy":"post_tag","embeddable":true,"href":"https:\/\/screamyell.com.br\/site\/wp-json\/wp\/v2\/tags?post=17947"}],"curies":[{"name":"wp","href":"https:\/\/api.w.org\/{rel}","templated":true}]}}