{"id":15763,"date":"2012-09-16T00:03:23","date_gmt":"2012-09-16T03:03:23","guid":{"rendered":"https:\/\/screamyell.com.br\/site\/?p=15763"},"modified":"2016-08-31T03:29:56","modified_gmt":"2016-08-31T06:29:56","slug":"b-fachada-o-novo-disco-e-o-brasil","status":"publish","type":"post","link":"https:\/\/screamyell.com.br\/site\/2012\/09\/16\/b-fachada-o-novo-disco-e-o-brasil\/","title":{"rendered":"B Fachada: o novo disco e o Brasil"},"content":{"rendered":"<p style=\"text-align: center;\"><img decoding=\"async\" class=\"aligncenter size-full wp-image-15764\" title=\"bfachada\" src=\"https:\/\/screamyell.com.br\/site\/wp-content\/uploads\/2012\/09\/bfachada.jpg\" alt=\"\" \/><\/p>\n<p style=\"text-align: center;\"><strong>po<\/strong><strong><strong><strong>r\u00a0<a href=\"http:\/\/twitter.com\/woorman\" target=\"_blank\">Pedro Salgado<\/a><\/strong><\/strong>, especial de Lisboa<\/strong><\/p>\n<p style=\"text-align: justify;\">O m\u00fasico cascalense B Fachada atravessa um dos melhores per\u00edodos da sua carreira. Com a edi\u00e7\u00e3o de \u201cCri\u00f4lo\u201d, 11\u00ba trabalho de uma trajetoria prol\u00edfica, generalizaram-se os elogios \u00e0 maleabilidade e capacidade de absorver paletas sonoras portuguesas, brasileiras e africanas, introduzindo componentes eletr\u00f4nicos, sem desvalorizar a palavra cantada.<\/p>\n<p style=\"text-align: justify;\">Em shows recentes, que mostram a evolu\u00e7\u00e3o do compositor, Fachada apresentou um conceito mais dan\u00e7ante da sua m\u00fasica, com incrementos de voz e atualiza\u00e7\u00f5es instrumentais. Embora o m\u00fasico de Cascais planeje um novo \u00e1lbum para o Inverno, \u00e9 certa a aus\u00eancia de lan\u00e7amentos e shows em 2013 com prop\u00f3sito de \u201cdescansar, quebrar um ciclo habitual de lan\u00e7ar dois discos por ano e n\u00e3o viciar a criatividade\u201d.<\/p>\n<p style=\"text-align: justify;\">A vontade de alargar fronteiras e abra\u00e7ar novos projetos, no entanto, \u00e9 o seu passo seguinte. De Lisboa para o Brasil, B Fachada conversou com o Scream &amp; Yell. Confira:<\/p>\n<p>&lt;a href=&#8221;http:\/\/bfachada.bandcamp.com\/album\/cri-lo&#8221; mce_href=&#8221;http:\/\/bfachada.bandcamp.com\/album\/cri-lo&#8221;&gt;cri\u00f4lo by B Fachada&lt;\/a&gt;<\/p>\n<p style=\"text-align: justify;\"><strong>Em \u201cCri\u00f4lo\u201d, voc\u00ea explorou algumas sonoridades africanas, anteriormente abordadas, mas tamb\u00e9m fez incurs\u00f5es no pop e nas baladas. Foi pensado construir um \u00e1lbum abrangente?<\/strong><br \/>\nQuis fazer um disco que n\u00e3o impusesse dificuldades ao ouvinte, mas que ao mesmo tempo deixasse clara a minha perspetiva da m\u00fasica. O meu objetivo era juntar sob a mesma capa toda a minha heran\u00e7a africana, brasileira e (em muito menor escala) asi\u00e1tica. Na m\u00fasica n\u00e3o h\u00e1 fronteiras pol\u00edticas nem hist\u00f3ricas: tudo \u00e9 cont\u00ednuo, tudo \u00e9 l\u00edngua, nada est\u00e1 errado.<\/p>\n<p style=\"text-align: justify;\"><strong>\u201cQuem Quer Fumar Com O B Fachada\u201d \u00e9 apenas uma provoca\u00e7\u00e3o?<\/strong><br \/>\nNas minhas pesquisas musicais pareceu-me ter descoberto alguma portugalidade na can\u00e7\u00e3o &#8220;I&#8217;m the Upsetter&#8221;, de Lee &#8220;Scratch&#8221; Perry, e a ideia de fazer um dub portuga surgiu de imediato. Ideia puxa ideia, o tema da fuma\u00e7a e da reuni\u00e3o dos amigos pareceu-me necess\u00e1rio para ser uma hist\u00f3ria bem contada.<\/p>\n<p style=\"text-align: justify;\"><strong>Voc\u00ea considera que sua mensagem ficou mais fortalecida com este trabalho?<\/strong><br \/>\nA cada disco sinto que o &#8220;meu patrim\u00f4nio&#8221; vai ficando mais completo. Conseguir aquilo que considero ser um m\u00ednimo de diversidade no meu trabalho \u00e9 fundamental para uma certa no\u00e7\u00e3o de relev\u00e2ncia pop, que a ind\u00fastria tem vindo a destruir nas \u00faltimas d\u00e9cadas, e que \u00e9 para mim a parte mais importante deste of\u00edcio.<\/p>\n<p style=\"text-align: justify;\"><strong>No seu entender, porque \u00e9 que a nova gera\u00e7\u00e3o musical portuguesa ainda n\u00e3o obteve um reconhecimento mais generalizado?<\/strong><br \/>\nJulgo que a m\u00fasica portuguesa ainda n\u00e3o flui como devia, de gera\u00e7\u00e3o em gera\u00e7\u00e3o, para permitir uma quantidade suficiente de m\u00fasica para isso&#8230; Olhando o exemplo brasileiro, e a maneira como uma cultura forte se multiplica em muitos g\u00eaneros e muitas l\u00ednguas, com o passar do tempo, percebo que em Portugal ainda estamos longe de ter essa capacidade de inven\u00e7\u00e3o e renova\u00e7\u00e3o que poderia, a longo prazo, permitir a eterna juventude de um Caetano Veloso lado a lado com a sensibilidade ancestral de um Marcelo Camelo.<\/p>\n<p style=\"text-align: justify;\"><strong>Na atual cena musical brasileira voc\u00ea encontra algumas pontes com seu trabalho?<\/strong><br \/>\nA m\u00fasica no Brasil est\u00e1 num estado de matura\u00e7\u00e3o muito diferente da portuguesa. H\u00e1 mais ra\u00edzes e \u00e1rvores, toda a gente deixou a sua escola. Al\u00e9m disso, h\u00e1 muitos m\u00fasicos, talvez at\u00e9 uma maior dose de m\u00fasica no sangue. Os instrumentos tradicionais desenvolveram-se melhor. H\u00e1 mais l\u00ednguas e ideias. Por um lado, (fica) a sensa\u00e7\u00e3o de que em Portugal est\u00e1 (quase) tudo por fazer, d\u00e1-me liberdade para ser qualquer coisa e todas as coisas ao mesmo tempo: posso comer a hist\u00f3ria e refaz\u00ea-la s\u00f3 para mim; posso tentar fazer um tropicalismo e ser o formalista mais chato e consigo ser um antrop\u00f3fago sentimental\u00e3o. N\u00e3o h\u00e1 muita m\u00fasica fundadora para eu venerar e posso importar tudo e continuar a ser um portugu\u00eas na sua pequena cidade. Quando ouvi Marcelo Camelo pela primeira vez pareceu-me muito pr\u00f3ximo: soava como um brasileiro sonhando com Portugal. N\u00e3o posso fazer isso, mas posso ser o portugu\u00eas sonhando com o Brasil.<\/p>\n<p style=\"text-align: justify;\"><strong>Recentemente, voc\u00ea esteve para tocar em S\u00e3o Paulo, dentro num festival de m\u00fasica portuguesa que n\u00e3o se concretizou. O Brasil ainda est\u00e1 nos seus planos?<\/strong><br \/>\nO Brasil est\u00e1 sempre nos meus planos e s\u00f3 n\u00e3o se concretizou ainda porque nunca conseguimos conciliar v\u00e1rias datas para compensar atravessar o oceano. Em breve, espero!<\/p>\n<p style=\"text-align: justify;\"><strong>A m\u00fasica de B Fachada desperta simultaneamente paix\u00f5es e incompreens\u00f5es. Qual \u00e9 a sua explica\u00e7\u00e3o para esta dicotomia?<\/strong><br \/>\nAgrada-me que seja muito f\u00e1cil n\u00e3o gostar: isso \u00e9 uma grande recompensa para quem aprecia. H\u00e1 m\u00fasica que toda a gente preza, alguma que somos obrigados a estimar e outra que s\u00f3 gosta quem quer. A minha \u00e9 da \u00faltima, mas tem que haver de tudo.<\/p>\n<p style=\"text-align: justify;\"><strong>O que voc\u00ea imagina estar fazendo aos 40 anos?<\/strong><br \/>\nImagino-me fazendo discos de fim de carreira: muito experimentais ou conservadores demais, relevantes de menos e bastante caros.<\/p>\n<p style=\"text-align: center;\"><img decoding=\"async\" loading=\"lazy\" class=\"aligncenter size-full wp-image-15765\" title=\"bfcahda1\" src=\"https:\/\/screamyell.com.br\/site\/wp-content\/uploads\/2012\/09\/bfcahda1.jpg\" alt=\"\" width=\"600\" height=\"600\" srcset=\"https:\/\/screamyell.com.br\/site\/wp-content\/uploads\/2012\/09\/bfcahda1.jpg 600w, https:\/\/screamyell.com.br\/site\/wp-content\/uploads\/2012\/09\/bfcahda1-150x150.jpg 150w, https:\/\/screamyell.com.br\/site\/wp-content\/uploads\/2012\/09\/bfcahda1-300x300.jpg 300w\" sizes=\"(max-width: 600px) 100vw, 600px\" \/><\/p>\n<p style=\"text-align: justify;\">&#8211; Pedro Salgado (siga <a href=\"http:\/\/twitter.com\/woorman\" target=\"_blank\">@woorman<\/a>) \u00e9 jornalista, reside em Lisboa e colabora com o Scream &amp; Yell contando novidades da m\u00fasica de Portugal. Veja outras entrevistas de Pedro Salgado <a href=\"https:\/\/screamyell.com.br\/site\/tag\/portugal\/\">aqui<\/a><\/p>\n<p><strong>Leia tamb\u00e9m:<\/strong><br \/>\n&#8211; A tradi\u00e7\u00e3o inovadora de B Facahada, por Pedro Salgado (<a href=\"https:\/\/screamyell.com.br\/site\/2011\/04\/27\/b-fachada-tradicao-inovadora\/\">aqui<\/a>)<br \/>\n&#8211; Especial: como anda a nova cena musical portuguesa, por Pedro Salgado (<a href=\"https:\/\/screamyell.com.br\/site\/2010\/12\/11\/especial-como-anda-a-cena-portuguesa\/\">aqui<\/a>)<\/p>\n<p style=\"text-align: center;\">\n","protected":false},"excerpt":{"rendered":"&#8220;A m\u00fasica no Brasil est\u00e1 num estado de matura\u00e7\u00e3o muito diferente da portuguesa&#8221;, diz o m\u00fasico que est\u00e1 lan\u00e7ando seu 11\u00ba CD\n<a class=\"moretag\" href=\"https:\/\/screamyell.com.br\/site\/2012\/09\/16\/b-fachada-o-novo-disco-e-o-brasil\/\"> [...]<\/a>","protected":false},"author":7,"featured_media":0,"comment_status":"open","ping_status":"open","sticky":false,"template":"","format":"standard","meta":[],"categories":[3],"tags":[47],"_links":{"self":[{"href":"https:\/\/screamyell.com.br\/site\/wp-json\/wp\/v2\/posts\/15763"}],"collection":[{"href":"https:\/\/screamyell.com.br\/site\/wp-json\/wp\/v2\/posts"}],"about":[{"href":"https:\/\/screamyell.com.br\/site\/wp-json\/wp\/v2\/types\/post"}],"author":[{"embeddable":true,"href":"https:\/\/screamyell.com.br\/site\/wp-json\/wp\/v2\/users\/7"}],"replies":[{"embeddable":true,"href":"https:\/\/screamyell.com.br\/site\/wp-json\/wp\/v2\/comments?post=15763"}],"version-history":[{"count":10,"href":"https:\/\/screamyell.com.br\/site\/wp-json\/wp\/v2\/posts\/15763\/revisions"}],"predecessor-version":[{"id":39637,"href":"https:\/\/screamyell.com.br\/site\/wp-json\/wp\/v2\/posts\/15763\/revisions\/39637"}],"wp:attachment":[{"href":"https:\/\/screamyell.com.br\/site\/wp-json\/wp\/v2\/media?parent=15763"}],"wp:term":[{"taxonomy":"category","embeddable":true,"href":"https:\/\/screamyell.com.br\/site\/wp-json\/wp\/v2\/categories?post=15763"},{"taxonomy":"post_tag","embeddable":true,"href":"https:\/\/screamyell.com.br\/site\/wp-json\/wp\/v2\/tags?post=15763"}],"curies":[{"name":"wp","href":"https:\/\/api.w.org\/{rel}","templated":true}]}}