{"id":13644,"date":"2012-04-06T17:38:04","date_gmt":"2012-04-06T20:38:04","guid":{"rendered":"https:\/\/screamyell.com.br\/site\/?p=13644"},"modified":"2023-01-27T01:40:52","modified_gmt":"2023-01-27T04:40:52","slug":"discografia-comentada-wander-wildner","status":"publish","type":"post","link":"https:\/\/screamyell.com.br\/site\/2012\/04\/06\/discografia-comentada-wander-wildner\/","title":{"rendered":"Discografia comentada: Wander Wildner"},"content":{"rendered":"<p style=\"text-align: center;\"><img decoding=\"async\" loading=\"lazy\" class=\"aligncenter size-full wp-image-13647\" title=\"wander\" src=\"https:\/\/screamyell.com.br\/site\/wp-content\/uploads\/2012\/04\/wander.jpg\" alt=\"\" width=\"605\" height=\"425\" srcset=\"https:\/\/screamyell.com.br\/site\/wp-content\/uploads\/2012\/04\/wander.jpg 605w, https:\/\/screamyell.com.br\/site\/wp-content\/uploads\/2012\/04\/wander-300x210.jpg 300w\" sizes=\"(max-width: 605px) 100vw, 605px\" \/><\/p>\n<p style=\"text-align: center;\"><strong>Texto por Marcelo Costa<br \/>\nFoto por Liliane Callegari<\/strong><\/p>\n<p style=\"text-align: justify;\">Era uma vez uma banda punk, em Porto Alegre, 1983. O trio de instrumentistas s\u00f3 sabia tocar seis m\u00fasicas, todas de autoria pr\u00f3pria. N\u00e3o havia vocalista. A banda sai de f\u00e9rias e deixa uma fita das grava\u00e7\u00f5es com uma quarta pessoa que j\u00e1 havia tentado tocar guitarra com o trio, sem sucesso. Quando a banda retorna, Wander Wildner, a tal quarta pessoa, j\u00e1 havia decorado todas as letras e est\u00e1 pronto para assumir a posi\u00e7\u00e3o de frontman dos Replicantes.<\/p>\n<p style=\"text-align: justify;\">Em sete anos com a banda, Wander gravou tr\u00eas \u00e1lbuns (dois deles, cl\u00e1ssicos) com o Replicantes, participou de shows antol\u00f3gicos e viu sua voz nas principais r\u00e1dios do pa\u00eds com o hit &#8220;Surfista Calhorda&#8221;. A partir de 1991 a hist\u00f3ria bifurca. Wander abandona os Replicantes e monta v\u00e1rias bandas (Sangue Sujo, M\u00e1quina Melequenta) at\u00e9 sair em carreira solo popularizando o punk brega (e, futuramente, dividir-se entre o Replicantes e a carreira solo).<\/p>\n<p style=\"text-align: justify;\">Na carreira solo, Wander lan\u00e7ou seis discos, um DVD, uma colet\u00e2nea e participou de um projeto da MTV, o \u00f3timo \u201cAc\u00fastico Bandas Ga\u00fachas\u201d. Para estrear seu novo site, Wander Wildner colocou toda sua discografia para download gratuito. Do cl\u00e1ssico e obrigat\u00f3rio \u201cBaladas Sangrentas\u201d (1997) at\u00e9 o bonito \u201cCaminando e Cantando\u201d (2010), conhe\u00e7a abaixo cada um dos discos e das p\u00e9rolas que o cara que ousou misturar Sid Vicious com Sidney Magal gravou em 15 anos de carreira solo.<\/p>\n<p style=\"text-align: center;\"><strong><\/strong><\/p>\n<p style=\"text-align: center;\"><img decoding=\"async\" loading=\"lazy\" class=\"aligncenter size-full wp-image-13649\" title=\"wander_baladas\" src=\"https:\/\/screamyell.com.br\/site\/wp-content\/uploads\/2012\/04\/wander_baladas.jpg\" alt=\"\" width=\"600\" height=\"300\" srcset=\"https:\/\/screamyell.com.br\/site\/wp-content\/uploads\/2012\/04\/wander_baladas.jpg 600w, https:\/\/screamyell.com.br\/site\/wp-content\/uploads\/2012\/04\/wander_baladas-300x150.jpg 300w\" sizes=\"(max-width: 600px) 100vw, 600px\" \/><\/p>\n<p style=\"text-align: justify;\"><strong>Baladas Sangrentas, 1996<\/strong><\/p>\n<p style=\"text-align: justify;\">O \u00e1lbum m\u00edtico produzido por Tom Capone. Wander Wildner gravou e mixou sua estreia solo nos hor\u00e1rios livres do est\u00fadio em que a Legi\u00e3o Urbana gravava seu derradeiro \u00e1lbum, \u201cA Tempestade\u201d, ouvindo \u00e0 noite nos fones a voz que Renato Russo gravava durante o dia. Lan\u00e7ado originalmente pelo selo Fora da Lei (do pr\u00f3prio Wander) em 1996, e relan\u00e7ado pelo selo Tinitus em 1997 (com nova capa), \u201cBaladas Sangrentas\u201d \u00e9 o \u00e1lbum que apresentou ao mundo o personagem punk brega que Wander adotou em sua carreira solo. Est\u00e3o aqui hinos que reluzem a diamante bruto, e que dispensam apresenta\u00e7\u00e3o: \u201cBebendo Vinho\u201d, &#8220;Eu Tenho uma Camiseta Escrita Eu Te Amo&#8221;, &#8220;Empregada&#8221;, &#8220;Um Lugar do Caralho&#8221;, &#8220;Maverick\u00e3o&#8221;, \u201cLonely Boy&#8221; e &#8220;On the Road&#8221;. \u00c9 poss\u00edvel fazer um festa punk brega s\u00f3 com essas m\u00fasicas, mas, num disco com cara de \u201cGreatest Hits\u201d, vale prestar aten\u00e7\u00e3o no lirismo \u00e0 flor da pele de &#8220;Ganas de Vivir&#8221; e na hil\u00e1ria \u201cFreira Desalmada\u201d, parceria de Wander com Thedy Correa.<\/p>\n<p style=\"text-align: justify;\">Nota: 10<\/p>\n<p style=\"text-align: center;\"><img decoding=\"async\" loading=\"lazy\" class=\"size-full wp-image-13650  aligncenter\" title=\"wandr_buenos\" src=\"https:\/\/screamyell.com.br\/site\/wp-content\/uploads\/2012\/04\/wandr_buenos.jpg\" alt=\"\" width=\"350\" height=\"353\" srcset=\"https:\/\/screamyell.com.br\/site\/wp-content\/uploads\/2012\/04\/wandr_buenos.jpg 350w, https:\/\/screamyell.com.br\/site\/wp-content\/uploads\/2012\/04\/wandr_buenos-150x150.jpg 150w, https:\/\/screamyell.com.br\/site\/wp-content\/uploads\/2012\/04\/wandr_buenos-297x300.jpg 297w\" sizes=\"(max-width: 350px) 100vw, 350px\" \/><\/p>\n<p style=\"text-align: justify;\"><strong>Buenos Dias, 1999<\/strong><\/p>\n<p style=\"text-align: justify;\">Da \u00e9poca em que Wander Wildner era acompanhado pela banda Chul\u00e9 de Coturno, que nada mais era do que a Walverdes sem o vocalista Gustavo Mini Bittencourt. Produzido pelo pr\u00f3prio Wander e lan\u00e7ado pela gravadora Trama, \u201cBuenos Dias\u201d cravou ao menos dois hinos no cancioneiro punk brega: a balada punk \u201cQuase Um Alco\u00f3latra\u201d e a sonhadora \u201cEu Queria Morar em Beverly Hills\u201d (do po\u00e9tico verso: \u201cEu queria ser amigo da Kelly \/ Do Brandon, da Brenda e da Donna \/ Ser o vizinho da Daryl Hannah \/ S\u00f3 pra beijar a sua bundona\u201d). Por\u00e9m, outras p\u00e9rolas merecem ser redescobertas, como as regrava\u00e7\u00f5es de \u201cMinha Vizinha\u201d (em vers\u00e3o mais punk e menos esporrenta que a gravada pelos Replicantes em \u201cPapel de Mau\u201d, de 1989), \u201cAlbert Einstein\u201d (grande can\u00e7\u00e3o de uma banda ga\u00facha chamada A Barata Oriental) e o hino \u201cPassatempo\u201d (\u201cThat\u2019s Entertaiment\u201d, do The Jam, em vers\u00e3o n\u00e3o autorizada e genial do Camisa de V\u00eanus). H\u00e1 ainda o punk rock direto \u201cRato de Por\u00e3o\u201d, a hil\u00e1ria \u201cJesus Voltar\u00e1\u201d e a gauderia \u201cRefr\u00f5es\u201d.<\/p>\n<p style=\"text-align: justify;\">Nota: 8<\/p>\n<p style=\"text-align: center;\"><img decoding=\"async\" loading=\"lazy\" class=\"size-full wp-image-13651  aligncenter\" title=\"wander_bonito\" src=\"https:\/\/screamyell.com.br\/site\/wp-content\/uploads\/2012\/04\/wander_bonito.jpg\" alt=\"\" width=\"353\" height=\"346\" srcset=\"https:\/\/screamyell.com.br\/site\/wp-content\/uploads\/2012\/04\/wander_bonito.jpg 353w, https:\/\/screamyell.com.br\/site\/wp-content\/uploads\/2012\/04\/wander_bonito-300x294.jpg 300w\" sizes=\"(max-width: 353px) 100vw, 353px\" \/><\/p>\n<p style=\"text-align: justify;\"><strong>Eu Sou Feio&#8230; mas Sou Bonito!, 2001<\/strong><\/p>\n<p style=\"text-align: justify;\">Gravado em Porto Alegre por Thomas Dreher e produzido novamente pelo pr\u00f3prio Wander, \u201cEu Sou Feio&#8230; mas Sou Bonito!\u201d incorpora a persona brega deixando o punk de lado e se aproximando das milongas, o que funciona de forma brilhante na grande can\u00e7\u00e3o que abre o \u00e1lbum, o \u201cMantra das Possibilidades\u201d, na intensa \u201cEu N\u00e3o Bebo Mais Como Eu Bebia\u201d e na definitiva \u201cAnjos e Dem\u00f4nios\u201d (\u201cEu sou um viajante tao\u00edsta e sem mem\u00f3ria \/ vou pr\u00e1 qualquer lado sem correntes e nem b\u00f3ia \/ Eu sou um viajante, um hippie-cyber-punk \/ eu n\u00e3o tenho pressa, vivo em qualquer canto\u201d) e sinaliza um \u00e1lbum depressivo e distante.<\/p>\n<p style=\"text-align: justify;\">Nota: 6<\/p>\n<p style=\"text-align: center;\"><img decoding=\"async\" loading=\"lazy\" class=\"size-full wp-image-13652  aligncenter\" style=\"border: 1px solid black;\" title=\"wander_praquedas\" src=\"https:\/\/screamyell.com.br\/site\/wp-content\/uploads\/2012\/04\/wander_praquedas.jpg\" alt=\"\" width=\"356\" height=\"348\" srcset=\"https:\/\/screamyell.com.br\/site\/wp-content\/uploads\/2012\/04\/wander_praquedas.jpg 356w, https:\/\/screamyell.com.br\/site\/wp-content\/uploads\/2012\/04\/wander_praquedas-300x293.jpg 300w\" sizes=\"(max-width: 356px) 100vw, 356px\" \/><\/p>\n<p style=\"text-align: justify;\"><strong>Paraquedas do Cora\u00e7\u00e3o, 2004<\/strong><\/p>\n<p style=\"text-align: justify;\">O quarto \u00e1lbum de Wander traz novamente a assinatura de Tom Capone, e n\u00e3o a toa \u00e9 a dita sequencia direta da obra prima punk brega \u201cBaladas Sangrentas\u201d. Do momento em que come\u00e7ou a ser idealizado (em 1998) at\u00e9 seu lan\u00e7amento, \u201cParaquedas do Cora\u00e7\u00e3o\u201d custou seis anos da vida de Wander, e o resultado justifica tanta estima pelo projeto: o hino do \u00e1lbum \u00e9 outra can\u00e7\u00e3o definitiva do repert\u00f3rio de Wander Wildner, a sensacional \u201cEu N\u00e3o Consigo Ser Alegre O Tempo Inteiro\u201d, mas no mesmo n\u00edvel podem ser citadas \u201cRodando El Mundo\u201d, \u201cEu Acredito Em Milagres\u201d (vers\u00e3o de Wander para \u201cI Believe in Miracles\u201d, do Ramones) e as foda\u00e7as regrava\u00e7\u00f5es de \u201cCandy\u201d (Iggy Pop) e, principalmente, \u201cHippie-Punk-Rajneesh\u201d, hino d\u2019Os Replicantes. Vale ainda citar a grudenta \u201cA \u00daltima Can\u00e7\u00e3o\u201d e a nova vers\u00e3o de \u201cGanas de Vivir\u201d.<\/p>\n<p style=\"text-align: justify;\">Nota: 9<\/p>\n<p style=\"text-align: center;\"><img decoding=\"async\" loading=\"lazy\" class=\"size-full wp-image-13653  aligncenter\" style=\"border: 1px solid black;\" title=\"lacancion\" src=\"https:\/\/screamyell.com.br\/site\/wp-content\/uploads\/2012\/04\/lacancion.jpg\" alt=\"\" width=\"350\" height=\"349\" srcset=\"https:\/\/screamyell.com.br\/site\/wp-content\/uploads\/2012\/04\/lacancion.jpg 350w, https:\/\/screamyell.com.br\/site\/wp-content\/uploads\/2012\/04\/lacancion-150x150.jpg 150w, https:\/\/screamyell.com.br\/site\/wp-content\/uploads\/2012\/04\/lacancion-300x299.jpg 300w\" sizes=\"(max-width: 350px) 100vw, 350px\" \/><\/p>\n<p style=\"text-align: justify;\"><strong>La Canci\u00f3n Inesperada, 2008<\/strong><\/p>\n<p style=\"text-align: justify;\">Gravado no Rio de Janeiro, produzido por Bernas Ceppas e Kassin, e contando com o parceiro Jimi Joe nas guitarras e viol\u00f5es, Rodrigo Barba (ex-Los Hermanos) na bateria, e Flu (ex-Defalla) no baixo, o quinto \u00e1lbum solo de Wander Wildner namora as milongas enquanto a produ\u00e7\u00e3o exagerada tenta valorizar (atrav\u00e9s de cordas e teclas) o lado gauchesco do cantor, o que tira um pouco do brilho de \u201cUm Bom Motivo\u201d (can\u00e7\u00e3o do grupo Stuart que soa quil\u00f4metros inferior \u00e0 primeira vers\u00e3o nua gravada por Wander que circula pela web) e de \u201dWithout You\u201d, m\u00fasica do Badfinger que Wander j\u00e1 havia gravado (tamb\u00e9m em melhor vers\u00e3o) para a trilha sonora do filme \u201cHouve Uma Vez Dois Ver\u00f5es\u201d, de Jorge Furtado. Ele se resume na frase \u201cEu sou um pouco Wando, um pouco wild\u201d, de \u201cBocomocamale\u00e3o\u201d, e homenageia a m\u00edtica Graforreia Xilarm\u00f4nica com uma vers\u00e3o honesta de \u201cAmigo Punk\u201d, mas apesar de boas can\u00e7\u00f5es (\u201cWinona\u201d, \u201cPorta-Retratos\u201d, \u201cMares de Cerveja\u201d, \u201cLa Canci\u00f3n Inesperada\u201d &#8211; cantada em \u201cespanhol selvagem\u201d), falta despojamento a \u201cLa Canci\u00f3n Inesperada\u201d.<\/p>\n<p style=\"text-align: justify;\">Nota: 6<\/p>\n<p style=\"text-align: center;\"><img decoding=\"async\" loading=\"lazy\" class=\"aligncenter\" src=\"https:\/\/screamyell.com.br\/site\/wp-content\/uploads\/2011\/01\/wander_caminando.jpg\" alt=\"\" width=\"350\" height=\"350\" \/><\/p>\n<p style=\"text-align: justify;\"><strong>Caminando y Cantando, 2010<\/strong><\/p>\n<p style=\"text-align: justify;\">Gravado novamente em Porto Alegre (sem toda a pompa do disco anterior), \u201cCaminando y Cantando\u201d coloca o bardo ga\u00facho novamente nos trilhos. Ele j\u00e1 havia sido hippie, rajneesh e punkbrega. Agora se traveste de milongueiro em seu sexto \u00e1lbum solo, um disco que respira as passagens do bardo por Buenos Aires, Montevid\u00e9u e Berlim. \u201cAs Coisas Mudam\u201d, composta num quarto da capital alem\u00e3, abre o disco revelando: \u201cEles nunca dizem adeus. Os \u00edndios dizem v\u00e1 em frente\u201d. Wander aceita o conselho, e coloca o p\u00e9 na estrada. \u201cNo walkman eu tenho carga pra seis horas e Johnny Cash\u201d, avisa na \u00f3tima \u201cBoas Noticias\u201d, e aproveita para levar para um passeio a bel\u00edssima \u201cDani\u201d, do disco solo de Jimi Joe, mas se preocupa: \u201cE quando o esp\u00edrito se libertar, quem tomar\u00e1 conta dos gatos?\u201d. H\u00e1 ainda vers\u00f5es de Belchior (o hino \u201cA Palo Seco\u201d, que se encaixa como uma luva no repert\u00f3rio de Wander ao constatar: \u201cO tango argentino me cai bem melhor que um blues\u201d), Sergio Sampaio (\u201cViajei de Trem\u201d) e Julio Reny (a forte \u201cAmor e Morte\u201d) al\u00e9m de uma parceria com Jimi Joe e Arthur de Faria, o tango punk \u201cCalles de Buenos Aires\u201d.<\/p>\n<p style=\"text-align: justify;\">Nota: 7,5<\/p>\n<p style=\"text-align: center;\"><img decoding=\"async\" loading=\"lazy\" class=\"aligncenter\" src=\"https:\/\/screamyell.com.br\/site\/wp-content\/uploads\/2014\/01\/wander1.jpg\" alt=\"\" width=\"350\" height=\"350\" \/><\/p>\n<p style=\"text-align: justify;\"><strong>Mocochinchi Folksom, 2013<br \/>\n<\/strong><\/p>\n<p style=\"text-align: justify;\"><strong><\/strong>O bardo punk folk est\u00e1 de volta e seu s\u00e9timo disco solo re\u00fane oito  can\u00e7\u00f5es in\u00e9ditas compostas no ver\u00e3o porto-alegrense e gravadas por um  time de luxo. Iluminada, divertida e matinal, \u201cO Breakfast do tio Dylan\u201d  abre o lado A do vinil exibindo um Wander Wildner em paz com o mundo,  catando laranjas ca\u00eddas no ch\u00e3o enquanto ouve vinis e observa o sol no  cabelo da garota sob um arranjo que traz Jimi Joe na guitarra, Pedro  Borghetti no caj\u00f3n e Arthur de Faria se dividindo entre acordeon, tiple  requinto, derbaks e glockenspiel. \u201cCom o Vento ao Seu Favor\u201d \u00e9 um punk  rock ac\u00fastico movido a pandeirola enquanto \u201cFolksom\u201d \u2013 que traz  bandolim, gaita e acordeon \u2013 e \u201cEnquanto a Terra Girar\u201d s\u00e3o as t\u00edpicas  can\u00e7\u00f5es que s\u00f3 Wander mesmo poderia cantar: a primeira avisa que o bardo  est\u00e1 caminhando e vivendo \u201ccomo um Rolling Stone, como um Beatleson,  como um Kings of Leon e como um Bat Masterson\u201d enquanto a segunda cita  Elvis Costello, Jimi Joe, o show de Joan Jett no Lollapalooza, Robert  Shelton e Johnny Rotten. No lado B, \u201cMocochinchi\u201d (bebida tradicional  boliviana) relembra o m\u00edtico discurso de David Choquehuanca, ministro de  Rela\u00e7\u00f5es Exteriores da Bol\u00edvia \u2013 que dizia que 21 de dezembro seria uma  data perfeita para deixar de beber Coca-Cola e passar a beber  Mocochinchi, marcando, assim, \u201co fim do capitalismo e o come\u00e7o da  cultura da vida\u201d \u2013 enquanto Hique Gomes (do Tangos e Trag\u00e9dias) toca  violino em \u201cO Homem Que Caminha a Noite Toda\u201d. Lan\u00e7ado em vinil, CD e  dispon\u00edvel virtualmente, \u201cMocochinchi Folksom\u201d flagra um compositor meio  punk, meio folk, meio hippie, mas totalmente Wander Wildner.<\/p>\n<p>Nota: 7<\/p>\n<p style=\"text-align: justify;\"><img decoding=\"async\" class=\"aligncenter size-full wp-image-13656\" title=\"wanderbest\" src=\"https:\/\/screamyell.com.br\/site\/wp-content\/uploads\/2012\/04\/wanderbest.jpg\" alt=\"\" \/><\/p>\n<p style=\"text-align: justify;\"><strong>Colet\u00e2neas, DVD, Os Replicantes<\/strong><\/p>\n<p style=\"text-align: justify;\">Encartada na revista Outracoisa, de Lob\u00e3o, \u201cRitmo da Vida\u201d (2004) traz alguns dos hinos do repert\u00f3rio punk brega (\u201cBebendo Vinho\u201d, \u201cAnjos e Dem\u00f4nios\u201d, \u201cEu Tenho Uma Camiseta Escrita Eu Te Amo\u201d, \u201cMantra das Possibilidades\u201d), mas se destaca por trazer a primeira vers\u00e3o de \u201cEu N\u00e3o Consigo Ser Alegre o Tempo Inteiro\u201d (aqui sem as cordas presentes no \u00e1lbum \u201cParaquedas de Cora\u00e7\u00e3o\u201d) e as in\u00e9ditas (e \u00f3timas) \u201cAdeus \u00e0s Ilus\u00f5es\u201d e \u201cNo Ritmo da Vida\u201d, al\u00e9m de \u201cEnsa\u00edstico\u201d, que Wander gravou para o projeto \u201cMelop\u00e9ia\u201d, de Glauco Mattoso. \u201c10 Anos Bebendo Vinho\u201d (2006), no entanto, \u00e9 a colet\u00e2nea oficial, com faixas de todos os \u00e1lbuns entre \u201cBaladas Sangretas\u201d e \u201cParaquedas de Cora\u00e7\u00e3o\u201d.<\/p>\n<p style=\"text-align: justify;\">O DVD \u201cAventuras de um Punkbrega\u201d re\u00fane material raro, como o divertido videoclipe de \u201cJesus Voltar\u00e1\u201d (1990), can\u00e7\u00e3o que Wander s\u00f3 iria gravar nove anos depois, no \u00e1lbum \u201cBuenos Dias\u201d. H\u00e1 videoclipes dos maiores cl\u00e1ssicos do cancioneiro punkbrega (\u201cBebendo Vinho\u201d, \u201cEu Tenho Uma Camiseta\u201d, \u201cQuase um Alco\u00f3latra\u201d, \u201cUm Lugar Do Caralho\u201d), registros ao vivo toscos com Wander acompanhado por Tom Capone e Mauro Manzoli (\u201cLa Playa\u201d, no Circo Voador, em 1996; \u201cMaverik\u00e3o\u201d, no Ballroom, em 1998) e at\u00e9 a passagem pelo Ac\u00fastico MTV, com \u201cRitmo da Vida\u201d (2005). \u201cCandy\u201d, de Iggy Pop, surge em duas vers\u00f5es ao vivo, e \u201cBocomocamale\u00e3o\u201d impressiona em registro com acompanhamento classudo da Orquestra de C\u00e2mara da Ulbra, de Porto Alegre.<\/p>\n<p style=\"text-align: justify;\"><img decoding=\"async\" class=\"aligncenter size-full wp-image-13658\" title=\"replicantes\" src=\"https:\/\/screamyell.com.br\/site\/wp-content\/uploads\/2012\/04\/replicantes.jpg\" alt=\"\" \/><\/p>\n<p style=\"text-align: justify;\">Alguns bootlegs de Wander Wildner, como um bom show no Opini\u00e3o, em Porto Alegre, s\u00e3o f\u00e1ceis de encontrar na internet, mas o que realmente vale ir atr\u00e1s \u00e9 \u201cWander Wildner ao vivo no Caf\u00e9 Camalehon, 2005\u201d, em S\u00e3o Paulo. No formato voz e viol\u00e3o, Wander Wildner toca 21 m\u00fasicas cruas passando \u00e0 limpo sua carreira solo em vers\u00f5es emocionais (de \u201cBebendo Vinho\u201d a \u201cRodando El Mundo\u201d, incluindo at\u00e9 \u201cSurfista Calhorda\u201d). Tamb\u00e9m vale ir atr\u00e1s da vers\u00e3o do bardo para can\u00e7\u00f5es como \u201cDormi na Pra\u00e7a\u201d (sim, aquela) e \u201cTrabalho Duro\u201d (a vers\u00e3o Wander para \u201cA Hard\u2019 Days Night\u201d). E, claro, n\u00e3o podemos esquecer do \u201cAc\u00fastico MTV Bandas Ga\u00fachas\u201d (2005), com cinco boas vers\u00f5es para &#8220;Eu N\u00e3o Consigo Ser Alegre o Tempo Inteiro&#8221;, &#8220;Bebendo Vinho&#8221;, &#8220;Eu Tenho uma Camiseta escrita Eu Te Amo&#8221;, &#8220;Mantra das Possibilidades&#8221; e &#8220;No Ritmo de Vida&#8221;.<\/p>\n<p style=\"text-align: justify;\">Com Os Replicantes, Wander Wildner primeiramente gravou quatro \u00e1lbuns: \u201cO Futuro \u00e9 V\u00f3rtex\u201d (1986), \u201cHist\u00f3rias de Sexo &amp; Viol\u00eancia\u201d (1987), \u201cPapel de Mau\u201d (1989) e \u201cAndr\u00f3ides Sonham com Guitarras El\u00e9tricas\u201d (1991). Depois, em sua segunda passagem pela banda, gravou \u201cA Volta dos que N\u00e3o Foram\u201d (2001), \u201cGo Ahead\u201d (2003), \u201cOs Replicantes em Teste\u201d (2004) e \u201cOld School Veterans Braziliasta\u201d (2006) al\u00e9m do DVD \u201cGo Ahead: A Primeira Tour na Europa a Gente Nunca Esquece\u201d (2006).<\/p>\n<p style=\"text-align: justify;\"><object classid=\"clsid:d27cdb6e-ae6d-11cf-96b8-444553540000\" width=\"600\" height=\"340\" codebase=\"http:\/\/download.macromedia.com\/pub\/shockwave\/cabs\/flash\/swflash.cab#version=6,0,40,0\"><param name=\"src\" value=\"http:\/\/www.youtube.com\/v\/XuG7XmQGRNE\" \/><embed type=\"application\/x-shockwave-flash\" width=\"600\" height=\"340\" src=\"http:\/\/www.youtube.com\/v\/XuG7XmQGRNE\"><\/embed><\/object><\/p>\n<p style=\"text-align: justify;\"><object classid=\"clsid:d27cdb6e-ae6d-11cf-96b8-444553540000\" width=\"600\" height=\"340\" codebase=\"http:\/\/download.macromedia.com\/pub\/shockwave\/cabs\/flash\/swflash.cab#version=6,0,40,0\"><param name=\"src\" value=\"http:\/\/www.youtube.com\/v\/U5VYdaShvYE\" \/><embed type=\"application\/x-shockwave-flash\" width=\"600\" height=\"340\" src=\"http:\/\/www.youtube.com\/v\/U5VYdaShvYE\"><\/embed><\/object><\/p>\n<p style=\"text-align: justify;\"><object classid=\"clsid:d27cdb6e-ae6d-11cf-96b8-444553540000\" width=\"600\" height=\"340\" codebase=\"http:\/\/download.macromedia.com\/pub\/shockwave\/cabs\/flash\/swflash.cab#version=6,0,40,0\"><param name=\"src\" value=\"http:\/\/www.youtube.com\/v\/jRaTWel4iJc\" \/><embed type=\"application\/x-shockwave-flash\" width=\"600\" height=\"340\" src=\"http:\/\/www.youtube.com\/v\/jRaTWel4iJc\"><\/embed><\/object><\/p>\n<p style=\"text-align: justify;\"><object classid=\"clsid:d27cdb6e-ae6d-11cf-96b8-444553540000\" width=\"600\" height=\"340\" codebase=\"http:\/\/download.macromedia.com\/pub\/shockwave\/cabs\/flash\/swflash.cab#version=6,0,40,0\"><param name=\"src\" value=\"http:\/\/www.youtube.com\/v\/thvCyJ9f6dg\" \/><embed type=\"application\/x-shockwave-flash\" width=\"600\" height=\"340\" src=\"http:\/\/www.youtube.com\/v\/thvCyJ9f6dg\"><\/embed><\/object><\/p>\n<p style=\"text-align: justify;\"><object classid=\"clsid:d27cdb6e-ae6d-11cf-96b8-444553540000\" width=\"600\" height=\"340\" codebase=\"http:\/\/download.macromedia.com\/pub\/shockwave\/cabs\/flash\/swflash.cab#version=6,0,40,0\"><param name=\"src\" value=\"http:\/\/www.youtube.com\/v\/HD6LTOjDyxo\" \/><embed type=\"application\/x-shockwave-flash\" width=\"600\" height=\"340\" src=\"http:\/\/www.youtube.com\/v\/HD6LTOjDyxo\"><\/embed><\/object><\/p>\n<p style=\"text-align: justify;\"><strong>Leia tamb\u00e9m<\/strong><br \/>\n&#8211; Wander Wildner: \u201cO Brasil \u00e9 uma merda e a m\u00fasica \u00e9 reflexo do Pa\u00eds\u201d, por Murilo Basso (<a href=\"..\/2011\/02\/13\/entrevista-wander-wildner\/\">aqui<\/a>)<br \/>\n&#8211; Quatro v\u00eddeos de Wander Wildner ao vivo em S\u00e3o Paulo, 2011 (<a href=\"https:\/\/screamyell.com.br\/blog\/2011\/01\/09\/quatro-videos-de-wander-wildner-em-sp\/\">aqui<\/a>)<br \/>\n&#8211; Entrevistas com Wander Wildner: 2001 (<a href=\"http:\/\/www.screamyell.com.br\/musica\/replicantes.html\" target=\"_blank\" rel=\"noopener\">aqui<\/a>), 2004 (<a href=\"http:\/\/www.screamyell.com.br\/musicadois\/entrevista_wander_wildner.html\" target=\"_blank\" rel=\"noopener\">aqui<\/a>), 2006 (<a href=\"http:\/\/www.screamyell.com.br\/musicadois\/wander_entrevista2006.htm\" target=\"_blank\" rel=\"noopener\">aqui<\/a>), por Marcelo Costa<\/p>\n","protected":false},"excerpt":{"rendered":"por Marcelo Costa\nPara a estreia de seu site novo, Wander Wildner liberou todos os seus discos para download. Conhe\u00e7a cada um dos \u00e1lbuns\n<a class=\"moretag\" href=\"https:\/\/screamyell.com.br\/site\/2012\/04\/06\/discografia-comentada-wander-wildner\/\"> [...]<\/a>","protected":false},"author":2,"featured_media":0,"comment_status":"open","ping_status":"open","sticky":false,"template":"","format":"standard","meta":[],"categories":[3],"tags":[213],"_links":{"self":[{"href":"https:\/\/screamyell.com.br\/site\/wp-json\/wp\/v2\/posts\/13644"}],"collection":[{"href":"https:\/\/screamyell.com.br\/site\/wp-json\/wp\/v2\/posts"}],"about":[{"href":"https:\/\/screamyell.com.br\/site\/wp-json\/wp\/v2\/types\/post"}],"author":[{"embeddable":true,"href":"https:\/\/screamyell.com.br\/site\/wp-json\/wp\/v2\/users\/2"}],"replies":[{"embeddable":true,"href":"https:\/\/screamyell.com.br\/site\/wp-json\/wp\/v2\/comments?post=13644"}],"version-history":[{"count":26,"href":"https:\/\/screamyell.com.br\/site\/wp-json\/wp\/v2\/posts\/13644\/revisions"}],"predecessor-version":[{"id":71883,"href":"https:\/\/screamyell.com.br\/site\/wp-json\/wp\/v2\/posts\/13644\/revisions\/71883"}],"wp:attachment":[{"href":"https:\/\/screamyell.com.br\/site\/wp-json\/wp\/v2\/media?parent=13644"}],"wp:term":[{"taxonomy":"category","embeddable":true,"href":"https:\/\/screamyell.com.br\/site\/wp-json\/wp\/v2\/categories?post=13644"},{"taxonomy":"post_tag","embeddable":true,"href":"https:\/\/screamyell.com.br\/site\/wp-json\/wp\/v2\/tags?post=13644"}],"curies":[{"name":"wp","href":"https:\/\/api.w.org\/{rel}","templated":true}]}}