{"id":10271,"date":"2011-10-26T07:56:55","date_gmt":"2011-10-26T09:56:55","guid":{"rendered":"https:\/\/screamyell.com.br\/site\/?p=10271"},"modified":"2023-03-28T23:31:20","modified_gmt":"2023-03-29T02:31:20","slug":"entrevista-kiko-dinucci","status":"publish","type":"post","link":"https:\/\/screamyell.com.br\/site\/2011\/10\/26\/entrevista-kiko-dinucci\/","title":{"rendered":"Entrevista: Kiko Dinucci"},"content":{"rendered":"<p style=\"text-align: center;\"><a href=\"http:\/\/www.flickr.com\/photos\/arielmartini\/3399211262\/\" target=\"_blank\" rel=\"noopener\"><img decoding=\"async\" class=\"aligncenter size-full wp-image-10276\" title=\"kiko2\" src=\"https:\/\/screamyell.com.br\/site\/wp-content\/uploads\/2011\/10\/kiko2.jpg\" alt=\"\" \/><\/a><\/p>\n<p style=\"text-align: center;\"><strong>Texto por <a href=\"http:\/\/twitter.com\/#!\/paulofavari\" target=\"_blank\" rel=\"noopener\">Paulo F\u00e1vari<\/a><br \/>\nFoto por <a href=\"http:\/\/arielmartini.com\/\" target=\"_blank\" rel=\"noopener\">Ariel Martini<\/a><\/strong><\/p>\n<p style=\"text-align: justify;\">A m\u00fasica de Kiko Dinucci \u00e9 marcada pela narratividade. Quase sempre o que se ouve \u00e9 uma hist\u00f3ria dessas que acontecem a torto e direito nas ruas paulistanas \u2013 com um toque de humor que lembra muito Adoniran Barbosa. Al\u00e9m do samba, igualmente marcantes na m\u00fasica de Kiko s\u00e3o os ritmos africanos, os arranjos em simbiose com as m\u00fasicas e a cr\u00edtica que elas trazem. Por vezes seu som remete a Tom Z\u00e9; em outras \u00e9 imposs\u00edvel n\u00e3o associar a Itamar Assump\u00e7\u00e3o. \u201cEu tenho uma liga\u00e7\u00e3o com o samba, mas pode ser tudo\u201d, Kiko se define \u2013 ou confunde.<\/p>\n<p style=\"text-align: justify;\">Na esteira dessa salada musical, Kiko vai tran\u00e7ando suas parcerias. Com Ju\u00e7ara Mar\u00e7al gravou \u201cPad\u00ea\u201d (2009). A dupla virou trinca este ano, com a entrada de Thiago Fran\u00e7a para dar vida ao \u201cMet\u00e1 Met\u00e1\u201d \u2013 que em l\u00edngua ioruba significa tr\u00eas ao mesmo tempo. Em outra dupla, desta vez com Douglas Germano, produziu o Duo Moviola e seu at\u00e9 agora \u00fanico \u00e1lbum: \u201cRetrato do Artista Quando Pede\u201d (2009), que traz em faixa hom\u00f4nima um manifesto bem humorado sobre a cultura em S\u00e3o Paulo. Bando AfroMacarr\u00f4nico, com dois \u00e1lbuns, e \u201cNa Boca dos Outros\u201d (2010), colet\u00e2nea feita com diversos int\u00e9rpretes, fecham a produ\u00e7\u00e3o de Kiko at\u00e9 aqui.<\/p>\n<p style=\"text-align: justify;\">Muito para um artista ainda pouco conhecido? Pois ainda tem dois \u00e1lbuns saindo do forno. O sambista participa j\u00e1 h\u00e1 algum tempo da banda base de Romulo Fr\u00f3es, e agora os dois se juntaram a Rodrigo Campos e est\u00e1 previsto ainda para 2011 o lan\u00e7amento do primeiro \u00e1lbum do projeto Passo Torto [<a href=\"http:\/\/passotorto.com.br\/\" target=\"_blank\" rel=\"noopener\">http:\/\/passotorto.com.br\/<\/a>]. O outro \u00e1lbum que est\u00e1 na agulha \u00e9 o primeiro autoral de Kiko Dinucci, \u201cmas tamb\u00e9m n\u00e3o \u00e9 um disco normal, ent\u00e3o n\u00e3o vai adiantar muito (risos)\u201d. O disco est\u00e1 sendo composto e ter\u00e1 m\u00fasicas com letras de cerca de 140 caracteres sobre o cotidiano. Com voc\u00eas, o camal\u00eaonico Kiko Dinucci.<\/p>\n<p align=\"center\"><object classid=\"clsid:d27cdb6e-ae6d-11cf-96b8-444553540000\" width=\"600\" height=\"340\" codebase=\"http:\/\/download.macromedia.com\/pub\/shockwave\/cabs\/flash\/swflash.cab#version=6,0,40,0\"><param name=\"src\" value=\"http:\/\/www.youtube.com\/v\/2MMke9gzdDs\" \/><embed type=\"application\/x-shockwave-flash\" width=\"600\" height=\"340\" src=\"http:\/\/www.youtube.com\/v\/2MMke9gzdDs\"><\/embed><\/object><\/p>\n<p style=\"text-align: justify;\"><strong>Sua m\u00fasica \u00e9 marcada pela narrativa e pela cr\u00edtica, com influ\u00eancias de Adoniran Barbosa, Paulo Vanzolini, Itamar Assump\u00e7\u00e3o, entre outros. Mas como voc\u00ea definiria a sua m\u00fasica?<\/strong><br \/>\n\u00c9 um pouco de cada coisa: de m\u00fasica caipira, que eu ouvia quando era crian\u00e7a (por exemplo). Gosto muito de contar hist\u00f3rias de rua. Mas acho que, se for pra inventar um r\u00f3tulo, \u00e9 simplesmente m\u00fasica urbana de S\u00e3o Paulo. Por que urbana? Porque \u00e9 ligado \u00e0 rua. De S\u00e3o Paulo \u00e9 tudo, at\u00e9 no jeito que boto pra fora. Tenho uma liga\u00e7\u00e3o com o samba, mas pode ser tudo. A estrutura inicial da minha m\u00fasica \u00e9 o samba, mas posso fazer o que quiser com ele.<\/p>\n<p style=\"text-align: justify;\">Tem uma coisa tamb\u00e9m desses compositores de S\u00e3o Paulo, que ao contr\u00e1rio dos do Rio ou da Bahia, que falam da natureza, dos pontos da cidade, os de S\u00e3o Paulo falam mal, ficam criticando. O Adoniran n\u00e3o tem um samba que homenageia S\u00e3o Paulo. Pros compositores paulistanos \u00e9 sempre uma S\u00e3o Paulo que cresce com um monte de defeitos, com corti\u00e7os, sendo atropelada. Se for ver, S\u00e3o Paulo n\u00e3o tem um cart\u00e3o postal. Eu at\u00e9 brinco (risos), falo que se eu fizer um samba falando de um cart\u00e3o postal de S\u00e3o Paulo, eles demolem logo em seguida (risos). Eu comecei a sacar muito essa heran\u00e7a, que passou pra gera\u00e7\u00e3o dos anos 80, com Itamar Assump\u00e7ao, Luiz Tatit e [Arrigo] Barnab\u00e9.<\/p>\n<p align=\"center\"><object classid=\"clsid:d27cdb6e-ae6d-11cf-96b8-444553540000\" width=\"600\" height=\"340\" codebase=\"http:\/\/download.macromedia.com\/pub\/shockwave\/cabs\/flash\/swflash.cab#version=6,0,40,0\"><param name=\"src\" value=\"http:\/\/www.youtube.com\/v\/SaSxPFHwKU0\" \/><embed type=\"application\/x-shockwave-flash\" width=\"600\" height=\"340\" src=\"http:\/\/www.youtube.com\/v\/SaSxPFHwKU0\"><\/embed><\/object><\/p>\n<p style=\"text-align: justify;\"><strong>Como voc\u00ea faz parcerias?<\/strong><br \/>\nParceria n\u00e3o tem regra. \u00c9 m\u00fasica de todo jeito. \u00c0s vezes fa\u00e7o a letra e o parceiro musica, as vezes \u00e9 o contr\u00e1rio. \u00c0s vezes fa\u00e7o uma parte da letra e da m\u00fasica e depois a parceria faz o resto. N\u00e3o consigo compor s\u00f3 de um jeito. Essa coisa da cria\u00e7\u00e3o \u00e9 um tro\u00e7o cheio de incerteza. Rola uns momentos de crise at\u00e9 em que fico meio desesperado, mas depois v\u00eam algumas m\u00fasicas. Mas fora a parceria de compor tem a parceria de tocar muito com os outros. Estou sempre tocando com pessoas muito diferentes. Esse m\u00eas vamos lan\u00e7ar Passo Torto, que \u00e9 um \u00e1lbum com o Romulo Fr\u00f3es, o Rodrigo Campos e eu. A gente j\u00e1 toca h\u00e1 algum tempo, (at\u00e9) fizemos alguns shows. O Fr\u00f3es est\u00e1 gravando um disco novo em que toco na banda dele, ele toca cavaquinho no meu disco. \u00c9 essa coisa. Parceria nasce muito com a amizade. \u00c9 sempre com quem estou andando mais.<\/p>\n<p style=\"text-align: justify;\"><strong>Nos seus outros \u00e1lbuns voc\u00ea mais toca que canta. Por que? Voc\u00ea prefere compor a cantar?<\/strong><br \/>\nIsso \u00e9 mais uma coisa de parceria com a Ju\u00e7ara Mar\u00e7al, com ela fico mais confort\u00e1vel. Mas no Na Boca dos Outros foi quase que uma regra [outros cantarem]. \u00c0s vezes o compositor tem vontade de ver os outros cantando suas m\u00fasicas, mas at\u00e9 esperar acharem e cantar&#8230; ent\u00e3o pensei: vou fazer um disco e eu mesmo chamo. \u201cCortes Curtos\u201d vai ser meu disco de cantor, mas tamb\u00e9m n\u00e3o \u00e9 um disco normal, ent\u00e3o n\u00e3o vai adiantar muito (risos). Vai ser bem esquisito at\u00e9 porque n\u00e3o tenho certeza se \u00e9 can\u00e7\u00e3o uma m\u00fasica com uma frase, que diabo \u00e9 aquilo. O mercado tem muito disso: voc\u00ea tem de cantar e sua cara tem de estar na capa. Eu n\u00e3o penso muito isso n\u00e3o.<\/p>\n<p align=\"center\"><object classid=\"clsid:d27cdb6e-ae6d-11cf-96b8-444553540000\" width=\"600\" height=\"340\" codebase=\"http:\/\/download.macromedia.com\/pub\/shockwave\/cabs\/flash\/swflash.cab#version=6,0,40,0\"><param name=\"src\" value=\"http:\/\/www.youtube.com\/v\/OxM36-siOac\" \/><embed type=\"application\/x-shockwave-flash\" width=\"600\" height=\"340\" src=\"http:\/\/www.youtube.com\/v\/OxM36-siOac\"><\/embed><\/object><\/p>\n<p style=\"text-align: justify;\"><strong>Como surgiu a ideia pro Cortes Curtos e quando ele ser\u00e1 lan\u00e7ado?<\/strong><br \/>\nVai ser lan\u00e7ado ano que vem. Ainda estou compondo, estou pensando ele. Vai ser bem interessante. Vai ter uma bateria de lata, um baixo ac\u00fastico e viol\u00e3o. S\u00e3o hist\u00f3rias contempor\u00e2neas da cidade. Por exemplo, tem uma m\u00fasica que discute o machismo no meio gay, de uma frase que ouvi de uma l\u00e9sbica falando com outra mulher de um jeito muito machista. Teve tamb\u00e9m uma briga no supermercado Extra que assisti. Era um cara maltratando uma mulher porque ela era nordestina e ela maltratando ele porque era gay. E foi bem na \u00e9poca dos ataques a gays na (Avenida) Paulista, daquela coisa de ataques a nordestinos por skinheads tamb\u00e9m. \u00c9 um reflexo do momento. Tem v\u00e1rias coisas que passam batido no nosso cotidiano. Um samba que fala da hora do almo\u00e7o. N\u00e3o sei se voc\u00ea j\u00e1 reparou, mas as pessoas quando est\u00e3o no trabalho e v\u00e3o almo\u00e7ar, v\u00e3o em grupo. Quando saem, saem bem devagarinho, ocupando a cal\u00e7ada inteira. Esse samba conta a hist\u00f3ria de um cara que n\u00e3o comeu ainda e sai atropelando todo mundo. Talvez o Adoniran escrevesse sobre isso.<\/p>\n<p style=\"text-align: justify;\"><span style=\"color: #000000;\"><strong>E como funciona o aplicativo Bagagem?<\/strong><\/span><\/p>\n<p style=\"text-align: justify;\">A gente ia lan\u00e7ar o disco na internet \u2013 todos os meus discos est\u00e3o na internet, eu autorizei. Mas \u00e0s vezes voc\u00ea v\u00ea que o disco vem sem encarte, sem ficha t\u00e9cnica, coisa que o disco f\u00edsico teria. Ent\u00e3o o pessoal da banda Axial lan\u00e7ou esse programa que \u00e9 bem leve, coisa de um mega, menos que uma m\u00fasica. Voc\u00ea o instala no computador e tem os \u00e1lbuns para ouvir. Quando voc\u00ea clica, vai aparecer um player normal com um quadradinho com a imagem \u2013 a gente mandou artistas fazerem uma imagem para cada m\u00fasica. O programa busca essas imagens, o conte\u00fado de \u00e1udio, ficha t\u00e9cnica, fotos da internet e se voc\u00ea quiser joga numa pasta no computador. Pra gente foi legal porque \u00e9 um diferencial lan\u00e7ar o disco no meio digital. A ideia \u00e9 tamb\u00e9m dar prefer\u00eancia aos blogs, ao mundo virtual. N\u00f3s s\u00f3 mandamos fazer o CD [do \u201cMeta Met\u00e1\u201d] agora, cinco meses depois, no show de lan\u00e7amento. Isso mostra que voc\u00ea n\u00e3o precisa mais mandar um CD para a f\u00e1brica para existir. Pros blogs \u00e9 um prato cheio. N\u00f3s mandamos o material para eles: release, m\u00fasicas, encarte&#8230; \u00c9 muito mais honesto porque o cara do blog escreve porque est\u00e1 muito a fim. Eles come\u00e7am a fazer barulho pela blogosfera e acaba chegando na m\u00eddia tradicional. Antigamente, o \u00e1lbum mais conhecido era o do AfroMacarr\u00f4nico (\u201cPastiche Nag\u00f4\u201d, 2010), mas o \u201cMeta Met\u00e1\u201d foi o que teve mais repercuss\u00e3o. Foram mais de 30 mil downloads desde maio. Se eu fosse fabricar, n\u00e3o ia conseguir vender. Eu ia ficar com um monte de caixas aqui em casa, n\u00e3o ia conseguir me livrar deles nem se eu sa\u00edsse distribuindo pelas ruas.<\/p>\n<p align=\"center\"><object classid=\"clsid:d27cdb6e-ae6d-11cf-96b8-444553540000\" width=\"600\" height=\"340\" codebase=\"http:\/\/download.macromedia.com\/pub\/shockwave\/cabs\/flash\/swflash.cab#version=6,0,40,0\"><param name=\"src\" value=\"http:\/\/www.youtube.com\/v\/fz4GfEW3hyQ\" \/><embed type=\"application\/x-shockwave-flash\" width=\"600\" height=\"340\" src=\"http:\/\/www.youtube.com\/v\/fz4GfEW3hyQ\"><\/embed><\/object><\/p>\n<p>V\u00eddeos<br \/>\n1 &#8211; &#8220;Rainha das Cabe\u00e7as&#8221; &#8211; Kiko Danucci com Thiago Fran\u00e7a e Maur\u00edcio Takara<br \/>\n2 &#8211; &#8220;Sambauba&#8221; &#8211; Kiko Danucci com DJ Makoto e Lurdez da Luz<br \/>\n3 &#8211; &#8220;Mari\u00f4&#8221; &#8211; Kiko Dinucci com Criolo, DJ Marco, Laura Lavieri, Antonio Loureiro e Jo\u00e3o Taubkin<br \/>\n4 &#8211; Programa Pelas Tabelas &#8211; Kiko Dinucci e Rodrigo Campos<\/p>\n<p>******<\/p>\n<p style=\"text-align: justify;\">&#8211; Paulo F\u00e1vari (siga <a href=\"http:\/\/twitter.com\/#!\/paulofavari\" target=\"_blank\" rel=\"noopener\">@PauloFavari<\/a>) \u00e9 estudante de Jornalismo pela Escola de Comunica\u00e7\u00f5es e Artes da USP e assina o blog <a href=\"http:\/\/paulofavari.wordpress.com\/\" target=\"_blank\" rel=\"noopener\">Meu Copo de Caf\u00e9<\/a><\/p>\n","protected":false},"excerpt":{"rendered":"por Paulo F\u00e1vari\n&#8220;Eu tenho uma liga\u00e7\u00e3o com o samba, mas pode ser tudo&#8221;, Kiko se define \u2013 ou confunde \u2013 em entrevista ao Scream &#038; Yell\n<a class=\"moretag\" href=\"https:\/\/screamyell.com.br\/site\/2011\/10\/26\/entrevista-kiko-dinucci\/\"> [...]<\/a>","protected":false},"author":1,"featured_media":0,"comment_status":"open","ping_status":"open","sticky":false,"template":"","format":"standard","meta":[],"categories":[3],"tags":[],"_links":{"self":[{"href":"https:\/\/screamyell.com.br\/site\/wp-json\/wp\/v2\/posts\/10271"}],"collection":[{"href":"https:\/\/screamyell.com.br\/site\/wp-json\/wp\/v2\/posts"}],"about":[{"href":"https:\/\/screamyell.com.br\/site\/wp-json\/wp\/v2\/types\/post"}],"author":[{"embeddable":true,"href":"https:\/\/screamyell.com.br\/site\/wp-json\/wp\/v2\/users\/1"}],"replies":[{"embeddable":true,"href":"https:\/\/screamyell.com.br\/site\/wp-json\/wp\/v2\/comments?post=10271"}],"version-history":[{"count":12,"href":"https:\/\/screamyell.com.br\/site\/wp-json\/wp\/v2\/posts\/10271\/revisions"}],"predecessor-version":[{"id":73534,"href":"https:\/\/screamyell.com.br\/site\/wp-json\/wp\/v2\/posts\/10271\/revisions\/73534"}],"wp:attachment":[{"href":"https:\/\/screamyell.com.br\/site\/wp-json\/wp\/v2\/media?parent=10271"}],"wp:term":[{"taxonomy":"category","embeddable":true,"href":"https:\/\/screamyell.com.br\/site\/wp-json\/wp\/v2\/categories?post=10271"},{"taxonomy":"post_tag","embeddable":true,"href":"https:\/\/screamyell.com.br\/site\/wp-json\/wp\/v2\/tags?post=10271"}],"curies":[{"name":"wp","href":"https:\/\/api.w.org\/{rel}","templated":true}]}}